{"id":179948,"date":"2025-06-16T04:25:09","date_gmt":"2025-06-16T04:25:09","guid":{"rendered":"https:\/\/www.europesays.com\/fr\/179948\/"},"modified":"2025-06-16T04:25:09","modified_gmt":"2025-06-16T04:25:09","slug":"toulouse-cette-chaine-de-mobilier-dinterieur-qui-table-entre-luxe-et-design-arrive-dans-le-centre-ville","status":"publish","type":"post","link":"https:\/\/www.europesays.com\/fr\/179948\/","title":{"rendered":"Toulouse. Cette cha\u00eene de mobilier d&rsquo;int\u00e9rieur qui table entre luxe et design arrive dans le centre-ville"},"content":{"rendered":"<p>            Par<br \/>\n        <strong><br \/>\n            <a href=\"https:\/\/actu.fr\/auteur\/ancelin-emeryhenriot\" title=\"Consulter tous les articles de Ancelin Emery-Henriot\" target=\"_blank\" rel=\"noopener\">Ancelin Emery-Henriot<\/a><br \/>\n        <\/strong><\/p>\n<p>        Publi\u00e9 le<\/p>\n<p>            16 juin 2025 \u00e0 6h04        <\/p>\n<p>C\u2019est un petit bout de <strong>Scandinavie<\/strong> qui a pos\u00e9 ses valises \u00e0 <a href=\"https:\/\/actu.fr\/toulouse\/\" target=\"_blank\" rel=\"noopener\">Toulouse<\/a>. Et cette fois-ci il n\u2019est pas bleu et jaune. <strong>Bolia<\/strong>, marque danoise de mobilier d\u2019int\u00e9rieur, a ouvert les portes de son nouveau magasin dans la Ville rose, son <strong>13e<\/strong> dans l\u2019Hexagone. Ce qu\u2019on va y trouver.<\/p>\n<p>Luxe et design<\/p>\n<p class=\" wall-content\">Et c\u2019est le quartier Saint-Etienne qui l\u2019a vu ouvrir ce jeudi 12 juin 2025. Fond\u00e9 en 2000, la marque souhaite incarner une version luxueuse et design de <strong>l\u2019am\u00e9nagement d\u2019int\u00e9rieur<\/strong>. Elle d\u00e9crit elle-m\u00eame sa direction artistique comme \u00ab\u2009port\u00e9e sur les d\u00e9tails et une recherche constante <strong>d\u2019harmonie<\/strong> entre esth\u00e9tique et fonctionnalit\u00e9.\u2009\u00bb<\/p>\n<p class=\" wall-content\">Une ligne qui leur a permis de se d\u00e9velopper <strong>\u00e0 l\u2019international<\/strong>. 97 magasins ont vu le jour durant les 25\u00a0ans d\u2019existence de Bolia. L\u2019entreprise est pr\u00e9sente dans plus de <strong>30 pays<\/strong> tout autour du globe, principalement en Europe, mais aussi \u00e0 Singapour ou en Australie.<\/p>\n<p>Ouverture rue Croix-Baragnon<\/p>\n<p class=\" wall-content\">L\u2019enseigne a ouvert au 39 rue <strong>Croix Baragnon<\/strong>. \u00ab\u2009Cette art\u00e8re embl\u00e9matique, pris\u00e9e pour ses boutiques de luxe, ses galeries d\u2019art et ses restaurants raffin\u00e9s, offre un <strong>cadre id\u00e9al<\/strong> pour accueillir notre univers\u2009\u00bb, a-t-elle confi\u00e9. C\u2019est un magasin de 280 m2 sur\u00a0 trois \u00e9tages qui y est n\u00e9. Elle d\u00e9tail que chaque \u00e9tage incarnera une \u00ab\u2009<strong>source d\u2019inspiration<\/strong>\u2009\u00bb distincte. De quoi plonger pleinement dans l\u2019ambiance apaisante du mobilier scandinave.<\/p>\n<p><strong>Infos Pratiques<\/strong><br \/>Bolia, 39 rue Croix Baragnon \u00e0 Toulouse<\/p>\n<p class=\" wall-content\">Suivez toute l\u2019actualit\u00e9 de vos villes et m\u00e9dias favoris en vous inscrivant \u00e0 <a href=\"https:\/\/moncompte.actu.fr\" title=\"D\u00e9couvez Mon Actu\" rel=\"nofollow noopener\" data-trk=\"{&quot;cta&quot;:{&quot;action&quot;:&quot;https:\\\/\\\/moncompte.actu.fr&quot;,&quot;category&quot;:&quot;mon compte&quot;,&quot;from&quot;:&quot;article footer&quot;,&quot;name&quot;:&quot;Mon actu&quot;,&quot;type&quot;:&quot;cta&quot;}}\" target=\"_blank\">Mon Actu<\/a>.<\/p>\n<ul class=\"ac-article-tag wall-content\">\n<li><a href=\"https:\/\/actu.fr\/tag\/commerce\" data-trk=\"{&quot;cta&quot;:{&quot;action&quot;:&quot;Commerce&quot;,&quot;category&quot;:&quot;tag&quot;,&quot;from&quot;:&quot;article footer&quot;,&quot;name&quot;:&quot;Commerce&quot;,&quot;type&quot;:&quot;cta&quot;}}\" target=\"_blank\" rel=\"noopener\">#Commerce<\/a><\/li>\n<li><a href=\"https:\/\/actu.fr\/tag\/nouveaux-commerces-a-toulouse\" data-trk=\"{&quot;cta&quot;:{&quot;action&quot;:&quot;Nouveaux commerces \\u00e0 Toulouse&quot;,&quot;category&quot;:&quot;tag&quot;,&quot;from&quot;:&quot;article footer&quot;,&quot;name&quot;:&quot;Nouveaux commerces \\u00e0 Toulouse&quot;,&quot;type&quot;:&quot;cta&quot;}}\" target=\"_blank\" rel=\"noopener\">#Nouveaux commerces \u00e0 Toulouse<\/a><\/li>\n<\/ul>\n","protected":false},"excerpt":{"rendered":"Par Ancelin Emery-Henriot Publi\u00e9 le 16 juin 2025 \u00e0 6h04 C\u2019est un petit bout de Scandinavie qui a&hellip;\n","protected":false},"author":2,"featured_media":179949,"comment_status":"","ping_status":"","sticky":false,"template":"","format":"standard","meta":{"footnotes":""},"categories":[2816],"tags":[1111,11,215,33,1777,674,1011,27,12,2849,2680,25,2312],"class_list":{"0":"post-179948","1":"post","2":"type-post","3":"status-publish","4":"format-standard","5":"has-post-thumbnail","7":"category-toulouse","8":"tag-actu","9":"tag-actualites","10":"tag-commerce","11":"tag-economie","12":"tag-eu","13":"tag-europe","14":"tag-fr","15":"tag-france","16":"tag-news","17":"tag-nouveaux-commerces-a-toulouse","18":"tag-occitanie","19":"tag-republique-francaise","20":"tag-toulouse"},"share_on_mastodon":{"url":"https:\/\/pubeurope.com\/@fr\/114691147281212541","error":""},"_links":{"self":[{"href":"https:\/\/www.europesays.com\/fr\/wp-json\/wp\/v2\/posts\/179948","targetHints":{"allow":["GET"]}}],"collection":[{"href":"https:\/\/www.europesays.com\/fr\/wp-json\/wp\/v2\/posts"}],"about":[{"href":"https:\/\/www.europesays.com\/fr\/wp-json\/wp\/v2\/types\/post"}],"author":[{"embeddable":true,"href":"https:\/\/www.europesays.com\/fr\/wp-json\/wp\/v2\/users\/2"}],"replies":[{"embeddable":true,"href":"https:\/\/www.europesays.com\/fr\/wp-json\/wp\/v2\/comments?post=179948"}],"version-history":[{"count":0,"href":"https:\/\/www.europesays.com\/fr\/wp-json\/wp\/v2\/posts\/179948\/revisions"}],"wp:featuredmedia":[{"embeddable":true,"href":"https:\/\/www.europesays.com\/fr\/wp-json\/wp\/v2\/media\/179949"}],"wp:attachment":[{"href":"https:\/\/www.europesays.com\/fr\/wp-json\/wp\/v2\/media?parent=179948"}],"wp:term":[{"taxonomy":"category","embeddable":true,"href":"https:\/\/www.europesays.com\/fr\/wp-json\/wp\/v2\/categories?post=179948"},{"taxonomy":"post_tag","embeddable":true,"href":"https:\/\/www.europesays.com\/fr\/wp-json\/wp\/v2\/tags?post=179948"}],"curies":[{"name":"wp","href":"https:\/\/api.w.org\/{rel}","templated":true}]}}