{"id":179952,"date":"2025-06-16T04:28:08","date_gmt":"2025-06-16T04:28:08","guid":{"rendered":"https:\/\/www.europesays.com\/fr\/179952\/"},"modified":"2025-06-16T04:28:08","modified_gmt":"2025-06-16T04:28:08","slug":"meteo-a-lille-les-temperatures-vont-grimper-toute-la-semaine-attention-au-coup-de-chaud","status":"publish","type":"post","link":"https:\/\/www.europesays.com\/fr\/179952\/","title":{"rendered":"M\u00e9t\u00e9o \u00e0 Lille. Les temp\u00e9ratures vont grimper toute la semaine, attention au coup de chaud\u00a0!"},"content":{"rendered":"<p>            Par<br \/>\n        <strong><br \/>\n            <a href=\"https:\/\/actu.fr\/auteur\/hervine-mahaud\" title=\"Consulter tous les articles de Hervine Mahaud\" rel=\"nofollow noopener\" target=\"_blank\">Hervine Mahaud<\/a><br \/>\n        <\/strong><\/p>\n<p>        Publi\u00e9 le<\/p>\n<p>            16 juin 2025 \u00e0 6h16        <\/p>\n<p><b>L\u2019\u00e9t\u00e9 va s\u2019installer progressivement \u00e0 Lille<\/b>, tout au long de la semaine, du lundi 16 au dimanche 22 juin 2025. En plus d\u2019un <b>ciel tr\u00e8s bleu<\/b>\u00a0et rarement nuageux, le mercure va monter petit \u00e0 petit jusqu\u2019\u00e0 un <b>pic de chaleur attendu pour le samedi 21 juin<\/b>, jour de la <a href=\"https:\/\/actu.fr\/hauts-de-france\/lille_59350\/concerts-open-mic-fanfares-quel-programme-a-lille-pour-la-fete-de-la-musique_62771993.html\" rel=\"nofollow noopener\" target=\"_blank\">f\u00eate de la musique<\/a> et du d\u00e9but de l\u2019\u00e9t\u00e9.<\/p>\n<p>Le mercure grimpe tout au long de la semaine<\/p>\n<p class=\" wall-content\">Selon les pr\u00e9visions des m\u00e9t\u00e9orologistes, <b>la semaine s\u2019annonce tr\u00e8s estivale<\/b> dans la m\u00e9tropole lilloise, avec <b>des temp\u00e9ratures en constante hausse<\/b>, avec une pointe \u00e0 31\u00b0C samedi.<\/p>\n<p class=\" wall-content\"><b>Lundi<\/b>, la semaine d\u00e9butera sous un <b>voile nuageux<\/b>, avec une temp\u00e9rature agr\u00e9able de <b>25\u202f\u00b0C<\/b> en journ\u00e9e. <b>Mardi<\/b>, le thermom\u00e8tre grimpera \u00e0 <b>27\u202f\u00b0C<\/b> sous un ciel un peu nuageux. <b> <\/b><b>Mercredi<\/b>, m\u00eame sc\u00e9nario que mardi : <b>27\u202f\u00b0C<\/b> et un ciel mi-soleil, mi-nuages.<\/p>\n<p class=\" wall-content\"><b>Jeudi<\/b>, la chaleur montera d\u2019un cran \u00e0 <b>28\u00b0C<\/b>, mais cette fois avec un grand soleil. <b>Vendredi, il fera toujours chaud <\/b>mais des nuages plus pr\u00e9sents pourront apporter parfois une petite fra\u00eecheur bienvenue.<\/p>\n<p class=\" wall-content\"><b>La journ\u00e9e de samedi pourrait \u00eatre la plus chaude de la semaine<\/b>, avec un <b>pic de chaleur \u00e0 31\u00b0C<\/b>. Attention au coup de chaud, surtout pendant la f\u00eate de la musique ! <b>N\u2019oubliez pas de vous hydrater et portez un chapeau pour vous prot\u00e9ger du soleil<\/b>.<\/p>\n<p>Vid\u00e9os : en ce moment sur Actu<\/p>\n<p class=\" wall-content\">Enfin <b>dimanche, la chaleur sera toujours pr\u00e9sente<\/b>. <b>Profitez de la fra\u00eecheur matinale pour a\u00e9rer<\/b> votre logement et faire descendre la temp\u00e9rature.\u00a0<\/p>\n<p class=\" wall-content\">Suivez toute l\u2019actualit\u00e9 de vos villes et m\u00e9dias favoris en vous inscrivant \u00e0 <a href=\"https:\/\/moncompte.actu.fr\" title=\"D\u00e9couvez Mon Actu\" rel=\"nofollow noopener\" data-trk=\"{&quot;cta&quot;:{&quot;action&quot;:&quot;https:\\\/\\\/moncompte.actu.fr&quot;,&quot;category&quot;:&quot;mon compte&quot;,&quot;from&quot;:&quot;article footer&quot;,&quot;name&quot;:&quot;Mon actu&quot;,&quot;type&quot;:&quot;cta&quot;}}\" target=\"_blank\">Mon Actu<\/a>.<\/p>\n","protected":false},"excerpt":{"rendered":"Par Hervine Mahaud Publi\u00e9 le 16 juin 2025 \u00e0 6h16 L\u2019\u00e9t\u00e9 va s\u2019installer progressivement \u00e0 Lille, tout au&hellip;\n","protected":false},"author":2,"featured_media":179953,"comment_status":"","ping_status":"","sticky":false,"template":"","format":"standard","meta":{"footnotes":""},"categories":[2815],"tags":[1111,11,1777,674,1011,27,811,1307,2357,12,25,104],"class_list":{"0":"post-179952","1":"post","2":"type-post","3":"status-publish","4":"format-standard","5":"has-post-thumbnail","7":"category-lille","8":"tag-actu","9":"tag-actualites","10":"tag-eu","11":"tag-europe","12":"tag-fr","13":"tag-france","14":"tag-hauts-de-france","15":"tag-lille","16":"tag-meteo-france","17":"tag-news","18":"tag-republique-francaise","19":"tag-societe"},"share_on_mastodon":{"url":"https:\/\/pubeurope.com\/@fr\/114691159112752731","error":""},"_links":{"self":[{"href":"https:\/\/www.europesays.com\/fr\/wp-json\/wp\/v2\/posts\/179952","targetHints":{"allow":["GET"]}}],"collection":[{"href":"https:\/\/www.europesays.com\/fr\/wp-json\/wp\/v2\/posts"}],"about":[{"href":"https:\/\/www.europesays.com\/fr\/wp-json\/wp\/v2\/types\/post"}],"author":[{"embeddable":true,"href":"https:\/\/www.europesays.com\/fr\/wp-json\/wp\/v2\/users\/2"}],"replies":[{"embeddable":true,"href":"https:\/\/www.europesays.com\/fr\/wp-json\/wp\/v2\/comments?post=179952"}],"version-history":[{"count":0,"href":"https:\/\/www.europesays.com\/fr\/wp-json\/wp\/v2\/posts\/179952\/revisions"}],"wp:featuredmedia":[{"embeddable":true,"href":"https:\/\/www.europesays.com\/fr\/wp-json\/wp\/v2\/media\/179953"}],"wp:attachment":[{"href":"https:\/\/www.europesays.com\/fr\/wp-json\/wp\/v2\/media?parent=179952"}],"wp:term":[{"taxonomy":"category","embeddable":true,"href":"https:\/\/www.europesays.com\/fr\/wp-json\/wp\/v2\/categories?post=179952"},{"taxonomy":"post_tag","embeddable":true,"href":"https:\/\/www.europesays.com\/fr\/wp-json\/wp\/v2\/tags?post=179952"}],"curies":[{"name":"wp","href":"https:\/\/api.w.org\/{rel}","templated":true}]}}