{"id":179958,"date":"2025-06-16T04:31:22","date_gmt":"2025-06-16T04:31:22","guid":{"rendered":"https:\/\/www.europesays.com\/fr\/179958\/"},"modified":"2025-06-16T04:31:22","modified_gmt":"2025-06-16T04:31:22","slug":"le-proces-aux-76-000-victimes-juge-a-lyon-pendant-deux-semaines","status":"publish","type":"post","link":"https:\/\/www.europesays.com\/fr\/179958\/","title":{"rendered":"le proc\u00e8s aux 76\u00a0000 victimes jug\u00e9 \u00e0 Lyon pendant deux semaines"},"content":{"rendered":"<p>49,85\u00a0euros. La somme peut para\u00eetre modique mais quand on la multiplie par 76\u00a0000 victimes potentielles, on mesure l\u2019\u00e9tendue de l\u2019arnaque.<\/p>\n<p>C\u2019est un proc\u00e8s d\u2019une ampleur exceptionnelle qui va s\u2019ouvrir lundi \u00e0 Lyon au tribunal correctionnel. Exceptionnelle par le nombre de parties civiles (lire ci-contre) et d\u2019avocats qui assisteront aux d\u00e9bats, par le pr\u00e9judice aussi : 1 600 000 euros.<\/p>\n<p>Un format XXL donc pour une affaire qui concerne les milliers de petites mains recrut\u00e9es par la soci\u00e9t\u00e9 <a href=\"https:\/\/www.adecco.fr\/a-propos-adecco\/\" target=\"_blank\" rel=\"nofollow noopener\">Adecco, premier r\u00e9seau d\u2019agences d\u2019emploi en France<\/a> , comme le vante son site. En 2022, des personnes ayant travaill\u00e9 en int\u00e9rim pour le groupe&#8230;<\/p>\n","protected":false},"excerpt":{"rendered":"49,85\u00a0euros. La somme peut para\u00eetre modique mais quand on la multiplie par 76\u00a0000 victimes potentielles, on mesure l\u2019\u00e9tendue&hellip;\n","protected":false},"author":2,"featured_media":179959,"comment_status":"","ping_status":"","sticky":false,"template":"","format":"standard","meta":{"footnotes":""},"categories":[1889],"tags":[1111,11,2430,271,272,2757,1777,674,274,107,1011,27,329,2428,2756,12,25,2429],"class_list":{"0":"post-179958","1":"post","2":"type-post","3":"status-publish","4":"format-standard","5":"has-post-thumbnail","7":"category-lyon","8":"tag-actu","9":"tag-actualites","10":"tag-auvergne-rhone-alpes","11":"tag-crime","12":"tag-delit-et-contravention","13":"tag-edition-lyon-villeurbanne","14":"tag-eu","15":"tag-europe","16":"tag-faits-divers-justice","17":"tag-fil-info","18":"tag-fr","19":"tag-france","20":"tag-france-monde","21":"tag-lyon","22":"tag-lyon-bassin","23":"tag-news","24":"tag-republique-francaise","25":"tag-rhone"},"share_on_mastodon":{"url":"https:\/\/pubeurope.com\/@fr\/114691170826145606","error":""},"_links":{"self":[{"href":"https:\/\/www.europesays.com\/fr\/wp-json\/wp\/v2\/posts\/179958","targetHints":{"allow":["GET"]}}],"collection":[{"href":"https:\/\/www.europesays.com\/fr\/wp-json\/wp\/v2\/posts"}],"about":[{"href":"https:\/\/www.europesays.com\/fr\/wp-json\/wp\/v2\/types\/post"}],"author":[{"embeddable":true,"href":"https:\/\/www.europesays.com\/fr\/wp-json\/wp\/v2\/users\/2"}],"replies":[{"embeddable":true,"href":"https:\/\/www.europesays.com\/fr\/wp-json\/wp\/v2\/comments?post=179958"}],"version-history":[{"count":0,"href":"https:\/\/www.europesays.com\/fr\/wp-json\/wp\/v2\/posts\/179958\/revisions"}],"wp:featuredmedia":[{"embeddable":true,"href":"https:\/\/www.europesays.com\/fr\/wp-json\/wp\/v2\/media\/179959"}],"wp:attachment":[{"href":"https:\/\/www.europesays.com\/fr\/wp-json\/wp\/v2\/media?parent=179958"}],"wp:term":[{"taxonomy":"category","embeddable":true,"href":"https:\/\/www.europesays.com\/fr\/wp-json\/wp\/v2\/categories?post=179958"},{"taxonomy":"post_tag","embeddable":true,"href":"https:\/\/www.europesays.com\/fr\/wp-json\/wp\/v2\/tags?post=179958"}],"curies":[{"name":"wp","href":"https:\/\/api.w.org\/{rel}","templated":true}]}}