{"id":179960,"date":"2025-06-16T04:32:22","date_gmt":"2025-06-16T04:32:22","guid":{"rendered":"https:\/\/www.europesays.com\/fr\/179960\/"},"modified":"2025-06-16T04:32:22","modified_gmt":"2025-06-16T04:32:22","slug":"le-proces-des-interimaires-pirates-dadecco-debute-a-lyon","status":"publish","type":"post","link":"https:\/\/www.europesays.com\/fr\/179960\/","title":{"rendered":"le proc\u00e8s des int\u00e9rimaires pirat\u00e9s d&rsquo;Adecco d\u00e9bute \u00e0 Lyon"},"content":{"rendered":"<p itemprop=\"description\"><strong>Au tribunal correctionnel de Lyon ce lundi s&rsquo;ouvre le proc\u00e8s des pirates d&rsquo;Adecco.<\/strong><\/p>\n<p>Le groupe bas\u00e9 \u00e0 Villeurbanne avait \u00e9t\u00e9, fin 2022, victime d&rsquo;un piratage informatique de grande ampleur. Des dizaines de milliers d&rsquo;int\u00e9rimaires \u00e9taient soudainement pr\u00e9lev\u00e9s de 49,85 euros. Une somme efficace puisqu&rsquo;en dessous du seuil des 50 euros qui d\u00e9clenche une alerte chez le client et sa banque.<\/p>\n<p>Un peu moins de la moiti\u00e9 des 76 000 victimes potentielles avaient subi le retrait au b\u00e9n\u00e9fice d&rsquo;une soci\u00e9t\u00e9 opaque, pour un pr\u00e9judice total d&rsquo;1,6 million d&rsquo;euros. Plus de 2400 personnes se sont constitu\u00e9es parties civiles.<\/p>\n<p>L&rsquo;enqu\u00eate avait permis de mettre la main sur les deux principaux protagonistes de l&rsquo;affaire : un stagiaire d&rsquo;Adecco \u00e0 Besan\u00e7on qui avait sympathis\u00e9 avec un jeune hacker originaire de Vichy, Timoth\u00e9 L.<\/p>\n<p>Le stagiaire, Th\u00e9o V., 19 ans au moment des faits, lui avait confi\u00e9, contre la promesse de 12 000 euros, son login et son mot de passe, lui permettant d&rsquo;entrer dans le r\u00e9seau d&rsquo;Adecco.<\/p>\n<p>Au total, seize personnes avaient \u00e9t\u00e9 mises en examen dans cette affaire. Elles seront quatorze \u00e0 \u00eatre jug\u00e9es d\u00e8s ce lundi, tandis que deux autres, mineurs au moment des faits, compara\u00eetront devant un tribunal pour enfant.<\/p>\n<p>Pour ces faits d&rsquo;escroquerie en bande organis\u00e9e, mais aussi abus de confiance et atteinte \u00e0 un syst\u00e8me de traitement automatis\u00e9 de donn\u00e9es commise en bande organis\u00e9e, ils risquent jusqu&rsquo;\u00e0 10 ans de prison.<\/p>\n<p>Le proc\u00e8s doit durer deux semaines.<\/p>\n","protected":false},"excerpt":{"rendered":"Au tribunal correctionnel de Lyon ce lundi s&rsquo;ouvre le proc\u00e8s des pirates d&rsquo;Adecco. Le groupe bas\u00e9 \u00e0 Villeurbanne&hellip;\n","protected":false},"author":2,"featured_media":179961,"comment_status":"","ping_status":"","sticky":false,"template":"","format":"standard","meta":{"footnotes":""},"categories":[1889],"tags":[1111,11,2813,2190,2430,1109,251,1112,2811,1777,674,118,1011,27,1922,1110,1114,2428,2810,12,241,316,25,2812,517,800],"class_list":{"0":"post-179960","1":"post","2":"type-post","3":"status-publish","4":"format-standard","5":"has-post-thumbnail","7":"category-lyon","8":"tag-actu","9":"tag-actualites","10":"tag-article","11":"tag-asvel","12":"tag-auvergne-rhone-alpes","13":"tag-breves","14":"tag-culture","15":"tag-depeches","16":"tag-economique","17":"tag-eu","18":"tag-europe","19":"tag-faits-divers","20":"tag-fr","21":"tag-france","22":"tag-info","23":"tag-informations","24":"tag-infos","25":"tag-lyon","26":"tag-lyonmag","27":"tag-news","28":"tag-ol","29":"tag-politique","30":"tag-republique-francaise","31":"tag-sociale","32":"tag-sport","33":"tag-transports"},"share_on_mastodon":{"url":"https:\/\/pubeurope.com\/@fr\/114691174849859409","error":""},"_links":{"self":[{"href":"https:\/\/www.europesays.com\/fr\/wp-json\/wp\/v2\/posts\/179960","targetHints":{"allow":["GET"]}}],"collection":[{"href":"https:\/\/www.europesays.com\/fr\/wp-json\/wp\/v2\/posts"}],"about":[{"href":"https:\/\/www.europesays.com\/fr\/wp-json\/wp\/v2\/types\/post"}],"author":[{"embeddable":true,"href":"https:\/\/www.europesays.com\/fr\/wp-json\/wp\/v2\/users\/2"}],"replies":[{"embeddable":true,"href":"https:\/\/www.europesays.com\/fr\/wp-json\/wp\/v2\/comments?post=179960"}],"version-history":[{"count":0,"href":"https:\/\/www.europesays.com\/fr\/wp-json\/wp\/v2\/posts\/179960\/revisions"}],"wp:featuredmedia":[{"embeddable":true,"href":"https:\/\/www.europesays.com\/fr\/wp-json\/wp\/v2\/media\/179961"}],"wp:attachment":[{"href":"https:\/\/www.europesays.com\/fr\/wp-json\/wp\/v2\/media?parent=179960"}],"wp:term":[{"taxonomy":"category","embeddable":true,"href":"https:\/\/www.europesays.com\/fr\/wp-json\/wp\/v2\/categories?post=179960"},{"taxonomy":"post_tag","embeddable":true,"href":"https:\/\/www.europesays.com\/fr\/wp-json\/wp\/v2\/tags?post=179960"}],"curies":[{"name":"wp","href":"https:\/\/api.w.org\/{rel}","templated":true}]}}