{"id":179964,"date":"2025-06-16T04:34:09","date_gmt":"2025-06-16T04:34:09","guid":{"rendered":"https:\/\/www.europesays.com\/fr\/179964\/"},"modified":"2025-06-16T04:34:09","modified_gmt":"2025-06-16T04:34:09","slug":"ile-de-france-quelle-est-la-quantite-des-polluants-eternels-pfas-dans-leau-de-votre-robinet","status":"publish","type":"post","link":"https:\/\/www.europesays.com\/fr\/179964\/","title":{"rendered":"\u00cele-de-France\u00a0: quelle est la quantit\u00e9 des polluants \u00e9ternels PFAS dans l\u2019eau de votre robinet\u00a0?"},"content":{"rendered":"<p class=\"paragraph text_align_left\">Y a-t-il, oui ou non, des<a href=\"https:\/\/www.leparisien.fr\/environnement\/polluants-eternels-les-reponses-aux-10-questions-que-vous-vous-posez-sur-les-pfas-20-02-2025-X3S2NRWMSRHSVIKROP2RMVDN7I.php\" target=\"_self\" rel=\"noopener\"> PFAS<\/a> dans l\u2019eau de votre robinet ? Jusque-l\u00e0, c\u2019\u00e9tait un myst\u00e8re. La loi int\u00e9grant le suivi de 20 mol\u00e9cules de cette famille de \u00ab polluants \u00e9ternels \u00bb, dans le contr\u00f4le sanitaire de l\u2019eau potable, n\u2019entrera en vigueur qu\u2019au 1er janvier 2026. <\/p>\n<p class=\"paragraph text_align_left\">Mais en f\u00e9vrier dernier, la Direction g\u00e9n\u00e9rale de la sant\u00e9 a donn\u00e9 pour consigne d\u2019acc\u00e9l\u00e9rer la mise en \u0153uvre du suivi des PFAS \u00ab afin d\u2019identifier et de r\u00e9sorber au plus vite les situations de non-conformit\u00e9 \u00bb. Ces substances, dangereuses pour l\u2019homme, peuvent entra\u00eener la diminution de la r\u00e9ponse immunitaire \u00e0 la vaccination, la hausse du cholest\u00e9rol ou l\u2019augmentation du risque de cancer du rein.<\/p>\n","protected":false},"excerpt":{"rendered":"Y a-t-il, oui ou non, des PFAS dans l\u2019eau de votre robinet ? Jusque-l\u00e0, c\u2019\u00e9tait un myst\u00e8re. La&hellip;\n","protected":false},"author":2,"featured_media":179965,"comment_status":"","ping_status":"","sticky":false,"template":"","format":"standard","meta":{"footnotes":""},"categories":[1592],"tags":[1111,11,1777,674,1011,27,3746,662,1944,12,626,25,6601],"class_list":{"0":"post-179964","1":"post","2":"type-post","3":"status-publish","4":"format-standard","5":"has-post-thumbnail","7":"category-ile-de-france","8":"tag-actu","9":"tag-actualites","10":"tag-eu","11":"tag-europe","12":"tag-fr","13":"tag-france","14":"tag-futurs","15":"tag-ile-de-france","16":"tag-ma-ville","17":"tag-news","18":"tag-paris","19":"tag-republique-francaise","20":"tag-val-d-oise"},"share_on_mastodon":{"url":"https:\/\/pubeurope.com\/@fr\/114691182720050387","error":""},"_links":{"self":[{"href":"https:\/\/www.europesays.com\/fr\/wp-json\/wp\/v2\/posts\/179964","targetHints":{"allow":["GET"]}}],"collection":[{"href":"https:\/\/www.europesays.com\/fr\/wp-json\/wp\/v2\/posts"}],"about":[{"href":"https:\/\/www.europesays.com\/fr\/wp-json\/wp\/v2\/types\/post"}],"author":[{"embeddable":true,"href":"https:\/\/www.europesays.com\/fr\/wp-json\/wp\/v2\/users\/2"}],"replies":[{"embeddable":true,"href":"https:\/\/www.europesays.com\/fr\/wp-json\/wp\/v2\/comments?post=179964"}],"version-history":[{"count":0,"href":"https:\/\/www.europesays.com\/fr\/wp-json\/wp\/v2\/posts\/179964\/revisions"}],"wp:featuredmedia":[{"embeddable":true,"href":"https:\/\/www.europesays.com\/fr\/wp-json\/wp\/v2\/media\/179965"}],"wp:attachment":[{"href":"https:\/\/www.europesays.com\/fr\/wp-json\/wp\/v2\/media?parent=179964"}],"wp:term":[{"taxonomy":"category","embeddable":true,"href":"https:\/\/www.europesays.com\/fr\/wp-json\/wp\/v2\/categories?post=179964"},{"taxonomy":"post_tag","embeddable":true,"href":"https:\/\/www.europesays.com\/fr\/wp-json\/wp\/v2\/tags?post=179964"}],"curies":[{"name":"wp","href":"https:\/\/api.w.org\/{rel}","templated":true}]}}