{"id":179972,"date":"2025-06-16T04:38:08","date_gmt":"2025-06-16T04:38:08","guid":{"rendered":"https:\/\/www.europesays.com\/fr\/179972\/"},"modified":"2025-06-16T04:38:08","modified_gmt":"2025-06-16T04:38:08","slug":"les-valeurs-a-suivre-a-paris-et-en-europe-16-06-2025-a-0600","status":"publish","type":"post","link":"https:\/\/www.europesays.com\/fr\/179972\/","title":{"rendered":"Les valeurs \u00e0 suivre \u00e0 Paris et en Europe &#8211; 16\/06\/2025 \u00e0 06:00"},"content":{"rendered":"<p>\n *\n<\/p>\n<p>\n Variation des futures sur indice CAC 40  0#FCE:\n<\/p>\n<p>\n *\n<\/p>\n<p>\n Variation des futures sur indice Stoxx 600  0#FXXP:\n<\/p>\n<p>\n *\n<\/p>\n<p>\n Valeurs qui se traitent ex-dividende  .EX.PA\n<\/p>\n<p>\n *\n<\/p>\n<p>\n Le point sur les march\u00e9s europ\u00e9ens  .EUFR\n<\/p>\n<p>\n Les valeurs \u00e0 suivre lundi \u00e0<br \/>\nla Bourse de Paris et en Europe :\n<\/p>\n<p>\n * RENAULT<br \/>\n <a href=\"https:\/\/www.boursorama.com\/cours\/1rPRNO\/\" rel=\"nofollow noopener\" target=\"_blank\"><br \/>\n  RENA.PA<br \/>\n <\/a><br \/>\n , KERING<br \/>\n <a href=\"https:\/\/www.boursorama.com\/cours\/1rPKER\/\" rel=\"nofollow noopener\" target=\"_blank\"><br \/>\n  PRTP.PA<br \/>\n <\/a><br \/>\n &#8211; Luca de Meo, le<br \/>\ndirecteur g\u00e9n\u00e9ral du groupe au losange, va quitter le<br \/>\nconstructeur automobile fran\u00e7ais \u00e0 compter du 15 juillet, et<br \/>\nselon Le Figaro, il va rejoindre Kering pour en devenir le<br \/>\ndirecteur g\u00e9n\u00e9ral.\n<\/p>\n<p>\n * AIRBUS<br \/>\n <a href=\"https:\/\/www.boursorama.com\/cours\/1rPAIR\/\" rel=\"nofollow noopener\" target=\"_blank\"><br \/>\n  AIR.PA<br \/>\n <\/a><br \/>\n est sur le point de conclure un accord<br \/>\npour la vente d&rsquo;avions A220 \u00e0 LOT Polish Airlines, au terme<br \/>\nd&rsquo;une \u00e2pre bataille avec le constructeur br\u00e9silien Embraer, ont<br \/>\nrapport\u00e9 vendredi \u00e0 Reuters des sources du secteur.\n<\/p>\n<p>\n * BT GROUP<br \/>\n <a href=\"https:\/\/www.boursorama.com\/cours\/1uBT.A.L\/\" rel=\"nofollow noopener\" target=\"_blank\"><br \/>\n  BT.L<br \/>\n <\/a><br \/>\n &#8211; La directrice g\u00e9n\u00e9rale de l&rsquo;op\u00e9rateur<br \/>\nt\u00e9l\u00e9coms britannique, Allison Kirkby, a d\u00e9clar\u00e9 que les avanc\u00e9es<br \/>\nen mati\u00e8re d&rsquo;intelligence artificielle pourraient accro\u00eetre<br \/>\nsignificativement le nombre de suppressions d&#8217;emplois engag\u00e9es<br \/>\nau sein du groupe, rapporte dimanche le Financial Times.\n<\/p>\n<p>\n L&rsquo;AGENDA FRANCE &amp; INTERNATIONAL \u00c0 7 JOURS:  L8N3SG0QX\n<\/p>\n<p>\n (R\u00e9dig\u00e9 par Mara V\u00eelcu et Claude Chendjou)<\/p>\n","protected":false},"excerpt":{"rendered":"* Variation des futures sur indice CAC 40 0#FCE: * Variation des futures sur indice Stoxx 600 0#FXXP:&hellip;\n","protected":false},"author":2,"featured_media":64038,"comment_status":"","ping_status":"","sticky":false,"template":"","format":"standard","meta":{"footnotes":""},"categories":[1888],"tags":[400,11,398,408,405,1777,674,1011,27,403,402,399,404,12,626,25,401,406,407],"class_list":{"0":"post-179972","1":"post","2":"type-post","3":"status-publish","4":"format-standard","5":"has-post-thumbnail","7":"category-paris","8":"tag-action-cac-40","9":"tag-actualites","10":"tag-bourse-de-paris","11":"tag-boursorama","12":"tag-cotations","13":"tag-eu","14":"tag-europe","15":"tag-fr","16":"tag-france","17":"tag-indices-devises","18":"tag-investir","19":"tag-investissement","20":"tag-marche-boursier","21":"tag-news","22":"tag-paris","23":"tag-republique-francaise","24":"tag-sicav","25":"tag-trackers","26":"tag-warrants"},"share_on_mastodon":{"url":"https:\/\/pubeurope.com\/@fr\/114691198358202290","error":""},"_links":{"self":[{"href":"https:\/\/www.europesays.com\/fr\/wp-json\/wp\/v2\/posts\/179972","targetHints":{"allow":["GET"]}}],"collection":[{"href":"https:\/\/www.europesays.com\/fr\/wp-json\/wp\/v2\/posts"}],"about":[{"href":"https:\/\/www.europesays.com\/fr\/wp-json\/wp\/v2\/types\/post"}],"author":[{"embeddable":true,"href":"https:\/\/www.europesays.com\/fr\/wp-json\/wp\/v2\/users\/2"}],"replies":[{"embeddable":true,"href":"https:\/\/www.europesays.com\/fr\/wp-json\/wp\/v2\/comments?post=179972"}],"version-history":[{"count":0,"href":"https:\/\/www.europesays.com\/fr\/wp-json\/wp\/v2\/posts\/179972\/revisions"}],"wp:featuredmedia":[{"embeddable":true,"href":"https:\/\/www.europesays.com\/fr\/wp-json\/wp\/v2\/media\/64038"}],"wp:attachment":[{"href":"https:\/\/www.europesays.com\/fr\/wp-json\/wp\/v2\/media?parent=179972"}],"wp:term":[{"taxonomy":"category","embeddable":true,"href":"https:\/\/www.europesays.com\/fr\/wp-json\/wp\/v2\/categories?post=179972"},{"taxonomy":"post_tag","embeddable":true,"href":"https:\/\/www.europesays.com\/fr\/wp-json\/wp\/v2\/tags?post=179972"}],"curies":[{"name":"wp","href":"https:\/\/api.w.org\/{rel}","templated":true}]}}