{"id":179979,"date":"2025-06-16T04:42:22","date_gmt":"2025-06-16T04:42:22","guid":{"rendered":"https:\/\/www.europesays.com\/fr\/179979\/"},"modified":"2025-06-16T04:42:22","modified_gmt":"2025-06-16T04:42:22","slug":"crash-du-boeing-dair-india-le-royaume-uni-rend-hommage-aux-victimes-lenquete-demarre","status":"publish","type":"post","link":"https:\/\/www.europesays.com\/fr\/179979\/","title":{"rendered":"Crash du Boeing d\u2019Air india\u00a0: le Royaume-Uni rend hommage aux victimes, l\u2019enqu\u00eate d\u00e9marre"},"content":{"rendered":"<p>Une parade militaire, un passage en revue des arm\u00e9es, un d\u00e9fil\u00e9 a\u00e9rien\u2026 Chaque ann\u00e9e, le Royaume-Uni c\u00e9l\u00e8bre l\u2019anniversaire de son souverain. Ce samedi 14\u00a0juin 2025 Charles III, toujours soign\u00e9 pour un cancer, a parcouru en carrosse le Mall, l\u2019avenue longeant le palais de Buckingham, accompagn\u00e9 de la reine Camilla, avant de recevoir le salut des troupes.\u00a0Mais, pour la deuxi\u00e8me ann\u00e9e en sa pr\u00e9sence, le d\u00e9roul\u00e9 de cette c\u00e9r\u00e9monie ancienne a \u00e9t\u00e9 modifi\u00e9 pour inclure une minute de silence en hommage aux victimes du <a href=\"https:\/\/rennes.maville.com\/actu\/actudet_-crash-d-un-boeing-787-en-inde-le-bilan-monte-a-279-morts-_54135-6853519_actu.Htm\" target=\"_blank\" rel=\"nofollow noopener\">crash du vol d\u2019Air India<\/a>. Les membres de la famille royale\u00a0avaient pour l\u2019occasion enfil\u00e9 un brassard noir.<\/p>\n<p>Le bilan est pass\u00e9 \u00e0 279\u00a0morts<\/p>\n<p>Le bilan du crash du Boeing 787-8 Dreamliner, qui s\u2019est \u00e9cras\u00e9 jeudi 12\u00a0juin apr\u00e8s son d\u00e9collage d\u2019Ahmedabad, dans le nord-ouest de l\u2019Inde, <a href=\"https:\/\/rennes.maville.com\/actu\/actudet_-crash-d-un-boeing-787-en-inde-le-bilan-monte-a-279-morts-_54135-6853519_actu.Htm\" target=\"_blank\" rel=\"nofollow noopener\">est pass\u00e9 \u00e0 279\u00a0morts.<\/a> L\u2019appareil, qui venait de d\u00e9coller \u00e0 destination de Londres, transportait 52\u00a0Britanniques. Un seul homme, de nationalit\u00e9 britannique, a miraculeusement surv\u00e9cu.<\/p>\n<p>Le vol 171\u00a0d\u2019Air India, qui devait atterrir l\u2019a\u00e9roport londonien de Gatwick, a percut\u00e9 le sol moins d\u2019une minute apr\u00e8s son d\u00e9collage \u00e0 13\u00a0h\u00a039. L\u2019\u00e9quipage avait \u00e9mis un appel de d\u00e9tresse presque aussit\u00f4t apr\u00e8s avoir quitt\u00e9 le sol. Plusieurs vid\u00e9os ont montr\u00e9 l\u2019appareil, train sorti, prendre une trajectoire \u00e0 piquer avant de percuter un quartier r\u00e9sidentiel d\u2019Ahmedabad, pr\u00e8s de l\u2019a\u00e9roport. Il a \u00e9t\u00e9 pulv\u00e9ris\u00e9 dans le choc, provoquant une \u00e9norme boule de feu.<\/p>\n<p>La deuxi\u00e8me bo\u00eete noire recherch\u00e9e<\/p>\n<p>Panne de moteur, collision avec des oiseaux, probl\u00e8me de carburant\u00a0? Pour d\u00e9terminer les raisons du crash les bureaux d\u2019enqu\u00eate britanniques et am\u00e9ricains ont envoy\u00e9 des \u00e9quipes sur place. Ils vont analyser les \u00e9l\u00e9ments enregistr\u00e9s <a href=\"https:\/\/rennes.maville.com\/actu\/actudet_-crash-en-inde-l-une-des-boites-noires-a-ete-retrouvee-_54135-6852117_actu.Htm\" target=\"_blank\" rel=\"nofollow noopener\">dans l\u2019une des bo\u00eetes noires<\/a> d\u00e9couverte vendredi sur les lieux de l\u2019accident. La seconde est recherch\u00e9e dans les d\u00e9combres de l\u2019immeuble percut\u00e9 par l\u2019appareil.<\/p>\n<p>Lors du dernier contact avec le contr\u00f4le a\u00e9rien, le Boeing 787-8 volait \u00e0 environ 175\u00a0n\u0153uds, soit un peu plus de 300\u00a0km\/h. Logiquement, le train d\u2019atterrissage aurait d\u00fb \u00eatre rentr\u00e9 juste apr\u00e8s le d\u00e9collage, ce qui n\u2019a pas \u00e9t\u00e9 le cas. La trajectoire peut \u00e9galement signifier une perte de puissance des moteurs dans cette phase critique du vol. Confront\u00e9 \u00e0 une situation d\u2019urgence, le pilote a pu devoir rendre la main et mettre le nez de l\u2019appareil \u00e0 piquer pour conserver une vitesse suffisante afin de ne pas d\u00e9crocher et pouvoir continuer \u00e0 le man\u0153uvrer.<\/p>\n<p>Les deux pilotes \u00e9taient exp\u00e9riment\u00e9s, avec plus de 8\u00a0000\u00a0heures de vol \u00e0 eux deux. Le crash pourrait-il \u00eatre li\u00e9 \u00e0 un probl\u00e8me de conception de l\u2019appareil\u00a0? Aucun un avion de ce mod\u00e8le, livr\u00e9 pour la premi\u00e8re fois en 2011 \u00e0 la compagnie All Nippon Airways, n\u2019avait jusqu\u2019\u00e0 pr\u00e9sent\u00a0eu d\u2019accident. L\u2019autorit\u00e9 de surveillance de l\u2019aviation a tout de m\u00eame ordonn\u00e9 une inspection de tous les Boeing 787\u00a0Dreamliner que comporte la flotte d\u2019Air India.<\/p>\n<p>Le patron de\u00a0Boeing\u00a0renonce au Bourget<\/p>\n<p>Le drame survient \u00e0 la veille de l\u2019ouverture de 55e <a href=\"https:\/\/paris.maville.com\/actu\/actudet_-cinq-choses-a-savoir-sur-le-salon-aeronautique-du-bourget-2025-qui-demarre-lundi-16-juin-_54135-6851729_actu.Htm\" target=\"_blank\" rel=\"nofollow noopener\">salon de l\u2019a\u00e9ronautique de Paris<\/a>, un rendez-vous international d\u2019envergure organis\u00e9 tous les deux ans \u00e0 l\u2019a\u00e9roport du Bourget. Le patron de Boeing n\u2019y participera pas. Stephanie Pope, responsable de l\u2019aviation commerciale <strong>\u00ab\u00a0et moi avons annul\u00e9 nos projets d\u2019assister<\/strong>\u00a0<strong>pour rester avec nos \u00e9quipes et consacrer notre attention \u00e0 notre client et \u00e0 l\u2019enqu\u00eate\u00a0\u00bb, <\/strong>a indiqu\u00e9 Kelly Ortberg. <strong>\u00ab\u00a0La s\u00e9curit\u00e9 est un pilier de notre secteur et au c\u0153ur de tout ce que nous faisons. Nos experts techniques se tiennent pr\u00eats \u00e0 porter assistance aux enqu\u00eateurs pour comprendre les circonstances\u00a0\u00bb, <\/strong>a-t-il ajout\u00e9.\u00a0Une \u00e9quipe de Boeing se tient pr\u00eate \u00e0 aller en Inde, a-t-il \u00e9galement pr\u00e9cis\u00e9 tout en appelant \u00e0 <strong>\u00ab\u00a0ne pas sp\u00e9culer sur l\u2019accident\u00a0\u00bb.<\/strong><\/p>\n<p>\u00a0<\/p>\n","protected":false},"excerpt":{"rendered":"Une parade militaire, un passage en revue des arm\u00e9es, un d\u00e9fil\u00e9 a\u00e9rien\u2026 Chaque ann\u00e9e, le Royaume-Uni c\u00e9l\u00e8bre l\u2019anniversaire&hellip;\n","protected":false},"author":2,"featured_media":179980,"comment_status":"","ping_status":"","sticky":false,"template":"","format":"standard","meta":{"footnotes":""},"categories":[1588],"tags":[11,2965,888,4098,27051,1067,1777,674,4879,31695,12,1445,473,1853,13662,1851,1850,1852,2023],"class_list":{"0":"post-179979","1":"post","2":"type-post","3":"status-publish","4":"format-standard","5":"has-post-thumbnail","7":"category-royaume-uni","8":"tag-actualites","9":"tag-air","10":"tag-boeing","11":"tag-crash","12":"tag-demarre","13":"tag-enquete","14":"tag-eu","15":"tag-europe","16":"tag-hommage","17":"tag-india","18":"tag-news","19":"tag-rend","20":"tag-royaume-uni","21":"tag-royaume-uni-de-grande-bretagne-et-dirlande-du-nord","22":"tag-saint-lo","23":"tag-uk","24":"tag-united-kingdom","25":"tag-united-kingdom-of-great-britain-and-northern-ireland","26":"tag-victimes"},"share_on_mastodon":{"url":"https:\/\/pubeurope.com\/@fr\/114691214141029456","error":""},"_links":{"self":[{"href":"https:\/\/www.europesays.com\/fr\/wp-json\/wp\/v2\/posts\/179979","targetHints":{"allow":["GET"]}}],"collection":[{"href":"https:\/\/www.europesays.com\/fr\/wp-json\/wp\/v2\/posts"}],"about":[{"href":"https:\/\/www.europesays.com\/fr\/wp-json\/wp\/v2\/types\/post"}],"author":[{"embeddable":true,"href":"https:\/\/www.europesays.com\/fr\/wp-json\/wp\/v2\/users\/2"}],"replies":[{"embeddable":true,"href":"https:\/\/www.europesays.com\/fr\/wp-json\/wp\/v2\/comments?post=179979"}],"version-history":[{"count":0,"href":"https:\/\/www.europesays.com\/fr\/wp-json\/wp\/v2\/posts\/179979\/revisions"}],"wp:featuredmedia":[{"embeddable":true,"href":"https:\/\/www.europesays.com\/fr\/wp-json\/wp\/v2\/media\/179980"}],"wp:attachment":[{"href":"https:\/\/www.europesays.com\/fr\/wp-json\/wp\/v2\/media?parent=179979"}],"wp:term":[{"taxonomy":"category","embeddable":true,"href":"https:\/\/www.europesays.com\/fr\/wp-json\/wp\/v2\/categories?post=179979"},{"taxonomy":"post_tag","embeddable":true,"href":"https:\/\/www.europesays.com\/fr\/wp-json\/wp\/v2\/tags?post=179979"}],"curies":[{"name":"wp","href":"https:\/\/api.w.org\/{rel}","templated":true}]}}