{"id":179981,"date":"2025-06-16T04:43:10","date_gmt":"2025-06-16T04:43:10","guid":{"rendered":"https:\/\/www.europesays.com\/fr\/179981\/"},"modified":"2025-06-16T04:43:10","modified_gmt":"2025-06-16T04:43:10","slug":"un-pilote-est-paye-30-e-de-lheure-contre-50-en-allemagne","status":"publish","type":"post","link":"https:\/\/www.europesays.com\/fr\/179981\/","title":{"rendered":"\u00ab\u00a0Un pilote est pay\u00e9 30\u00a0\u20ac de l\u2019heure contre 50 en Allemagne\u00a0\u00bb"},"content":{"rendered":"<p>Dr\u00f4le de gr\u00e8ve. Illimit\u00e9e en plus. Avec des militants qui sont prompts \u00e0 repartir \u00e0 l\u2019action, \u00e0 la moindre pr\u00e9-alerte. Non pas qu\u2019ils veuillent briser le mouvement mais parce qu\u2019ils sont r\u00e9quisitionn\u00e9s par le pr\u00e9fet de la Loire.<\/p>\n<p>Comme partout en France, les pilotes d\u2019h\u00e9licopt\u00e8res et leurs assistants de vols ont d\u00e9pos\u00e9 <a href=\"https:\/\/www.leprogres.fr\/sante\/2025\/05\/27\/les-pilotes-d-helicopteres-du-samu-bientot-en-greve\" target=\"_blank\" rel=\"noopener\">un pr\u00e9avis de gr\u00e8ve illimit\u00e9 en date du 29\u00a0mai dernier<\/a>. Les avanc\u00e9es sont au point mort et tous attendent un geste de la part de Catherine Vautrin, la ministre de la Sant\u00e9.<\/p>\n<p>\u00ab\u00a0Les grands oubli\u00e9s de la remise \u00e0 niveau\u00a0\u00bb<\/p>\n<p>Ces grands oubli\u00e9s du Covid, dont les salaires sont gel\u00e9s depuis cinq ann\u00e9es, n\u2019ont pas touch\u00e9 de prime, ni d\u2019indexation sur l\u2019inflation. Ils furent pourtant en premi\u00e8re ligne pendant la pand\u00e9mie avec des missions cruciales.<\/p>\n<p>Christophe Letouque, d\u00e9l\u00e9gu\u00e9 syndical, ancien pilote d\u2019h\u00e9licopt\u00e8re au sein de l\u2019arm\u00e9e et&#8230;<\/p>\n","protected":false},"excerpt":{"rendered":"Dr\u00f4le de gr\u00e8ve. Illimit\u00e9e en plus. Avec des militants qui sont prompts \u00e0 repartir \u00e0 l\u2019action, \u00e0 la&hellip;\n","protected":false},"author":2,"featured_media":179982,"comment_status":"","ping_status":"","sticky":false,"template":"","format":"standard","meta":{"footnotes":""},"categories":[1587],"tags":[11,672,1804,4356,1805,1803,33,7539,1777,674,107,1801,4002,3367,5362,224,12,1802,4001,7538,71],"class_list":{"0":"post-179981","1":"post","2":"type-post","3":"status-publish","4":"format-standard","5":"has-post-thumbnail","7":"category-allemagne","8":"tag-actualites","9":"tag-allemagne","10":"tag-bundesrepublik-deutschland","11":"tag-coronavirus","12":"tag-de","13":"tag-deutschland","14":"tag-economie","15":"tag-edition-loire-sud","16":"tag-eu","17":"tag-europe","18":"tag-fil-info","19":"tag-germany","20":"tag-haute-loire","21":"tag-loire","22":"tag-magazine-sante","23":"tag-medecine","24":"tag-news","25":"tag-republique-federale-dallemagne","26":"tag-saint-etienne","27":"tag-saint-etienne-ville","28":"tag-sante"},"share_on_mastodon":{"url":"https:\/\/pubeurope.com\/@fr\/114691218059420309","error":""},"_links":{"self":[{"href":"https:\/\/www.europesays.com\/fr\/wp-json\/wp\/v2\/posts\/179981","targetHints":{"allow":["GET"]}}],"collection":[{"href":"https:\/\/www.europesays.com\/fr\/wp-json\/wp\/v2\/posts"}],"about":[{"href":"https:\/\/www.europesays.com\/fr\/wp-json\/wp\/v2\/types\/post"}],"author":[{"embeddable":true,"href":"https:\/\/www.europesays.com\/fr\/wp-json\/wp\/v2\/users\/2"}],"replies":[{"embeddable":true,"href":"https:\/\/www.europesays.com\/fr\/wp-json\/wp\/v2\/comments?post=179981"}],"version-history":[{"count":0,"href":"https:\/\/www.europesays.com\/fr\/wp-json\/wp\/v2\/posts\/179981\/revisions"}],"wp:featuredmedia":[{"embeddable":true,"href":"https:\/\/www.europesays.com\/fr\/wp-json\/wp\/v2\/media\/179982"}],"wp:attachment":[{"href":"https:\/\/www.europesays.com\/fr\/wp-json\/wp\/v2\/media?parent=179981"}],"wp:term":[{"taxonomy":"category","embeddable":true,"href":"https:\/\/www.europesays.com\/fr\/wp-json\/wp\/v2\/categories?post=179981"},{"taxonomy":"post_tag","embeddable":true,"href":"https:\/\/www.europesays.com\/fr\/wp-json\/wp\/v2\/tags?post=179981"}],"curies":[{"name":"wp","href":"https:\/\/api.w.org\/{rel}","templated":true}]}}