{"id":179993,"date":"2025-06-16T04:49:09","date_gmt":"2025-06-16T04:49:09","guid":{"rendered":"https:\/\/www.europesays.com\/fr\/179993\/"},"modified":"2025-06-16T04:49:09","modified_gmt":"2025-06-16T04:49:09","slug":"sam-burns-reste-en-tete-de-lus-open-victor-perez-recule-dans-la-hierarchie","status":"publish","type":"post","link":"https:\/\/www.europesays.com\/fr\/179993\/","title":{"rendered":"Sam Burns reste en t\u00eate de l&rsquo;US Open, Victor Perez recule dans la hi\u00e9rarchie"},"content":{"rendered":"<p>L\u2019Am\u00e9ricain occupe toujours la t\u00eate du classement \u00e0 l\u2019issue du 3e tour, tandis que le Fran\u00e7ais, lui, est sorti du Top 10.<\/p>\n<p class=\"fig-paragraph\">L&rsquo;Am\u00e9ricain Sam Burns a conserv\u00e9 la t\u00eate de l&rsquo;US Open, mais avec une petite marge, \u00e0 l&rsquo;issue du troisi\u00e8me tour disput\u00e9 samedi \u00e0 Oakmont (Pennsylvanie), o\u00f9 le Fran\u00e7ais Victor Perez a recul\u00e9 au 11e rang. Burns a rendu une carte de 69 (un coup sous le par) avec trois birdies et deux bogeys et devance toujours d&rsquo;un coup son compatriote J.J. Spaun, qui a lui aussi jou\u00e9 en 69 samedi. Spaun a \u00e9t\u00e9 rejoint \u00e0 la deuxi\u00e8me place par l&rsquo;Australien Adam Scott, auteur de la meilleure carte du jour (67). Le Norv\u00e9gien Viktor Hovland suit \u00e0 la 4e place \u00e0 trois coups de Burns.<\/p>\n<p class=\"fig-paragraph\">Le Fran\u00e7ais Victor Perez, auteur d&rsquo;un trou en un vendredi, a \u00e9t\u00e9 moins en r\u00e9ussite samedi avec une carte de 73 (trois bogeys, aucun birdie) qui l&rsquo;a fait reculer en 11e position, \u00e0 \u00e9galit\u00e9 avec neuf autres golfeurs. Comme Perez, le num\u00e9ro 1 mondial am\u00e9ricain Scottie Scheffler est en +4 au total, \u00e0 huit coups de la t\u00eate, apr\u00e8s une journ\u00e9e en 70. Matthieu Pavon a sombr\u00e9 avec une carte de 81 pour reculer en 66e position.<\/p>\n","protected":false},"excerpt":{"rendered":"L\u2019Am\u00e9ricain occupe toujours la t\u00eate du classement \u00e0 l\u2019issue du 3e tour, tandis que le Fran\u00e7ais, lui, est&hellip;\n","protected":false},"author":2,"featured_media":179994,"comment_status":"","ping_status":"","sticky":false,"template":"","format":"standard","meta":{"footnotes":""},"categories":[1418],"tags":[47,5073,5075,1011,27,1472,1922,5077,5076,2258,5079,2259,60,5078,5074,4172],"class_list":{"0":"post-179993","1":"post","2":"type-post","3":"status-publish","4":"format-standard","5":"has-post-thumbnail","7":"category-golf","8":"tag-actualite","9":"tag-augusta","10":"tag-british-open","11":"tag-fr","12":"tag-france","13":"tag-golf","14":"tag-info","15":"tag-palmares","16":"tag-pga-championship","17":"tag-resultat","18":"tag-rory-mcilroy","19":"tag-score","20":"tag-sports","21":"tag-tiger-woods","22":"tag-tournois-majeurs","23":"tag-us-open"},"share_on_mastodon":{"url":"https:\/\/pubeurope.com\/@fr\/114691241597878248","error":""},"_links":{"self":[{"href":"https:\/\/www.europesays.com\/fr\/wp-json\/wp\/v2\/posts\/179993","targetHints":{"allow":["GET"]}}],"collection":[{"href":"https:\/\/www.europesays.com\/fr\/wp-json\/wp\/v2\/posts"}],"about":[{"href":"https:\/\/www.europesays.com\/fr\/wp-json\/wp\/v2\/types\/post"}],"author":[{"embeddable":true,"href":"https:\/\/www.europesays.com\/fr\/wp-json\/wp\/v2\/users\/2"}],"replies":[{"embeddable":true,"href":"https:\/\/www.europesays.com\/fr\/wp-json\/wp\/v2\/comments?post=179993"}],"version-history":[{"count":0,"href":"https:\/\/www.europesays.com\/fr\/wp-json\/wp\/v2\/posts\/179993\/revisions"}],"wp:featuredmedia":[{"embeddable":true,"href":"https:\/\/www.europesays.com\/fr\/wp-json\/wp\/v2\/media\/179994"}],"wp:attachment":[{"href":"https:\/\/www.europesays.com\/fr\/wp-json\/wp\/v2\/media?parent=179993"}],"wp:term":[{"taxonomy":"category","embeddable":true,"href":"https:\/\/www.europesays.com\/fr\/wp-json\/wp\/v2\/categories?post=179993"},{"taxonomy":"post_tag","embeddable":true,"href":"https:\/\/www.europesays.com\/fr\/wp-json\/wp\/v2\/tags?post=179993"}],"curies":[{"name":"wp","href":"https:\/\/api.w.org\/{rel}","templated":true}]}}