{"id":180005,"date":"2025-06-16T04:56:10","date_gmt":"2025-06-16T04:56:10","guid":{"rendered":"https:\/\/www.europesays.com\/fr\/180005\/"},"modified":"2025-06-16T04:56:10","modified_gmt":"2025-06-16T04:56:10","slug":"formidable-ce-petit-pogacar-adoube-paul-seixas","status":"publish","type":"post","link":"https:\/\/www.europesays.com\/fr\/180005\/","title":{"rendered":"\u00abformidable ce petit!\u00bb, Pogacar adoube Paul Seixas"},"content":{"rendered":"<p>Tadej Pogacar a encens\u00e9 le jeune Fran\u00e7ais Paul Seixas \u00e0 l\u2019arriv\u00e9e de la 8e et derni\u00e8re \u00e9tape du Dauphin\u00e9. \u00abIl est promis \u00e0 un grand avenir\u00bb, a m\u00eame d\u00e9clar\u00e9 le Slov\u00e8ne.<\/p>\n<p class=\"fig-paragraph\">Tadej Pogacar s&rsquo;est montr\u00e9 tr\u00e8s \u00e9logieux apr\u00e8s\u00a0<a href=\"http:\/\/www.lefigaro.fr\/sports\/cyclisme\/criterium-du-dauphine-lenny-martinez-remporte-la-8e-et-derniere-etape-victoire-finale-de-pogacar-20250615\" data-fig-type=\"NewsFlash\" data-gtm-custom-categorie=\"navigation\" data-gtm-custom-action=\"crossclick\" data-gtm-custom-label=\"Contextuel\" data-gtm-event=\"customEventSPE\" data-fig-domain=\"LEFIGARO\" rel=\"nofollow noopener\" target=\"_blank\">sa victoire dans le Crit\u00e9rium du Dauphin\u00e9<\/a>\u00a0dimanche envers le jeune Fran\u00e7ais<a href=\"http:\/\/www.lefigaro.fr\/sports\/cyclisme\/records-de-precocite-specialiste-du-contre-la-montre-attentes-enormes-cinq-choses-a-savoir-sur-paul-seixas-le-prodige-du-cyclisme-francais-20250613\" data-fig-type=\"NewsFlash\" data-gtm-custom-categorie=\"navigation\" data-gtm-custom-action=\"crossclick\" data-gtm-custom-label=\"Contextuel\" data-gtm-event=\"customEventSPE\" data-fig-domain=\"LEFIGARO\" rel=\"nofollow noopener\" target=\"_blank\">\u00a0Paul Seixas<\/a>, huiti\u00e8me du g\u00e9n\u00e9ral\u00e0 seulement 18 ans. \u00abFormidable ce petit. Il est tr\u00e8s respectueux aussi dans le peloton et pilote bien son v\u00e9lo\u00bb, a d\u00e9clar\u00e9 le Slov\u00e8ne aux journalistes \u00e0 l&rsquo;arriv\u00e9e.<\/p>\n<p>Grand espoir du cyclisme fran\u00e7ais<\/p>\n<p class=\"fig-paragraph\">\u00abC&rsquo;est un gros moteur et si les m\u00e9dias fran\u00e7ais ne lui mettent pas trop de pression il est promis \u00e0 un grand avenir\u00bb, a ajout\u00e9 le champion du monde. Plus jeune coureur du Dauphin\u00e9, Seixas a sauv\u00e9 sa place dans le Top 10 dimanche malgr\u00e9 une chute dans la mont\u00e9e finale apr\u00e8s avoir souffert \u00abcomme jamais dans (s)a vie\u00bb.<\/p>\n<p class=\"fig-paragraph\">Champion du monde juniors du contre-la-montre, le coureur de Decathlon-AG2R est un grand espoir du cyclisme fran\u00e7ais et mondial qui a impressionn\u00e9 aussi bien dans le chrono que dans les \u00e9tapes de montagne lors de ce Dauphin\u00e9.<\/p>\n","protected":false},"excerpt":{"rendered":"Tadej Pogacar a encens\u00e9 le jeune Fran\u00e7ais Paul Seixas \u00e0 l\u2019arriv\u00e9e de la 8e et derni\u00e8re \u00e9tape du&hellip;\n","protected":false},"author":2,"featured_media":180006,"comment_status":"","ping_status":"","sticky":false,"template":"","format":"standard","meta":{"footnotes":""},"categories":[1411],"tags":[1141,1142,24803,1154,207,1143,1011,27,4350,60,1140,1139,210],"class_list":{"0":"post-180005","1":"post","2":"type-post","3":"status-publish","4":"format-standard","5":"has-post-thumbnail","7":"category-cyclisme","8":"tag-actualite-cyclisme","9":"tag-competition-cyclisme","10":"tag-criterium-du-dauphine","11":"tag-cycling","12":"tag-cyclisme","13":"tag-cyclisme-actu","14":"tag-fr","15":"tag-france","16":"tag-pogacar","17":"tag-sports","18":"tag-tour-despagne","19":"tag-tour-ditalie","20":"tag-tour-de-france"},"share_on_mastodon":{"url":"https:\/\/pubeurope.com\/@fr\/114691269164810249","error":""},"_links":{"self":[{"href":"https:\/\/www.europesays.com\/fr\/wp-json\/wp\/v2\/posts\/180005","targetHints":{"allow":["GET"]}}],"collection":[{"href":"https:\/\/www.europesays.com\/fr\/wp-json\/wp\/v2\/posts"}],"about":[{"href":"https:\/\/www.europesays.com\/fr\/wp-json\/wp\/v2\/types\/post"}],"author":[{"embeddable":true,"href":"https:\/\/www.europesays.com\/fr\/wp-json\/wp\/v2\/users\/2"}],"replies":[{"embeddable":true,"href":"https:\/\/www.europesays.com\/fr\/wp-json\/wp\/v2\/comments?post=180005"}],"version-history":[{"count":0,"href":"https:\/\/www.europesays.com\/fr\/wp-json\/wp\/v2\/posts\/180005\/revisions"}],"wp:featuredmedia":[{"embeddable":true,"href":"https:\/\/www.europesays.com\/fr\/wp-json\/wp\/v2\/media\/180006"}],"wp:attachment":[{"href":"https:\/\/www.europesays.com\/fr\/wp-json\/wp\/v2\/media?parent=180005"}],"wp:term":[{"taxonomy":"category","embeddable":true,"href":"https:\/\/www.europesays.com\/fr\/wp-json\/wp\/v2\/categories?post=180005"},{"taxonomy":"post_tag","embeddable":true,"href":"https:\/\/www.europesays.com\/fr\/wp-json\/wp\/v2\/tags?post=180005"}],"curies":[{"name":"wp","href":"https:\/\/api.w.org\/{rel}","templated":true}]}}