{"id":180009,"date":"2025-06-16T04:58:17","date_gmt":"2025-06-16T04:58:17","guid":{"rendered":"https:\/\/www.europesays.com\/fr\/180009\/"},"modified":"2025-06-16T04:58:17","modified_gmt":"2025-06-16T04:58:17","slug":"bruce-willis-atteint-de-demence-son-epouse-emma-heming-evoque-son-etat-de-sante-affaibli","status":"publish","type":"post","link":"https:\/\/www.europesays.com\/fr\/180009\/","title":{"rendered":"Bruce Willis atteint de d\u00e9mence, son \u00e9pouse Emma Heming \u00e9voque son \u00e9tat de sant\u00e9 affaibli"},"content":{"rendered":"<p>Atteint de d\u00e9mence depuis plusieurs ann\u00e9es, l&rsquo;\u00e9tat de sant\u00e9 de Bruce Willis ne s&rsquo;arrange pas. Sa femme, Emma Heming, donne des nouvelles de l&rsquo;acteur et \u00e9voque son inqui\u00e9tude.<\/p>\n<p>Ce dimanche 15 juin, de tr\u00e8s nombreux pays c\u00e9l\u00e8brent la F\u00eates des p\u00e8res, \u00e0 l&rsquo;instar de la France. \u00c0 cette occasion, <a href=\"https:\/\/www.programme-tv.net\/news\/people\/381160-lhomme-de-ma-vie-elodie-gossuin-rend-hommage-a-son-compagnon-bertrand-lacherie-et-devoile-des-photos-de-famille-inedites\/\" data-api-deeplink=\"teleloisirs:\/\/news\/381160\" target=\"_blank\" rel=\"noopener\">\u00c9lodie Gossuin a fait une d\u00e9claration \u00e0 son mari<\/a> et p\u00e8re de ses enfants, et Vianney a d\u00e9voil\u00e9 le joli cadeau qu&rsquo;il a re\u00e7u. Aux \u00c9tats-Unis aussi, les papas sont mis \u00e0 l&rsquo;honneur. C&rsquo;est pourquoi, <a href=\"https:\/\/www.programme-tv.net\/news\/cinema\/202638-red-m6-qui-est-emma-heming-la-jeune-femme-de-bruce-willis-21-photos\/\" data-api-deeplink=\"teleloisirs:\/\/news\/202638\" target=\"_blank\" rel=\"noopener\">Emma Heming, l&rsquo;\u00e9pouse de Bruce Willis depuis 2009<\/a>, a partag\u00e9 une touchante photo sur Instagram o\u00f9 on peut voir l&rsquo;acteur et leur fille Mabel se faire un c\u00e2lin. Un moment suspendu alors que l&rsquo;acteur est souffrant depuis plusieurs ann\u00e9es. En 2022, <a href=\"https:\/\/www.programme-tv.net\/news\/cinema\/297702-cest-une-periode-vraiment-difficile-malade-bruce-willis-met-un-terme-a-sa-carriere-annonce-sa-famille-dans-un-communique\/\" data-api-deeplink=\"teleloisirs:\/\/news\/297702\" target=\"_blank\" rel=\"noopener\">la star am\u00e9ricaine a mis un terme \u00e0 sa carri\u00e8re \u00e0 cause de ses probl\u00e8mes de sant\u00e9<\/a> : \u00ab\u00a0\u00c0 tous les fans de Bruce, en tant que famille, nous tenions \u00e0 vous annoncer que notre cher Bruce a eu des probl\u00e8mes de sant\u00e9, et a r\u00e9cemment \u00e9t\u00e9 diagnostiqu\u00e9 comme \u00e9tant atteint d&rsquo;aphasie, ce qui a un impact sur ses capacit\u00e9s cognitives. \u00c0 la suite de cela, et avec beaucoup de consid\u00e9ration, Bruce s&rsquo;\u00e9loigne de la carri\u00e8re qui a tant compt\u00e9 pour lui\u2026\u00a0\u00bb<\/p>\n<p>Apr\u00e8s avoir souhait\u00e9 une joyeuse f\u00eate des p\u00e8res \u00e0 tous les papas \u00ab\u00a0vivant avec un handicap ou une maladie\u00a0\u00bb, Emma Heming a \u00e9voqu\u00e9 ce que <a href=\"https:\/\/www.programme-tv.net\/news\/people\/374119-la-magnifique-declaration-d-amour-de-demi-moore-pour-le-70e-anniversaire-de-son-ex-compagnon-bruce-willis-atteint-de-demence-photos\/\" data-api-deeplink=\"teleloisirs:\/\/news\/374119\" target=\"_blank\" rel=\"noopener\">l&rsquo;homme de 70 ans<\/a> apporte \u00e0 leurs enfants malgr\u00e9 sa sant\u00e9 fragile : \u00ab\u00a0Ce que Bruce enseigne \u00e0 nos filles va bien au-del\u00e0 des mots. R\u00e9silience, amour inconditionnel, et la force tranquille d&rsquo;\u00eatre simplement pr\u00e9sent. Cette photo en dit tellement. L&rsquo;amour s&rsquo;approfondit. \u00c7a s&rsquo;adapte. \u00c7a reste m\u00eame quand tout le reste change.\u00a0\u00bb Si elle partage un message positif, en r\u00e9alit\u00e9, l&rsquo;\u00e9pouse de Bruce Willis a du mal \u00e0 toujours garder le sourire en toutes circonstances. \u00ab\u00a0Mais pour \u00eatre juste envers moi-m\u00eame, ces journ\u00e9es symboliques remuent beaucoup. Je suis profond\u00e9ment triste aujourd&rsquo;hui. J&rsquo;aimerais, avec chaque cellule de mon corps, que les choses soient diff\u00e9rentes pour lui et plus l\u00e9g\u00e8res pour notre famille\u00a0\u00bb, exprime-t-elle avec sinc\u00e9rit\u00e9.<\/p>\n<p>                        Emma Heming ne perd pas patience avec son mari : \u00ab\u00a0Ce qui est fait est fait\u00a0\u00bb<\/p>\n<p>Mais peu importe les situations, Emma Heming reste pr\u00e9sente pour Bruce Willis, tous comme ses enfants et<a href=\"https:\/\/www.programme-tv.net\/news\/people\/360643-bruce-willis-atteint-de-demence-son-ex-femme-demi-moore-evoque-son-etat-de-sante\/\" data-api-deeplink=\"teleloisirs:\/\/news\/360643\" target=\"_blank\" rel=\"noopener\"> son ex-femme, Demi Moore<\/a> : \u00ab\u00a0Comme on dit dans notre communaut\u00e9 : \u2019Ce qui est fait est fait\u2019. Et bien que cela puisse sembler d\u00e9daigneux, pour moi, ce n\u2019est pas le cas. Cela me motive. Cela me pousse \u00e0 accepter [la maladie] et \u00e0 ne pas lutter contre cela \u00e0 chaque \u00e9tape, comme je le faisais auparavant\u00a0\u00bb. Une famille plus que soud\u00e9e !<\/p>\n<blockquote class=\"instagram-media\" data-instgrm-captioned=\"\" data-instgrm-permalink=\"https:\/\/www.instagram.com\/p\/DK7DPMexHV8\/?utm_source=ig_embed&amp;utm_campaign=loading\" data-instgrm-version=\"14\" style=\" background:#FFF; border:0; border-radius:3px; box-shadow:0 0 1px 0 rgba(0,0,0,0.5),0 1px 10px 0 rgba(0,0,0,0.15); margin: 1px; max-width:658px; min-width:326px; padding:0; width:99.375%; width:-webkit-calc(100% - 2px); width:calc(100% - 2px);\"\/>\n<p>        <script async src=\"\/\/www.instagram.com\/embed.js\"><\/script><\/p>\n","protected":false},"excerpt":{"rendered":"Atteint de d\u00e9mence depuis plusieurs ann\u00e9es, l&rsquo;\u00e9tat de sant\u00e9 de Bruce Willis ne s&rsquo;arrange pas. Sa femme, Emma&hellip;\n","protected":false},"author":2,"featured_media":180010,"comment_status":"","ping_status":"","sticky":false,"template":"","format":"standard","meta":{"footnotes":""},"categories":[1359],"tags":[253,4422,244,58,31696,59,1011,27,226,973,8755],"class_list":{"0":"post-180009","1":"post","2":"type-post","3":"status-publish","4":"format-standard","5":"has-post-thumbnail","7":"category-people","8":"tag-acteur","9":"tag-bruce-willis","10":"tag-commentaire","11":"tag-divertissement","12":"tag-emma-heming","13":"tag-entertainment","14":"tag-fr","15":"tag-france","16":"tag-maladie","17":"tag-people","18":"tag-santu00e9"},"share_on_mastodon":{"url":"https:\/\/pubeurope.com\/@fr\/114691276965953418","error":""},"_links":{"self":[{"href":"https:\/\/www.europesays.com\/fr\/wp-json\/wp\/v2\/posts\/180009","targetHints":{"allow":["GET"]}}],"collection":[{"href":"https:\/\/www.europesays.com\/fr\/wp-json\/wp\/v2\/posts"}],"about":[{"href":"https:\/\/www.europesays.com\/fr\/wp-json\/wp\/v2\/types\/post"}],"author":[{"embeddable":true,"href":"https:\/\/www.europesays.com\/fr\/wp-json\/wp\/v2\/users\/2"}],"replies":[{"embeddable":true,"href":"https:\/\/www.europesays.com\/fr\/wp-json\/wp\/v2\/comments?post=180009"}],"version-history":[{"count":0,"href":"https:\/\/www.europesays.com\/fr\/wp-json\/wp\/v2\/posts\/180009\/revisions"}],"wp:featuredmedia":[{"embeddable":true,"href":"https:\/\/www.europesays.com\/fr\/wp-json\/wp\/v2\/media\/180010"}],"wp:attachment":[{"href":"https:\/\/www.europesays.com\/fr\/wp-json\/wp\/v2\/media?parent=180009"}],"wp:term":[{"taxonomy":"category","embeddable":true,"href":"https:\/\/www.europesays.com\/fr\/wp-json\/wp\/v2\/categories?post=180009"},{"taxonomy":"post_tag","embeddable":true,"href":"https:\/\/www.europesays.com\/fr\/wp-json\/wp\/v2\/tags?post=180009"}],"curies":[{"name":"wp","href":"https:\/\/api.w.org\/{rel}","templated":true}]}}