{"id":180011,"date":"2025-06-16T05:00:19","date_gmt":"2025-06-16T05:00:19","guid":{"rendered":"https:\/\/www.europesays.com\/fr\/180011\/"},"modified":"2025-06-16T05:00:19","modified_gmt":"2025-06-16T05:00:19","slug":"avessac-lhistoire-des-chemins-de-lecole-a-son-livre","status":"publish","type":"post","link":"https:\/\/www.europesays.com\/fr\/180011\/","title":{"rendered":"Avessac. L\u2019histoire des chemins de l\u2019\u00e9cole a son livre"},"content":{"rendered":"<p>L\u2019association Avessac Histoire et Patrimoine a publi\u00e9 un nouveau livre Sur le chemin des \u00e9coliers. Samedi 14\u00a0juin, dans la matin\u00e9e, la m\u00e9diath\u00e8que municipale A la Page\u00a0! a accueilli Serge Libot et toute son \u00e9quipe.<\/p>\n<p>AHP a proc\u00e9d\u00e9 \u00e0 la pr\u00e9sentation de cet ouvrage d\u2019une centaine de pages. Le public pr\u00e9sent s\u2019est montr\u00e9 sensible au contenu fait de r\u00e9cits historiques et des photographies illustratrices. Ce livre raconte des \u00e9l\u00e9ments qui ont marqu\u00e9 l\u2019histoire d\u2019Avessac notamment le parcours des \u00e9coliers d\u2019apr\u00e8s guerre 1939-1945.<\/p>\n<p>Des t\u00e9moignages sont venus renforcer cette publication comme le t\u00e9moignage de Claude Daval, un Avessacais de 80\u00a0ans, qui empruntait un chemin de 7\u00a0km entre son domicile et l\u2019\u00e9cole situ\u00e9e dans le bourg.<\/p>\n<p>Serge Libot s\u2019est r\u00e9joui de l\u2019enthousiasme que les gens ont exprim\u00e9 envers cet ouvrage.<\/p>\n<p>\u00a0Nous avons apport\u00e9 un stock d\u2019une bonne vingtaine d\u2019exemplaires. \u00c0 notre agr\u00e9able surprise, ce petit stock a \u00e9t\u00e9 \u00e9puis\u00e9. Il reste encore des exemplaires \u00e0 commander aupr\u00e8s de nos membres.\u00a0<\/p>\n<p>Pratique<\/p>\n<p>Les personnes int\u00e9ress\u00e9es sont invit\u00e9es \u00e0 contacter les membres au 06\u00a006\u00a055\u00a051\u00a072 Ou\u00a0: 06\u00a062\u00a096\u00a034\u00a003. Prix\u00a0: 14\u00a0\u20ac. Le livre sera prochainement disponible au magasin Proxy \u00e0 Avessac. L\u2019ouvrage est imprim\u00e9 par Roudenn Grafik, il peut \u00eatre emprunt\u00e9 \u00e0 la m\u00e9diath\u00e8que d\u2019Avessac.<\/p>\n<p>\u00a0<\/p>\n","protected":false},"excerpt":{"rendered":"L\u2019association Avessac Histoire et Patrimoine a publi\u00e9 un nouveau livre Sur le chemin des \u00e9coliers. Samedi 14\u00a0juin, dans&hellip;\n","protected":false},"author":2,"featured_media":180012,"comment_status":"","ping_status":"","sticky":false,"template":"","format":"standard","meta":{"footnotes":""},"categories":[1357],"tags":[31697,1379,31698,58,1122,59,1011,27,937,2003,1380,3272],"class_list":{"0":"post-180011","1":"post","2":"type-post","3":"status-publish","4":"format-standard","5":"has-post-thumbnail","7":"category-livres","8":"tag-avessac","9":"tag-books","10":"tag-chemins","11":"tag-divertissement","12":"tag-ecole","13":"tag-entertainment","14":"tag-fr","15":"tag-france","16":"tag-histoire","17":"tag-livre","18":"tag-livres","19":"tag-saint-nazaire"},"share_on_mastodon":{"url":"https:\/\/pubeurope.com\/@fr\/114691285150451584","error":""},"_links":{"self":[{"href":"https:\/\/www.europesays.com\/fr\/wp-json\/wp\/v2\/posts\/180011","targetHints":{"allow":["GET"]}}],"collection":[{"href":"https:\/\/www.europesays.com\/fr\/wp-json\/wp\/v2\/posts"}],"about":[{"href":"https:\/\/www.europesays.com\/fr\/wp-json\/wp\/v2\/types\/post"}],"author":[{"embeddable":true,"href":"https:\/\/www.europesays.com\/fr\/wp-json\/wp\/v2\/users\/2"}],"replies":[{"embeddable":true,"href":"https:\/\/www.europesays.com\/fr\/wp-json\/wp\/v2\/comments?post=180011"}],"version-history":[{"count":0,"href":"https:\/\/www.europesays.com\/fr\/wp-json\/wp\/v2\/posts\/180011\/revisions"}],"wp:featuredmedia":[{"embeddable":true,"href":"https:\/\/www.europesays.com\/fr\/wp-json\/wp\/v2\/media\/180012"}],"wp:attachment":[{"href":"https:\/\/www.europesays.com\/fr\/wp-json\/wp\/v2\/media?parent=180011"}],"wp:term":[{"taxonomy":"category","embeddable":true,"href":"https:\/\/www.europesays.com\/fr\/wp-json\/wp\/v2\/categories?post=180011"},{"taxonomy":"post_tag","embeddable":true,"href":"https:\/\/www.europesays.com\/fr\/wp-json\/wp\/v2\/tags?post=180011"}],"curies":[{"name":"wp","href":"https:\/\/api.w.org\/{rel}","templated":true}]}}