{"id":180035,"date":"2025-06-16T05:15:10","date_gmt":"2025-06-16T05:15:10","guid":{"rendered":"https:\/\/www.europesays.com\/fr\/180035\/"},"modified":"2025-06-16T05:15:10","modified_gmt":"2025-06-16T05:15:10","slug":"la-rarissime-floraison-dun-penis-de-titan-attendue-a-nancy-liberation","status":"publish","type":"post","link":"https:\/\/www.europesays.com\/fr\/180035\/","title":{"rendered":"La rarissime floraison d\u2019un p\u00e9nis de titan attendue \u00e0 Nancy \u2013 Lib\u00e9ration"},"content":{"rendered":"<p class=\"sc-ksZaOG ehjQrN text-element\">Le bien nomm\u00e9 \u00abEros\u00bb, un p\u00e9nis de titan, fleur gigantesque end\u00e9mique de l\u2019\u00eele de Sumatra en Indon\u00e9sie, s\u2019appr\u00eate \u00e0 fleurir \u00e0 Villers-l\u00e8s-Nancy (Lorraine), dans les serres du jardin botanique Jean-Marie-Pelt. L\u2019\u00e9v\u00e9nement est rarissime et guett\u00e9 par bon nombre d\u2019amateurs d\u2019horticulture.<\/p>\n<p class=\"sc-ksZaOG ehjQrN text-element\">La plante, qui peut vivre de 30 \u00e0 40 ans, met des ann\u00e9es \u00e0 fleurir. \u00abDans son milieu naturel, la floraison de l\u2019Amorphophallus titanum reste exceptionnelle\u00bb, \u00e0 cause des ressources limit\u00e9es au sol et de la forte concurrence entre les esp\u00e8ces v\u00e9g\u00e9tales dans les for\u00eats tropicales, explique <a href=\"https:\/\/www.jardinbotaniquedenancy.eu\/jardin-botanique-jean-marie-pelt\/explorer\/floraison-exceptionnelle\" target=\"_blank\" rel=\"noreferrer nofollow noopener\" title=\"https:\/\/www.jardinbotaniquedenancy.eu\/jardin-botanique-jean-marie-pelt\/explorer\/floraison-exceptionnelle\">le site du jardin botanique<\/a>. Dans les serres pr\u00e8s de Nancy, la floraison peut d\u00e9sormais intervenir \u00e0 tout moment d\u2019ici au 25 juin.<\/p>\n<p class=\"sc-ksZaOG ehjQrN text-element\">Le sp\u00e9cimen qui s\u2019appr\u00eate \u00e0 \u00e9clore \u2013 sur les trois confi\u00e9s au jardin Jean-Marie-Pelt \u2013 a \u00e9t\u00e9 pr\u00e9nomm\u00e9 Eros. C\u2019est un Amorphophallus titanum, aussi connu sous le nom d\u2019Arum titan, c\u00e9l\u00e8bre pour produire la plus grande et la plus odorante inflorescence du monde. Celle-ci ne durera que quelques jours, avant de faner. Lorsqu\u2019elle est ouverte, la fleur d\u00e9gage une forte odeur de chair en d\u00e9composition, destin\u00e9e \u00e0 attirer les insectes pollinisateurs, des col\u00e9opt\u00e8res friands de viande pourrie.<\/p>\n<p class=\"sc-ksZaOG ehjQrN text-element\">\u00abAg\u00e9 de 7 ans et pesant 21 kilos, Eros est notre deuxi\u00e8me Arum titan \u00e0 atteindre sa maturit\u00e9 (apr\u00e8s Tintin en 2023)\u00bb, se f\u00e9licite le jardin botanique. La plante mesurait 85 cm le 5 juin, mais sa croissance est toujours en cours. Certains sp\u00e9cimens peuvent mesurer jusqu\u2019\u00e0 trois m\u00e8tres. En 2023, la floraison de Tintin avait attir\u00e9 l\u2019int\u00e9r\u00eat scientifique et pr\u00e8s de 60 000 curieux, rapporte <a href=\"https:\/\/www.estrepublicain.fr\/environnement\/2025\/06\/09\/floraison-du-phallus-de-titan-ce-pourrait-etre-le-17-juin\" target=\"_blank\" rel=\"noreferrer nofollow noopener\" title=\"https:\/\/www.estrepublicain.fr\/environnement\/2025\/06\/09\/floraison-du-phallus-de-titan-ce-pourrait-etre-le-17-juin\">L\u2019Est R\u00e9publicain<\/a>.<\/p>\n<p class=\"sc-ksZaOG ehjQrN text-element\">L\u2019Arum titan est class\u00e9 \u00aben danger\u00bb sur la liste rouge de l\u2019Union internationale pour la conservation de la nature (UICN), apr\u00e8s un d\u00e9clin estim\u00e9 \u00e0 50 % de sa population au cours des 150 derni\u00e8res ann\u00e9es, notamment \u00e0 cause de la r\u00e9colte de bois et la d\u00e9forestation li\u00e9e \u00e0 la production d\u2019huile de palme. Il reste moins de 1 000 individus dans la nature, selon l\u2019UICN.<\/p>\n","protected":false},"excerpt":{"rendered":"Le bien nomm\u00e9 \u00abEros\u00bb, un p\u00e9nis de titan, fleur gigantesque end\u00e9mique de l\u2019\u00eele de Sumatra en Indon\u00e9sie, s\u2019appr\u00eate&hellip;\n","protected":false},"author":2,"featured_media":180036,"comment_status":"","ping_status":"","sticky":false,"template":"","format":"standard","meta":{"footnotes":""},"categories":[9635],"tags":[1111,11,5253,1777,674,1011,27,775,1702,12,25],"class_list":{"0":"post-180035","1":"post","2":"type-post","3":"status-publish","4":"format-standard","5":"has-post-thumbnail","7":"category-nancy","8":"tag-actu","9":"tag-actualites","10":"tag-biodiversite-cest-la-sante","11":"tag-eu","12":"tag-europe","13":"tag-fr","14":"tag-france","15":"tag-grand-est","16":"tag-nancy","17":"tag-news","18":"tag-republique-francaise"},"share_on_mastodon":{"url":"https:\/\/pubeurope.com\/@fr\/114691343983364871","error":""},"_links":{"self":[{"href":"https:\/\/www.europesays.com\/fr\/wp-json\/wp\/v2\/posts\/180035","targetHints":{"allow":["GET"]}}],"collection":[{"href":"https:\/\/www.europesays.com\/fr\/wp-json\/wp\/v2\/posts"}],"about":[{"href":"https:\/\/www.europesays.com\/fr\/wp-json\/wp\/v2\/types\/post"}],"author":[{"embeddable":true,"href":"https:\/\/www.europesays.com\/fr\/wp-json\/wp\/v2\/users\/2"}],"replies":[{"embeddable":true,"href":"https:\/\/www.europesays.com\/fr\/wp-json\/wp\/v2\/comments?post=180035"}],"version-history":[{"count":0,"href":"https:\/\/www.europesays.com\/fr\/wp-json\/wp\/v2\/posts\/180035\/revisions"}],"wp:featuredmedia":[{"embeddable":true,"href":"https:\/\/www.europesays.com\/fr\/wp-json\/wp\/v2\/media\/180036"}],"wp:attachment":[{"href":"https:\/\/www.europesays.com\/fr\/wp-json\/wp\/v2\/media?parent=180035"}],"wp:term":[{"taxonomy":"category","embeddable":true,"href":"https:\/\/www.europesays.com\/fr\/wp-json\/wp\/v2\/categories?post=180035"},{"taxonomy":"post_tag","embeddable":true,"href":"https:\/\/www.europesays.com\/fr\/wp-json\/wp\/v2\/tags?post=180035"}],"curies":[{"name":"wp","href":"https:\/\/api.w.org\/{rel}","templated":true}]}}