{"id":180039,"date":"2025-06-16T05:17:11","date_gmt":"2025-06-16T05:17:11","guid":{"rendered":"https:\/\/www.europesays.com\/fr\/180039\/"},"modified":"2025-06-16T05:17:11","modified_gmt":"2025-06-16T05:17:11","slug":"il-commence-a-avoir-faim-le-retour-en-force-de-maa-nonu-linoxydable-guerrier-de-toulon","status":"publish","type":"post","link":"https:\/\/www.europesays.com\/fr\/180039\/","title":{"rendered":"\u00abIl commence \u00e0 avoir faim\u00bb, le retour en force de Ma\u2019a Nonu, l\u2019inoxydable guerrier de Toulon"},"content":{"rendered":"<p>R\u00e9cemment sorti de sa retraite sportive, l\u2019ancien centre des All Blacks a sign\u00e9, \u00e0 43 ans, un retour fracassant en marquant samedi contre Castres. Une long\u00e9vit\u00e9 record.<\/p>\n<p class=\"fig-paragraph\">Une acc\u00e9l\u00e9ration finale qui a fait exploser Castres. Longtemps malmen\u00e9,\u00a0<a href=\"http:\/\/www.lefigaro.fr\/sports\/rugby\/top-14\/toulon-castres-wainiqolo-sur-puissant-jaminet-splendide-nonu-pour-l-histoire-les-tops-flops-du-barrage-20250615\" data-fig-type=\"NewsFlash\" data-gtm-custom-categorie=\"navigation\" data-gtm-custom-action=\"crossclick\" data-gtm-custom-label=\"Contextuel\" data-gtm-event=\"customEventSPE\" data-fig-domain=\"LEFIGARO\" target=\"_blank\" rel=\"noopener\">le RC Toulon a fait craquer le CO<\/a>\u00a0en fin de rencontre, samedi lors du deuxi\u00e8me barrage du Top 14. Avec notamment un essai du v\u00e9t\u00e9ran\u00a0<a href=\"http:\/\/www.lefigaro.fr\/sports\/rugby\/top-14\/top-14-toulon-ressort-nonu-face-a-bayonne-20250606\" data-fig-type=\"NewsFlash\" data-gtm-custom-categorie=\"navigation\" data-gtm-custom-action=\"crossclick\" data-gtm-custom-label=\"Contextuel\" data-gtm-event=\"customEventSPE\" data-fig-domain=\"LEFIGARO\" target=\"_blank\" rel=\"noopener\">Ma\u2019a Nonu<\/a>, r\u00e9cemment sorti de sa retraite sportive, et qui est devenu, \u00e0 43 ans depuis le 21 mai, le joueur le plus \u00e2g\u00e9 \u00e0 inscrire un essai dans le championnat de France. Effa\u00e7ant des tablettes l\u2019ancienne ic\u00f4ne fidjienne\u00a0<a href=\"https:\/\/www.lefigaro.fr\/sports\/rugby\/top-14\/fil-info\/sireli-bobo-va-rester-a-pau-781701\" data-fig-type=\"NewsFlash\" data-gtm-custom-categorie=\"navigation\" data-gtm-custom-action=\"crossclick\" data-gtm-custom-label=\"Contextuel\" data-gtm-event=\"customEventSPE\" data-fig-domain=\"LEFIGARO\" target=\"_blank\" rel=\"noopener\">Sireli Bobo<\/a>\u00a0(pass\u00e9 notamment par Biarritz et le Racing 92) qui avait marqu\u00e9 \u00e0 40 ans avec la Section Paloise en 2016.<\/p>\n<p class=\"fig-paragraph\"><a href=\"http:\/\/www.lefigaro.fr\/sports\/rugby\/top-14\/on-est-tellement-chanceux-a-toulon-la-folie-autour-du-retour-du-all-black-ma-a-nonu-20250225\" data-fig-type=\"NewsFlash\" data-gtm-custom-categorie=\"navigation\" data-gtm-custom-action=\"crossclick\" data-gtm-custom-label=\"Contextuel\" data-gtm-event=\"customEventSPE\" data-fig-domain=\"LEFIGARO\" target=\"_blank\" rel=\"noopener\">L\u2019annonce du troisi\u00e8me retour de Nonu \u00e0 Toulon<\/a>, apr\u00e8s ses passages entre 2015 et 2018 puis durant la saison 2020-2021, avait suscit\u00e9 autant d\u2019admiration que d\u2019interrogations. Mais\u00a0<a href=\"http:\/\/www.lefigaro.fr\/sports\/rugby\/top-14\/top-14-ca-nous-apporte-un-peu-plus-de-confiance-pour-la-demi-finale-face-a-l-ubb-espere-mignoni-rct-20250615\" data-fig-type=\"NewsFlash\" data-gtm-custom-categorie=\"navigation\" data-gtm-custom-action=\"crossclick\" data-gtm-custom-label=\"Contextuel\" data-gtm-event=\"customEventSPE\" data-fig-domain=\"LEFIGARO\" target=\"_blank\" rel=\"noopener\">Pierre Mignoni<\/a>\u00a0avait \u00e9t\u00e9 clair, il comptait bien sur l\u2019ancien centre des All Blacks aux 102 s\u00e9lections, double champion du monde (2011, 2015). \u00abOn a pris toute la semaine pour mettre un plan en marche et v\u00e9rifier qu\u2019on ne se payait pas un symbole. Notre club n\u2019a plus besoin de recruter des figures Panini\u00bb, avait expliqu\u00e9 le manager varois avant ce retour. \u00abIl ne va pas arriver et \u00eatre titulaire \u00e0 tous les matchs, poursuivait-il. Il va \u00eatre proche des joueurs, proche des coachs et impacter le reste du groupe par sa pr\u00e9sence et son exemplarit\u00e9.\u00bb<\/p>\n<p class=\"fig-paragraph\">Sur la Rade, Ma\u2019a Nonu a retrouv\u00e9 son vieux copain\u00a0<a href=\"http:\/\/www.lefigaro.fr\/sports\/cyclisme\/paris-roubaix-quand-l-ancienne-star-du-rugby-mathieu-bastareaud-s-essaye-sur-le-mythique-trace-en-video-20250413\" data-fig-type=\"NewsFlash\" data-gtm-custom-categorie=\"navigation\" data-gtm-custom-action=\"crossclick\" data-gtm-custom-label=\"Contextuel\" data-gtm-event=\"customEventSPE\" data-fig-domain=\"LEFIGARO\" target=\"_blank\" rel=\"noopener\">Mathieu Bastareaud<\/a>\u00a0dont il est tr\u00e8s proche. \u00c0 l\u2019issue de la qualification du RCT, les deux anciens comp\u00e8res se sont longuement enlac\u00e9s sur la pelouse de Mayol. Lors de l\u2019annonce du retour de l\u2019embl\u00e9matique N\u00e9o-Z\u00e9landais, c\u2019est d\u2019ailleurs l\u2019ancien centre du XV de France, devenu team manager du club varois, qui lui avait symboliquement remis un maillot rouge et noir floqu\u00e9 du num\u00e9ro 12. \u00abParce qu\u2019une saison se joue jusqu\u2019au bout et pour pallier certaines absences de longue dur\u00e9e, le RCT pourra compter sur un renfort d\u2019exp\u00e9rience pour accompagner le groupe dans les semaines \u00e0 venir\u00bb, se f\u00e9licitait alors le club au brin de muguet. Le joueur pass\u00e9 par la Legion de San Diego aux \u00c9tats-Unis (2020 puis 2022-2024) \u00e9tait devenu le doyen en activit\u00e9 du championnat de France, devant le pilier argentin du Stade Fran\u00e7ais Paris, Francisco Gomez Kodela (39 ans).<\/p>\n<blockquote class=\"fig-quote&#10;    \">\n<p class=\"fig-quote__text\">Je sens qu\u2019il commence \u00e0 avoir faim, que \u00e7a le d\u00e9mange<\/p>\n<p>            Pierre Mignoni\n    <\/p><\/blockquote>\n<p class=\"fig-paragraph\">Mignoni ne s\u2019\u00e9tait pas tromp\u00e9 en rappelant Nonu. Pari gagnant. Et le manager varois a tenu, aupr\u00e8s de L\u2019\u00c9quipe, \u00e0 r\u00e9pondre \u00e0 ceux qui doutaient de son choix. \u00abJ\u2019ai \u00e9t\u00e9 beaucoup critiqu\u00e9 parce qu\u2019on m\u2019a reproch\u00e9 de prendre un joueur de 42 ans (\u00e0 l\u2019\u00e9poque), a-t-il rappel\u00e9. Mais s\u2019il n\u2019avait pas \u00e9t\u00e9 apte \u00e0 jouer, on ne l\u2019aurait pas align\u00e9.\u00bb Et de souligner l\u2019apport imm\u00e9diat de l\u2019ancien All Black\u00a0: \u00abIl nous am\u00e8ne tellement, tous les jours. Il diffuse de la s\u00e9r\u00e9nit\u00e9. Il ne parle pas beaucoup mais il impacte le groupe au quotidien par son exemplarit\u00e9. C\u2019est davantage que ce qu\u2019il peut faire en match, m\u00eame si ce (samedi) soir, il a montr\u00e9 les deux.\u00bb<\/p>\n<p class=\"fig-body-link\">\n            \u00c0 lire aussi<br \/>\n        <a class=\"fig-body-link__link\" href=\"http:\/\/www.lefigaro.fr\/sports\/rugby\/top-14\/toulon-castres-arrete-de-jouer-tout-seul-quand-tuicuvu-recadre-sechement-serin-en-plein-match-20250615\" data-fig-type=\"NewsFlash\" data-gtm-custom-categorie=\"navigation\" data-gtm-custom-action=\"crossclick\" data-gtm-custom-label=\"Contextuel\" data-gtm-event=\"customEventSPE\" data-fig-domain=\"LEFIGARO\" target=\"_blank\" rel=\"noopener\">Toulon-Castres\u00a0: \u00abArr\u00eate de jouer tout seul\u00bb, quand Tuicuvu recadre s\u00e8chement Serin en plein match<br \/>\n    <\/a>\n<\/p>\n<p class=\"fig-paragraph\">Depuis son retour, Nonu a disput\u00e9 quatre matches (dont une titularisation contre Bayonne lors de la 26e journ\u00e9e) pour 103 minutes de jeu. Et il a pu montrer qu\u2019il n\u2019a rien perdu de sa force de percussion et de sa capacit\u00e9 \u00e0 fixer les d\u00e9fenses et \u00e0 jouer en pivot. \u00abJe vous assure que c\u2019est un moteur pour le groupe. Il impacte les autres, c\u2019est incroyable, avait d\u00e9taill\u00e9 Pierre Mignoni dans les colonnes de Var Matin avant le match contre l\u2019Aviron. Pas par des paroles, mais par des actes et par l\u2019action. Il est hyper g\u00e9n\u00e9reux, il donne beaucoup. Et pour ce qui est du terrain, il est en train de retrouver un certain niveau&#8230; Et je sens qu\u2019il commence \u00e0 avoir faim, que \u00e7a le d\u00e9mange.\u00bb<\/p>\n<p>Cha\u00eene en or qui brille<\/p>\n<p class=\"fig-paragraph\">Son envie de jouer et d\u2019en d\u00e9coudre est \u00e9vidente. Parfois trop, puisque le centre n\u00e9o-z\u00e9landais avait carr\u00e9ment oubli\u00e9 d\u2019enlever sa cha\u00eene en or avant de rentrer sur la pelouse de Mayol contre Castres. Plut\u00f4t classe et in\u00e9dit mais pas vraiment autoris\u00e9 par le r\u00e8glement. Un nouvel effet de mode\u00a0? Ma\u2019a Nonu &#8211; d\u00e9j\u00e0 connu pour ses dreadlocks qu\u2019il n\u2019h\u00e9site pas \u00e0 teindre selon ses envies &#8211; n\u2019a jamais fait les choses comme les autres. Au d\u00e9but de sa carri\u00e8re, il se mettait en effet de&#8230; l\u2019eyeliner sur les yeux\u00a0! Une dr\u00f4le d\u2019id\u00e9e vite arr\u00eat\u00e9e mais qui l\u2019avait fait sourire\u00a0: \u00abLes rock stars mettent de l\u2019eyeliner, pourquoi ne pas essayer\u00a0? Ce n\u2019\u00e9tait pas terrible. \u00c7a n\u2019a pas chang\u00e9 qui je suis.. Mais je suppose que les All Blacks ne portent pas de maquillage&#8230;\u00bb <\/p>\n","protected":false},"excerpt":{"rendered":"R\u00e9cemment sorti de sa retraite sportive, l\u2019ancien centre des All Blacks a sign\u00e9, \u00e0 43 ans, un retour&hellip;\n","protected":false},"author":2,"featured_media":180040,"comment_status":"","ping_status":"","sticky":false,"template":"","format":"standard","meta":{"footnotes":""},"categories":[9619],"tags":[1111,11,2305,525,4590,1981,2313,814,1777,674,1011,27,955,12,4589,882,2311,3461,25,1980,479,10405,2259,478,2310,2312],"class_list":{"0":"post-180039","1":"post","2":"type-post","3":"status-publish","4":"format-standard","5":"has-post-thumbnail","7":"category-toulon","8":"tag-actu","9":"tag-actualites","10":"tag-all-blacks","11":"tag-calendrier","12":"tag-championnat-france","13":"tag-classement","14":"tag-clermont","15":"tag-direct","16":"tag-eu","17":"tag-europe","18":"tag-fr","19":"tag-france","20":"tag-match","21":"tag-news","22":"tag-phase-finale","23":"tag-provence-alpes-cote-dazur","24":"tag-racing","25":"tag-rct","26":"tag-republique-francaise","27":"tag-resultats","28":"tag-rugby","29":"tag-rugby-club-toulonnais","30":"tag-score","31":"tag-top-14","32":"tag-toulon","33":"tag-toulouse"},"share_on_mastodon":{"url":"https:\/\/pubeurope.com\/@fr\/114691351728854038","error":""},"_links":{"self":[{"href":"https:\/\/www.europesays.com\/fr\/wp-json\/wp\/v2\/posts\/180039","targetHints":{"allow":["GET"]}}],"collection":[{"href":"https:\/\/www.europesays.com\/fr\/wp-json\/wp\/v2\/posts"}],"about":[{"href":"https:\/\/www.europesays.com\/fr\/wp-json\/wp\/v2\/types\/post"}],"author":[{"embeddable":true,"href":"https:\/\/www.europesays.com\/fr\/wp-json\/wp\/v2\/users\/2"}],"replies":[{"embeddable":true,"href":"https:\/\/www.europesays.com\/fr\/wp-json\/wp\/v2\/comments?post=180039"}],"version-history":[{"count":0,"href":"https:\/\/www.europesays.com\/fr\/wp-json\/wp\/v2\/posts\/180039\/revisions"}],"wp:featuredmedia":[{"embeddable":true,"href":"https:\/\/www.europesays.com\/fr\/wp-json\/wp\/v2\/media\/180040"}],"wp:attachment":[{"href":"https:\/\/www.europesays.com\/fr\/wp-json\/wp\/v2\/media?parent=180039"}],"wp:term":[{"taxonomy":"category","embeddable":true,"href":"https:\/\/www.europesays.com\/fr\/wp-json\/wp\/v2\/categories?post=180039"},{"taxonomy":"post_tag","embeddable":true,"href":"https:\/\/www.europesays.com\/fr\/wp-json\/wp\/v2\/tags?post=180039"}],"curies":[{"name":"wp","href":"https:\/\/api.w.org\/{rel}","templated":true}]}}