{"id":180045,"date":"2025-06-16T05:20:08","date_gmt":"2025-06-16T05:20:08","guid":{"rendered":"https:\/\/www.europesays.com\/fr\/180045\/"},"modified":"2025-06-16T05:20:08","modified_gmt":"2025-06-16T05:20:08","slug":"un-riverain-de-grand-couronne-passe-a-tabac-car-il-voulait-faire-cesser-un-rodeo-urbain-devant-chez-lui","status":"publish","type":"post","link":"https:\/\/www.europesays.com\/fr\/180045\/","title":{"rendered":"Un riverain de Grand-Couronne pass\u00e9 \u00e0 tabac car il voulait faire cesser un rod\u00e9o urbain devant chez lui"},"content":{"rendered":"<p>            Par<br \/>\n        <strong><br \/>\n            <a href=\"https:\/\/actu.fr\/auteur\/fmass\" title=\"Consulter tous les articles de Fabien Massin\" target=\"_blank\" rel=\"noopener\">Fabien Massin<\/a><br \/>\n        <\/strong><\/p>\n<p>        Publi\u00e9 le<\/p>\n<p>            16 juin 2025 \u00e0 7h16        <\/p>\n<p><strong>Un d\u00e9cha\u00eenement de violence gratuite<\/strong> et en r\u00e9union contre un homme seul \u00e0 terre. Voil\u00e0 ce qui est arriv\u00e9 \u00e0 un riverain de <a href=\"https:\/\/actu.fr\/normandie\/grand-couronne_76319\" target=\"_blank\" rel=\"noopener\">Grand-Couronne<\/a>, au sud de l\u2019agglo de <a href=\"https:\/\/actu.fr\/normandie\/rouen_76540\" target=\"_blank\" rel=\"noopener\">Rouen (Seine-Maritime)<\/a>. La cause de ce passage \u00e0 tabac\u2009? Cet habitant a voulu faire cesser un <a href=\"https:\/\/actu.fr\/tag\/rodeos-urbains\" target=\"_blank\" rel=\"noopener\">rod\u00e9o urbain<\/a> qui se d\u00e9roulait devant chez lui, <strong>avenue Georges-Braque en pleine nuit<\/strong>. Deux auteurs des coups ont \u00e9t\u00e9 jug\u00e9s pour ces faits au tribunal correctionnel de Rouen vendredi 13\u00a0juin 2025. Voici ce qu\u2019a d\u00e9cid\u00e9 la justice.<\/p>\n<p>Un passage \u00e0 tabac en r\u00e8gle<\/p>\n<p class=\" wall-content\">En cette soir\u00e9e du vendredi 7\u00a0mars, Emmanuel*, la trentaine, riverain de l\u2019avenue Georges-Braque \u00e0 Grand-Couronne est souffrant et peine \u00e0 trouver le sommeil. Dehors, le <strong>vrombissement des motocross<\/strong> en plein rod\u00e9o urbain l\u2019en emp\u00eache. Un genre de soir\u00e9e \u00e0 laquelle les Couronnais sont h\u00e9las <a href=\"https:\/\/actu.fr\/normandie\/grand-couronne_76319\/a-grand-couronne-les-habitants-n-en-peuvent-plus-des-rodeos-ils-ne-font-attention-a-rien-ni-personne_62627042.html\" target=\"_blank\" rel=\"noopener\">r\u00e9guli\u00e8rement confront\u00e9s<\/a>. Il sort de son domicile et va au-devant de jeunes, leur demandant de cesser leurs agissements. Ceux-ci refusent et l\u2019un d\u2019eux assure m\u00eame qu\u2019ils vont \u00ab\u2009continuer \u00e0 faire du bruit\u2009\u00bb.<\/p>\n<p class=\" wall-content\">Ensuite, l\u2019encha\u00eenement des faits n\u2019est pas tr\u00e8s clair, mais tr\u00e8s rapide\u2009:<strong> les coups pleuvent sur Emmanuel<\/strong>, port\u00e9 \u00e0 terre par un groupe d\u2019une dizaine de personnes. Sur le plan purement physique, il s\u2019en sort plut\u00f4t bien, avec \u00ab\u2009seulement\u2009\u00bb plusieurs l\u00e9sions au front, au bras ou \u00e0 la cuisse.<\/p>\n<p>\u00ab\u2009C\u2019est une meute\u2009\u00bb<\/p>\n<p class=\" wall-content\">Il d\u00e9pose plainte, et quelques jours plus tard l\u2019affaire rebondit quand <strong>un voisin lui remet une vid\u00e9o<\/strong> prise pendant le passage \u00e0 tabac. La lecture de ces images conduit \u00e0 l\u2019identification de deux hommes ayant particip\u00e9 aux violences\u2009: M. et Z.. Tous deux \u00e2g\u00e9s de 25\u00a0ans, amis depuis longtemps, ils ont d\u00e9j\u00e0 \u00e9t\u00e9 condamn\u00e9s \u00e0 deux reprises pour des <strong>violences commises ensemble<\/strong>, ce qui leur a valu \u00e0 tous les deux un premier s\u00e9jour en prison.<\/p>\n<p class=\" wall-content\">Devant le tribunal, ils minimisent les faits, s\u2019emm\u00ealent les pinceaux dans des explications confuses. Ils tentent m\u00eame de faire croire qu\u2019ils se sont interpos\u00e9s pour stopper l\u2019altercation. Ces d\u00e9n\u00e9gations et mensonges<strong> ne font pas long feu apr\u00e8s le visionnage<\/strong>, \u00e0 trois reprises, de la vid\u00e9o.<\/p>\n<p class=\" wall-content\">La procureure de la R\u00e9publique s\u2019\u00e9trangle d\u2019ailleurs\u2009: \u00ab\u2009Quand on regarde la vid\u00e9o, on voit un d\u00e9cha\u00eenement de violences sur un homme seul au sol. En plus d\u2019\u00eatre violent, c\u2019est l\u00e2che. On a expliqu\u00e9 \u00e0 la victime qu\u2019il n\u2019avait pas \u00e0 venir se plaindre du bruit. Ces jeunes veulent faire la loi. C\u2019est une meute.\u2009\u00bb<\/p>\n<p>Une victime traumatis\u00e9e<\/p>\n<p class=\" wall-content\">L\u2019avocate d\u2019Emmanuel a d\u00e9crit un homme traumatis\u00e9 par cette soir\u00e9e,<strong> qui depuis a chang\u00e9 ses habitudes de vie<\/strong>, qui ne sort plus de chez lui \u2014 ou le moins possible \u2014 de peur de rencontrer ses agresseurs. Du c\u00f4t\u00e9 des avocats de la d\u00e9fense, l\u2019une a mis en avant le fait que son client, M., \u00e9tait ins\u00e9r\u00e9 dans la vie sociale et avait un emploi stable de chauffeur routier. Celui de Z. a \u00e9mis des doutes sur <strong>l\u2019interpr\u00e9tation exacte des images<\/strong> de la vid\u00e9o.<\/p>\n<p class=\" wall-content\">Dans son jugement, le tribunal a refus\u00e9 de faire de distinguo entre les deux pr\u00e9venus, qui \u00e9copent tous d\u2019une peine de<strong> 20\u00a0mois d\u2019emprisonnement<\/strong> dont 8 avec sursis, la peine de 12\u00a0mois de prison ferme \u00e9tant am\u00e9nag\u00e9e sous le r\u00e9gime du bracelet \u00e9lectronique.<\/p>\n<p class=\" wall-content\">*Le pr\u00e9nom a \u00e9t\u00e9 chang\u00e9<\/p>\n<p>Suivez l\u2019actualit\u00e9 de Rouen sur notre <a href=\"https:\/\/www.whatsapp.com\/channel\/0029VaKfnf99hXF2ddApFB1D\" target=\"_blank\" rel=\"noopener\">cha\u00eene WhatsApp<\/a> et sur notre <a href=\"https:\/\/www.tiktok.com\/@76actu.fr?lang=fr\" target=\"_blank\" rel=\"noopener\">compte TikTok<\/a><\/p>\n<p class=\" wall-content\">Suivez toute l\u2019actualit\u00e9 de vos villes et m\u00e9dias favoris en vous inscrivant \u00e0 <a href=\"https:\/\/moncompte.actu.fr\" title=\"D\u00e9couvez Mon Actu\" rel=\"nofollow noopener\" data-trk=\"{&quot;cta&quot;:{&quot;action&quot;:&quot;https:\\\/\\\/moncompte.actu.fr&quot;,&quot;category&quot;:&quot;mon compte&quot;,&quot;from&quot;:&quot;article footer&quot;,&quot;name&quot;:&quot;Mon actu&quot;,&quot;type&quot;:&quot;cta&quot;}}\" target=\"_blank\">Mon Actu<\/a>.<\/p>\n<p>                    <script async src=\"\/\/www.tiktok.com\/embed.js\"><\/script><\/p>\n","protected":false},"excerpt":{"rendered":"Par Fabien Massin Publi\u00e9 le 16 juin 2025 \u00e0 7h16 Un d\u00e9cha\u00eenement de violence gratuite et en r\u00e9union&hellip;\n","protected":false},"author":2,"featured_media":180046,"comment_status":"","ping_status":"","sticky":false,"template":"","format":"standard","meta":{"footnotes":""},"categories":[9587],"tags":[1111,11,1777,674,118,1011,27,303,12,5161,25,5575,9590],"class_list":{"0":"post-180045","1":"post","2":"type-post","3":"status-publish","4":"format-standard","5":"has-post-thumbnail","7":"category-rouen","8":"tag-actu","9":"tag-actualites","10":"tag-eu","11":"tag-europe","12":"tag-faits-divers","13":"tag-fr","14":"tag-france","15":"tag-justice","16":"tag-news","17":"tag-normandie","18":"tag-republique-francaise","19":"tag-rodeos-urbains","20":"tag-rouen"},"share_on_mastodon":{"url":"https:\/\/pubeurope.com\/@fr\/114691363567467253","error":""},"_links":{"self":[{"href":"https:\/\/www.europesays.com\/fr\/wp-json\/wp\/v2\/posts\/180045","targetHints":{"allow":["GET"]}}],"collection":[{"href":"https:\/\/www.europesays.com\/fr\/wp-json\/wp\/v2\/posts"}],"about":[{"href":"https:\/\/www.europesays.com\/fr\/wp-json\/wp\/v2\/types\/post"}],"author":[{"embeddable":true,"href":"https:\/\/www.europesays.com\/fr\/wp-json\/wp\/v2\/users\/2"}],"replies":[{"embeddable":true,"href":"https:\/\/www.europesays.com\/fr\/wp-json\/wp\/v2\/comments?post=180045"}],"version-history":[{"count":0,"href":"https:\/\/www.europesays.com\/fr\/wp-json\/wp\/v2\/posts\/180045\/revisions"}],"wp:featuredmedia":[{"embeddable":true,"href":"https:\/\/www.europesays.com\/fr\/wp-json\/wp\/v2\/media\/180046"}],"wp:attachment":[{"href":"https:\/\/www.europesays.com\/fr\/wp-json\/wp\/v2\/media?parent=180045"}],"wp:term":[{"taxonomy":"category","embeddable":true,"href":"https:\/\/www.europesays.com\/fr\/wp-json\/wp\/v2\/categories?post=180045"},{"taxonomy":"post_tag","embeddable":true,"href":"https:\/\/www.europesays.com\/fr\/wp-json\/wp\/v2\/tags?post=180045"}],"curies":[{"name":"wp","href":"https:\/\/api.w.org\/{rel}","templated":true}]}}