{"id":180052,"date":"2025-06-16T05:25:12","date_gmt":"2025-06-16T05:25:12","guid":{"rendered":"https:\/\/www.europesays.com\/fr\/180052\/"},"modified":"2025-06-16T05:25:12","modified_gmt":"2025-06-16T05:25:12","slug":"les-gens-repartent-directement-a-rennes-la-difficile-integration-du-musee-des-beaux-arts-dans-un-quartier-sensible","status":"publish","type":"post","link":"https:\/\/www.europesays.com\/fr\/180052\/","title":{"rendered":"\u00ab\u00a0Les gens repartent directement\u00a0\u00bb\u00a0: \u00e0 Rennes, la difficile int\u00e9gration du Mus\u00e9e des beaux-arts dans un quartier sensible"},"content":{"rendered":"<p>\u00ab Le mus\u00e9e est vraiment beau, \u00e7a enl\u00e8ve l\u2019aspect ghetto de Maurepas \u00bb, juge Nawel, lyc\u00e9enne dans l\u2019\u00e9tablissement d\u2019\u00e0 c\u00f4t\u00e9, en visite scolaire. \u00c0 quelques pas de la bouche de m\u00e9tro Gros-Ch\u00eane, le mus\u00e9e des beaux-arts qui prend appui sur la Banane &#8211; logement social construit en 1962 &#8211; d\u00e9tonne dans un quartier r\u00e9cemment secou\u00e9 par de <a href=\"https:\/\/www.letelegramme.fr\/ille-et-vilaine\/rennes-35000\/les-habitants-se-terrent-chez-eux-comme-des-rats-a-rennes-de-lourdes-requisitions-suite-aux-fusillades-de-maurepas-6755025.php\" target=\"_blank\" rel=\"noopener\">violents affrontements entre dealers<\/a>.<\/p>\n<p>Le mus\u00e9e des beaux-arts de Rennes a investi les lieux en f\u00e9vrier 2025 et depuis son ouverture, il voit affluer quelques milliers de visiteurs. Sur certains jours, les chiffres de fr\u00e9quentation s\u2019\u00e9l\u00e8vent \u00e0 environ 9 000 entr\u00e9es. \u00ab Il y a une bonne fr\u00e9quentation, cela confirme le succ\u00e8s public \u00bb, note Delphine Galloy, directrice du Mus\u00e9e des beaux-arts de Rennes.<\/p>\n<p>Port\u00e9 par la collectivit\u00e9 rennaise, le mus\u00e9e est le premier \u00e9quipement livr\u00e9 dans le <a href=\"https:\/\/www.letelegramme.fr\/ille-et-vilaine\/rennes-35000\/quartiers-prioritaires-a-rennes-que-pensent-les-habitants-des-renovations-6353268.php\" target=\"_blank\" rel=\"noopener\">cadre du plan urbain de r\u00e9habilitation du quartier<\/a>. Sur 10 ans, la municipalit\u00e9 pr\u00e9voit notamment de r\u00e9nover 1 600 logements sociaux. Une transformation, estim\u00e9e autour de 200 M\u20ac, dont l\u2019objectif est de d\u00e9senclaver Maurepas. \u00ab C\u2019est une bonne chose pour le quartier. Un mus\u00e9e reste un mus\u00e9e tout le monde peut y entrer \u00bb, juge une septuag\u00e9naire, habitante \u00e0 Maurepas depuis 40 ans.<\/p>\n<blockquote><p>On s\u2019approprie le lieu plus facilement gr\u00e2ce aux ateliers qui sont organis\u00e9s<\/p><\/blockquote>\n<p>\u00ab On s\u2019approprie le lieu \u00bb<\/p>\n<p>Enti\u00e8rement gratuit, le second site des beaux-arts accueille actuellement deux expositions temporaires. Et ce sont les habitants qui y participent. \u00ab On a invit\u00e9 des gens du quartier \u00e0 choisir des objets du pass\u00e9 et ils ont \u00e9t\u00e9 photographi\u00e9s avec \u00bb, explique Laure Bourgogne, coordinatrice culturelle au mus\u00e9e Maurepas.<\/p>\n<p>Cette approche entend faire du mus\u00e9e un lieu d\u2019abord destin\u00e9 aux habitants. \u00ab Parfois des m\u00e8res avec leurs enfants viennent en attente d\u2019un rendez-vous. Elles se saisissent du lieu \u00bb, constate-t-elle. La mise en relation entre les \u0153uvres et le public se veut aussi diff\u00e9rente. \u00ab On accueille les visiteurs et on fait les visites tr\u00e8s librement. On essaye des formats de visites parfois plus rapides \u00bb, analyse Laure Bourgogne. Victoria, habitante du quartier confie : \u00ab On s\u2019approprie le lieu plus facilement gr\u00e2ce aux ateliers qui sont organis\u00e9s \u00bb.<\/p>\n<blockquote><p>Les gens viennent du centre. Ils sortent du m\u00e9tro et repartent directement une fois que la visite est finie<\/p><\/blockquote>\n<p>Un ovni sur la dalle<\/p>\n<p>Mais pour certains habitants, le mus\u00e9e repr\u00e9sente encore un endroit infranchissable. \u00ab Entre personnes du quartier, les institutions artistiques, on les voit comme des menaces. C\u2019est parfois trop \u00e9litiste \u00bb, confie Laurianne, qui habite le quartier depuis ses sept ans. Pour Laure Bourgogne, coordinatrice culturelle, franchir la porte d\u2019un mus\u00e9e doit \u00eatre moins impressionnant : \u00ab C\u2019est un long travail pour que tout le monde se sente l\u00e9gitime d\u2019y aller mais on peut tous \u00eatre interpell\u00e9 par l\u2019art \u00bb.<\/p>\n<p>\u00c0 l\u2019ext\u00e9rieur du mus\u00e9e, le quartier se transforme. La dalle au centre du quartier qui a vu en dix mois, <a href=\"https:\/\/www.letelegramme.fr\/static\/ftp\/dossier\/data\/dataviz\/retro\/retrospective.php?retro=108&amp;xtp=&amp;canonical=ille-et-vilaine\/rennes-35000\/cest-de-pire-en-pire-on-a-recense-le-nombre-de-fusillades-depuis-le-debut-de-lannee-a-rennes-6693520.php\" target=\"_blank\" rel=\"noopener\">une quinzaine de fusillades entre dealers \u00e0 Rennes<\/a>, va \u00eatre transform\u00e9e. Ces nouveaux \u00e9quipements \u00e0 Maurepas sont dans l\u2019ensemble bien vus par les habitants mais pour certains, ce ne sont que des lieux que l\u2019on traverse sans s\u2019arr\u00eater. \u00ab Le mus\u00e9e manque de lien avec le quartier. On ne le calcule pas \u00bb, regrette Emma (son pr\u00e9nom a \u00e9t\u00e9 chang\u00e9, \u00e0 sa demande), qui vit pr\u00e8s de la dalle. Elle ajoute : \u00ab Les gens viennent du centre. Ils sortent du m\u00e9tro et repartent directement une fois que la visite est finie. Ils ne vont pas se promener ou aller manger dans les commerces qui sont l\u00e0 depuis des ann\u00e9es \u00bb.<\/p>\n<p>Delphine Galloy, directrice du Mus\u00e9e des beaux-arts de Rennes, d\u00e9fend : \u00ab Il ne faut pas trop attendre du mus\u00e9e, il n\u2019a pas pour projet \u00e0 ce que les visiteurs s\u2019arr\u00eatent plus dans le quartier. Le mus\u00e9e est attracteur de public et une fois que tous les \u00e9quipements seront livr\u00e9s, les habitants profiteront de services de quartier \u00bb.<\/p>\n","protected":false},"excerpt":{"rendered":"\u00ab Le mus\u00e9e est vraiment beau, \u00e7a enl\u00e8ve l\u2019aspect ghetto de Maurepas \u00bb, juge Nawel, lyc\u00e9enne dans l\u2019\u00e9tablissement&hellip;\n","protected":false},"author":2,"featured_media":180053,"comment_status":"","ping_status":"","sticky":false,"template":"","format":"standard","meta":{"footnotes":""},"categories":[2821],"tags":[1111,11,829,3173,1777,674,1011,27,12,584,25],"class_list":{"0":"post-180052","1":"post","2":"type-post","3":"status-publish","4":"format-standard","5":"has-post-thumbnail","7":"category-rennes","8":"tag-actu","9":"tag-actualites","10":"tag-bretagne","11":"tag-culture-a-rennes","12":"tag-eu","13":"tag-europe","14":"tag-fr","15":"tag-france","16":"tag-news","17":"tag-rennes","18":"tag-republique-francaise"},"share_on_mastodon":{"url":"https:\/\/pubeurope.com\/@fr\/114691383274881824","error":""},"_links":{"self":[{"href":"https:\/\/www.europesays.com\/fr\/wp-json\/wp\/v2\/posts\/180052","targetHints":{"allow":["GET"]}}],"collection":[{"href":"https:\/\/www.europesays.com\/fr\/wp-json\/wp\/v2\/posts"}],"about":[{"href":"https:\/\/www.europesays.com\/fr\/wp-json\/wp\/v2\/types\/post"}],"author":[{"embeddable":true,"href":"https:\/\/www.europesays.com\/fr\/wp-json\/wp\/v2\/users\/2"}],"replies":[{"embeddable":true,"href":"https:\/\/www.europesays.com\/fr\/wp-json\/wp\/v2\/comments?post=180052"}],"version-history":[{"count":0,"href":"https:\/\/www.europesays.com\/fr\/wp-json\/wp\/v2\/posts\/180052\/revisions"}],"wp:featuredmedia":[{"embeddable":true,"href":"https:\/\/www.europesays.com\/fr\/wp-json\/wp\/v2\/media\/180053"}],"wp:attachment":[{"href":"https:\/\/www.europesays.com\/fr\/wp-json\/wp\/v2\/media?parent=180052"}],"wp:term":[{"taxonomy":"category","embeddable":true,"href":"https:\/\/www.europesays.com\/fr\/wp-json\/wp\/v2\/categories?post=180052"},{"taxonomy":"post_tag","embeddable":true,"href":"https:\/\/www.europesays.com\/fr\/wp-json\/wp\/v2\/tags?post=180052"}],"curies":[{"name":"wp","href":"https:\/\/api.w.org\/{rel}","templated":true}]}}