{"id":180054,"date":"2025-06-16T05:26:15","date_gmt":"2025-06-16T05:26:15","guid":{"rendered":"https:\/\/www.europesays.com\/fr\/180054\/"},"modified":"2025-06-16T05:26:15","modified_gmt":"2025-06-16T05:26:15","slug":"le-festival-transat-en-ville-de-retour-a-rennes-voici-les-spectacles-a-ne-pas-louper","status":"publish","type":"post","link":"https:\/\/www.europesays.com\/fr\/180054\/","title":{"rendered":"le festival Transat en ville de retour \u00e0 Rennes, voici les spectacles \u00e0 ne pas louper"},"content":{"rendered":"<p>            Par<br \/>\n        <strong><br \/>\n            <a href=\"https:\/\/actu.fr\/auteur\/brian-legoff\" title=\"Consulter tous les articles de Brian Le Goff\" target=\"_blank\" rel=\"noopener\">Brian Le Goff<\/a><br \/>\n        <\/strong><\/p>\n<p>        Publi\u00e9 le<\/p>\n<p>            16 juin 2025 \u00e0 6h24        <\/p>\n<p>Dans un <strong>\u00ab\u2009contexte budg\u00e9taire difficile<\/strong>, on a choisi de maintenir cet \u00e9v\u00e9nement tout en r\u00e9duisant la voilure\u2009\u00bb, entame sans d\u00e9tour S\u00e9bastien S\u00e9m\u00e9ril, adjoint \u00e0 la communication et \u00e0 l\u2019\u00e9v\u00e9nementiel \u00e0 la Ville de <a href=\"https:\/\/actu.fr\/rennes\/\" target=\"_blank\" rel=\"noopener\">Rennes<\/a>.<\/p>\n<p class=\" wall-content\">Le festival Transat en ville n\u2019\u00e9chappe ainsi pas aux coupes budg\u00e9taires. <strong>Le nombre de dates a \u00e9t\u00e9 r\u00e9duit, mais 14 rendez-vous<\/strong> rythmeront les soirs d\u2019\u00e9t\u00e9 dans la capitale bretonne. L\u2019ambition de l\u2019\u00e9v\u00e9nement est de <strong>\u00ab\u2009rendre la culture accessible \u00e0 tous, gratuitement,<\/strong> dans un esprit de convivialit\u00e9, de d\u00e9couverte et de proximit\u00e9\u2009\u00bb.<\/p>\n<blockquote class=\"ac-article-quote wall-content\">\n<p>On a \u00e0 c\u0153ur d&rsquo;offrir aux Rennais qui n&rsquo;ont pas la chance de partir en vacances ou d&rsquo;aller voir des spectacles la possibilit\u00e9 de profiter d&rsquo;\u0153uvres artistiques majeures sur la place de la Mairie.\n<\/p>\n<p>    <strong>S\u00e9bastien S\u00e9m\u00e9ril<\/strong><br \/>\n        Adjoint \u00e0 la communication et \u00e0 l&rsquo;\u00e9v\u00e9nementiel \u00e0 la Ville de Rennes    <\/p><\/blockquote>\n<p class=\" wall-content\">Pour cette<strong> 21\u1d49 \u00e9dition<\/strong>, l\u2019annonce de la programmation a eu lieu dans les entrep\u00f4ts de l\u2019atelier menuiserie du centre technique municipal, \u00e0 l\u2019est du <a href=\"https:\/\/actu.fr\/rennes\/\" target=\"_blank\" rel=\"noopener\">quartier de Baud-Chardonnet<\/a>\u2009: \u00ab\u2009Notre id\u00e9e \u00e0 travers cette invitation, c\u2019est de donner l\u2019opportunit\u00e9 de<strong> voir l\u2019envers du d\u00e9cor<\/strong> et de montrer l\u00e0 o\u00f9 se font les choses\u2009\u00bb, rel\u00e8ve S\u00e9bastien S\u00e9m\u00e9ril.<\/p>\n<p class=\" wall-content\"><a href=\"https:\/\/www.instagram.com\/p\/DKjdXUiolSq\/embed\" title=\"Ouvrir le lien sur Instagram\" target=\"_blank\" rel=\"noopener\">Visualiser le contenu sur Instagram<\/a><\/p>\n<p>Des cartes blanches in\u00e9dites<\/p>\n<p class=\" wall-content\">Autour de lui, l\u2019\u00e9quipe charg\u00e9e de la programmation, mais aussi les repr\u00e9sentants des structures qui ont obtenu une carte blanche en 2025, sont pr\u00e9sents. En effet, pour la premi\u00e8re fois, <strong>l\u2019Op\u00e9ra de Rennes, Le Jardin Moderne, Les Trans, Engrenage[s], Musicienne.s et la Troupe d\u2019Improvisation Rennais (Tir)<\/strong> sont charg\u00e9s d\u2019animer l\u2019une des soir\u00e9es du festival. <a href=\"https:\/\/actu.fr\/rennes\/\" target=\"_blank\" rel=\"noopener\">actu Rennes<\/a> vous les pr\u00e9sente\u2009:<\/p>\n<ul class=\" wall-content\">\n<li><strong>Jeudi 17 juillet, 20h \u2013 plages de Baud\u2009: Oozband (fanfare) par Engrenage[s]<\/strong><\/li>\n<\/ul>\n<p>Vid\u00e9os : en ce moment sur Actu<\/p>\n<p class=\" wall-content\">Fort de 15\u00a0ans d\u2019exp\u00e9rience, les huit aventuriers du brass band pr\u00e9sentent Marmooz. Ce nouveau spectacle \u00e0 l\u2019univers d\u00e9jant\u00e9 invite le public \u00e0 retrouver son innocence, son \u00e2me d\u2019enfant, l\u2019envie de jouer et de s\u2019amuser. Leur objectif\u2009? Vous faire danser, chanter et vous surprendre \u00ab\u2009autour du groove, des arts de la rue, de la danse et du hip-hop avec leur \u00e9nergie communicative\u2009\u00bb, \u00e9gr\u00e8ne C\u00e9line, repr\u00e9sentante d\u2019Engrenage[s].<\/p>\n<p>    <a href=\"https:\/\/www.facebook.com\/plugins\/video.php?height=476&amp;href=https%3A%2F%2Fwww.facebook.com%2Foozband%2Fvideos%2F688154386067423%2F&amp;show_text=false&amp;width=350&amp;t=0\" title=\"Ouvrie le lien\" target=\"_blank\" rel=\"noopener\">Cliquez ici pour visualiser le contenu<\/a><\/p>\n<p class=\" wall-content\">Plus t\u00f4t, \u00e0 17h30, Canal B installe son plateau radio sur place pour une \u00e9mission en direct autour de la programmation du festival\u2009: interviews d\u2019artistes et extraits musicaux\u2026<\/p>\n<ul class=\" wall-content\">\n<li><strong>Samedi 19\u00a0juillet, 20h15 \u2013 place de la Mairie\u2009: Joao Selva, par Les Trans<\/strong><\/li>\n<\/ul>\n<p class=\" wall-content\">Apr\u00e8s une <strong>premi\u00e8re partie<\/strong> de carte blanche, \u00e0 19h, consacr\u00e9e \u00e0 des <strong>apprentis DJs qui mixeront la musique br\u00e9silienne<\/strong> apr\u00e8s leur atelier \u00e0 l\u2019Ubu, la soir\u00e9e se poursuit avec \u00ab\u2009l\u2019un des meilleurs ambassadeurs de la musique br\u00e9silienne\u2009\u00bb avec sa pop tropicale au groove funky et aux m\u00e9lodies \u00e9l\u00e9gantes.<\/p>\n<p class=\" wall-content\">\n<ul class=\" wall-content\">\n<li><strong>Jeudi 24\u00a0juillet, 20h \u2013 Stade de la Courrouze\u2009: cabaret \u00e0 th\u00e8me et improvis\u00e9 par la Tir<\/strong><\/li>\n<\/ul>\n<p class=\" wall-content\">Ce sera la \u00ab\u2009parenth\u00e8se th\u00e9\u00e2trale\u2009\u00bb de cette \u00e9dition de Transat en ville. La Troupe d\u2019improvisation rennaise (Tir) proposera un cabaret d\u2019improvisation avec des courtes sayn\u00e8tes et un(e) ma\u00eetre(esse) de c\u00e9r\u00e9monie.<\/p>\n<p class=\" wall-content\">Et comme elle le veut depuis ses d\u00e9buts en 1998, la Tir compte surprendre\u2009: \u00ab\u2009Il y a une petite surprise dont je ne peux pas vous parler\u2009\u00bb, rench\u00e9rit Zakary Marie, le repr\u00e9sentant.<\/p>\n<p class=\" wall-content\"><a href=\"https:\/\/www.instagram.com\/reel\/DD7dbrZv-q2\/embed\" title=\"Ouvrir le lien sur Instagram\" target=\"_blank\" rel=\"noopener\">Visualiser le contenu sur Instagram<\/a><\/p>\n<ul class=\" wall-content\">\n<li><strong>Samedi 26\u00a0juillet, 14h30- place de la Mairie\u2009: Open Mic Brant (karaok\u00e9 exp\u00e9rimental et participatif) par le Jardin moderne<\/strong><\/li>\n<\/ul>\n<p class=\" wall-content\">Tout au long de<strong> l\u2019apr\u00e8s-midi,<\/strong> venez participer aux<strong> ateliers d\u2019\u00e9criture<\/strong> de ce karaok\u00e9 exp\u00e9rimental et d\u00e9jant\u00e9. Les \u00e9quipes de l\u2019Open Mic Brant vous inviteront \u00e0 \u00e9crire les paroles des <strong>chansons qui seront ensuite interpr\u00e9t\u00e9es<\/strong> devant la sc\u00e8ne de Transat en ville \u00e0 partir de<strong> 19h<\/strong> par le public. \u00ab\u2009C\u2019est un peu barr\u00e9, mais on va rigoler\u2009\u00bb, nous promet-on.<\/p>\n<p class=\" wall-content\"><a href=\"https:\/\/www.instagram.com\/p\/DJ9ARPyqt2M\/embed\" title=\"Ouvrir le lien sur Instagram\" target=\"_blank\" rel=\"noopener\">Visualiser le contenu sur Instagram<\/a><\/p>\n<ul class=\" wall-content\">\n<li><strong>Samedi 26\u00a0juillet, 20h15 \u2013 place de la Mairie\u2009: St\u00ebrnn par le Jardin Moderne<\/strong><\/li>\n<\/ul>\n<p class=\" wall-content\">M\u00e9langeant habilement \u00e9lectro et trip-hop, le groupe rennais St\u00ebrnn cr\u00e9e une pop moderne, \u00e9l\u00e9gante et \u00e9quilibr\u00e9e. Batterie puissante, voix suave et guitare aux m\u00e9lodies subtiles\u2009: c\u2019est la recette de ce trio \u00e0 l\u2019atmosph\u00e8re feutr\u00e9e, mais effervescente.<\/p>\n<p class=\" wall-content\">\n<ul class=\" wall-content\">\n<li><strong>Samedi 2 ao\u00fbt, 20h \u2013 place de la Mairie\u2009: Vilaine Bouche par Musicienne.s<\/strong><\/li>\n<\/ul>\n<p class=\" wall-content\">Commencez par des<strong> ateliers collectifs de chant, slam et percussion corporelle,<\/strong> pour une exploration ludique, en mouvement et \u00e0 plusieurs voix nomm\u00e9s \u00ab\u00a0Fais pulser ta voix et ton corps\u2009!\u00a0\u00bb et anim\u00e9s par Alicia Du Coustel.<\/p>\n<p class=\" wall-content\">Profitez ensuite du <strong>duo de chanson a cappella Vilaine Bouche<\/strong>. \u00c0 travers ses compositions, il aborde les grands th\u00e8mes de soci\u00e9t\u00e9 avec po\u00e9sie et ironie. \u00c7a parle d\u2019amour comme de mort, \u00e7a d\u00e9range comme \u00e7a peut bercer et consoler.<\/p>\n<p class=\" wall-content\"><a href=\"https:\/\/www.instagram.com\/p\/DHvLsKqBTdR\/embed\" title=\"Ouvrir le lien sur Instagram\" target=\"_blank\" rel=\"noopener\">Visualiser le contenu sur Instagram<\/a><\/p>\n<ul class=\" wall-content\">\n<li><strong>Jeudi 21\u00a0ao\u00fbt, 20h \u2013 parc des Gayeulles\u2009: Lyrisme de rue par l\u2019Op\u00e9ra de Rennes<\/strong><\/li>\n<\/ul>\n<p class=\" wall-content\">Avant cette repr\u00e9sentation, l\u2019Op\u00e9ra de Rennes organise au m\u00eame endroit, <strong>\u00e0 16h30 et 17h45<\/strong> des ateliers d\u2019<strong>initiation au chant choral<\/strong> anim\u00e9s par la soprano Sarah Rodriguez.<\/p>\n<p class=\" wall-content\">\u00c0 20h, Lyrisme de rue pr\u00e9sente <strong>Comme un air de voyage,<\/strong> mis en sc\u00e8ne par Jos\u00e9phine Kirch\u2009: \u00ab\u2009Deux voyageurs en partance, vers o\u00f9\u2009? Pourquoi\u2009? Sur un quai imaginaire, ils embarquent vers un ailleurs incertain. Entre envol, naufrage et voyage c\u00e9leste, ils traversent r\u00e9el et imaginaire sans certitude d\u2019avancer. Un spectacle lyrique o\u00f9<strong> Offenbach croise le jazz<\/strong>, l\u2019esprit de <strong>Beckett rejoint Gounod<\/strong>, et l\u2019imaginaire devient la plus belle des \u00e9vasions.\u2009\u00bb<\/p>\n<p class=\" wall-content\">\n<p class=\" wall-content\">Retrouvez <strong>l\u2019ensemble de la programmation de Transat en ville<\/strong>, dont les doubles plateaux \u2013 une premi\u00e8re \u00e9galement \u2013 sur <a href=\"https:\/\/ete.rennes.fr\/agenda\/transat-en-ville\/\" target=\"_blank\" rel=\"noopener\">ete.rennes.fr<\/a>.<\/p>\n<p class=\" wall-content\">Suivez toute l\u2019actualit\u00e9 de vos villes et m\u00e9dias favoris en vous inscrivant \u00e0 <a href=\"https:\/\/moncompte.actu.fr\" title=\"D\u00e9couvez Mon Actu\" rel=\"nofollow noopener\" data-trk=\"{&quot;cta&quot;:{&quot;action&quot;:&quot;https:\\\/\\\/moncompte.actu.fr&quot;,&quot;category&quot;:&quot;mon compte&quot;,&quot;from&quot;:&quot;article footer&quot;,&quot;name&quot;:&quot;Mon actu&quot;,&quot;type&quot;:&quot;cta&quot;}}\" target=\"_blank\">Mon Actu<\/a>.<\/p>\n<p>                    <script async src=\"\/\/www.instagram.com\/embed.js\"><\/script><\/p>\n","protected":false},"excerpt":{"rendered":"Par Brian Le Goff Publi\u00e9 le 16 juin 2025 \u00e0 6h24 Dans un \u00ab\u2009contexte budg\u00e9taire difficile, on a&hellip;\n","protected":false},"author":2,"featured_media":180055,"comment_status":"","ping_status":"","sticky":false,"template":"","format":"standard","meta":{"footnotes":""},"categories":[2821],"tags":[1111,11,1063,829,31700,1777,674,849,1011,27,1652,12,584,25,853],"class_list":{"0":"post-180054","1":"post","2":"type-post","3":"status-publish","4":"format-standard","5":"has-post-thumbnail","7":"category-rennes","8":"tag-actu","9":"tag-actualites","10":"tag-animations","11":"tag-bretagne","12":"tag-ete-a-rennes","13":"tag-eu","14":"tag-europe","15":"tag-festival","16":"tag-fr","17":"tag-france","18":"tag-loisirs-culture","19":"tag-news","20":"tag-rennes","21":"tag-republique-francaise","22":"tag-spectacles"},"share_on_mastodon":{"url":"https:\/\/pubeurope.com\/@fr\/114691387194865321","error":""},"_links":{"self":[{"href":"https:\/\/www.europesays.com\/fr\/wp-json\/wp\/v2\/posts\/180054","targetHints":{"allow":["GET"]}}],"collection":[{"href":"https:\/\/www.europesays.com\/fr\/wp-json\/wp\/v2\/posts"}],"about":[{"href":"https:\/\/www.europesays.com\/fr\/wp-json\/wp\/v2\/types\/post"}],"author":[{"embeddable":true,"href":"https:\/\/www.europesays.com\/fr\/wp-json\/wp\/v2\/users\/2"}],"replies":[{"embeddable":true,"href":"https:\/\/www.europesays.com\/fr\/wp-json\/wp\/v2\/comments?post=180054"}],"version-history":[{"count":0,"href":"https:\/\/www.europesays.com\/fr\/wp-json\/wp\/v2\/posts\/180054\/revisions"}],"wp:featuredmedia":[{"embeddable":true,"href":"https:\/\/www.europesays.com\/fr\/wp-json\/wp\/v2\/media\/180055"}],"wp:attachment":[{"href":"https:\/\/www.europesays.com\/fr\/wp-json\/wp\/v2\/media?parent=180054"}],"wp:term":[{"taxonomy":"category","embeddable":true,"href":"https:\/\/www.europesays.com\/fr\/wp-json\/wp\/v2\/categories?post=180054"},{"taxonomy":"post_tag","embeddable":true,"href":"https:\/\/www.europesays.com\/fr\/wp-json\/wp\/v2\/tags?post=180054"}],"curies":[{"name":"wp","href":"https:\/\/api.w.org\/{rel}","templated":true}]}}