{"id":180060,"date":"2025-06-16T05:30:10","date_gmt":"2025-06-16T05:30:10","guid":{"rendered":"https:\/\/www.europesays.com\/fr\/180060\/"},"modified":"2025-06-16T05:30:10","modified_gmt":"2025-06-16T05:30:10","slug":"pret-a-porter-animaux-seconde-main-ces-enseignes-qui-sinstallent-au-centre-commercial-lingostiere-de-nice","status":"publish","type":"post","link":"https:\/\/www.europesays.com\/fr\/180060\/","title":{"rendered":"Pr\u00eat-\u00e0-porter, animaux, seconde main&#8230; Ces enseignes qui s&rsquo;installent au centre commercial Lingosti\u00e8re de Nice"},"content":{"rendered":"<p>Le centre commercial Nice Lingosti\u00e8re renouvelle son offre. Dans divers domaines: march\u00e9 d\u2019occasion, pr\u00eat-\u00e0-porter masculin et f\u00e9minin, cigarette \u00e9lectronique ou bien-\u00eatre des animaux.<\/p>\n<p>L\u2019enseigne de seconde main Easy Cash a donn\u00e9 le \u00ab\u00a0la\u00a0\u00bb de ce changement, dans le droit fil de la transition de nombreux consommateurs vers des choix \u00e9thiques, des alternatives durables. Ce qui, selon l\u2019enseigne, n\u2019est pas incompatible avec \u00ab\u00a0une offre de plus en plus qualitative\u00a0\u00bb. Dans ce point de vente, on peut apporter des objets \u00e0 vendre ou acheter des produits contr\u00f4l\u00e9s et garantis deux ans appartenant \u00e0 quatre univers: luxe, t\u00e9l\u00e9phonie, informatique et gaming (jeux vid\u00e9o).<\/p>\n<p>Pr\u00eat-\u00e0-porter, cigarettes \u00e9lectroniques et animalerie<\/p>\n<p>Ce n\u2019est pas tout, annonce le directeur du centre Anthony Di Folco: \u00ab\u00a0Nous restructurons cinq cellules de l\u2019extension pour accueillir deux enseignes.\u00a0\u00bb<\/p>\n<p>La premi\u00e8re va arriver sur la fusion de trois anciennes boutiques: Pimkie, Promod et Sin\u00e9quanone. \u00ab\u00a0Il s\u2019agit de l\u2019enseigne de pr\u00eat-\u00e0-porter femme et homme Armand Thiery.\u00a0\u00bb En face, deux cellules ouvertes pour des boutiques \u00e9ph\u00e9m\u00e8res vont devenir un magasin de mode masculine, Jack and Jones. Quant \u00e0 l\u2019ex-marque de beaut\u00e9 Peggy Sage, elle laisse la place \u00e0 Cigusto et ses cigarettes \u00e9lectroniques.<\/p>\n<p>Ouverture? \u00ab\u00a0D\u00e9but 2026. On est encore sur les dossiers d\u2019instruction et les importants travaux de d\u00e9molition des murs et de recomposition d\u00e9butent cet \u00e9t\u00e9\u00a0\u00bb, pr\u00e9cise encore Anthony Di Folco.<\/p>\n<p>Il faudra attendre moins longtemps, en revanche, pour nos amies les b\u00eates: fin juillet, Kokoon Animalerie, sp\u00e9cialis\u00e9e dans la vente d\u2019articles pour animaux, jusqu\u2019alors pr\u00e9sente \u00e0 Nice Lingosti\u00e8re en boutique \u00e9ph\u00e9m\u00e8re, s\u2019installera dans l\u2019ancien local de Cama\u00efeu, sur 230 m2 de surface.<\/p>\n","protected":false},"excerpt":{"rendered":"Le centre commercial Nice Lingosti\u00e8re renouvelle son offre. Dans divers domaines: march\u00e9 d\u2019occasion, pr\u00eat-\u00e0-porter masculin et f\u00e9minin, cigarette&hellip;\n","protected":false},"author":2,"featured_media":180061,"comment_status":"","ping_status":"","sticky":false,"template":"","format":"standard","meta":{"footnotes":""},"categories":[2819],"tags":[1111,11,2876,1777,674,1011,27,12,2401,882,25],"class_list":{"0":"post-180060","1":"post","2":"type-post","3":"status-publish","4":"format-standard","5":"has-post-thumbnail","7":"category-nice","8":"tag-actu","9":"tag-actualites","10":"tag-conso-shopping","11":"tag-eu","12":"tag-europe","13":"tag-fr","14":"tag-france","15":"tag-news","16":"tag-nice","17":"tag-provence-alpes-cote-dazur","18":"tag-republique-francaise"},"share_on_mastodon":{"url":"https:\/\/pubeurope.com\/@fr\/114691402882034477","error":""},"_links":{"self":[{"href":"https:\/\/www.europesays.com\/fr\/wp-json\/wp\/v2\/posts\/180060","targetHints":{"allow":["GET"]}}],"collection":[{"href":"https:\/\/www.europesays.com\/fr\/wp-json\/wp\/v2\/posts"}],"about":[{"href":"https:\/\/www.europesays.com\/fr\/wp-json\/wp\/v2\/types\/post"}],"author":[{"embeddable":true,"href":"https:\/\/www.europesays.com\/fr\/wp-json\/wp\/v2\/users\/2"}],"replies":[{"embeddable":true,"href":"https:\/\/www.europesays.com\/fr\/wp-json\/wp\/v2\/comments?post=180060"}],"version-history":[{"count":0,"href":"https:\/\/www.europesays.com\/fr\/wp-json\/wp\/v2\/posts\/180060\/revisions"}],"wp:featuredmedia":[{"embeddable":true,"href":"https:\/\/www.europesays.com\/fr\/wp-json\/wp\/v2\/media\/180061"}],"wp:attachment":[{"href":"https:\/\/www.europesays.com\/fr\/wp-json\/wp\/v2\/media?parent=180060"}],"wp:term":[{"taxonomy":"category","embeddable":true,"href":"https:\/\/www.europesays.com\/fr\/wp-json\/wp\/v2\/categories?post=180060"},{"taxonomy":"post_tag","embeddable":true,"href":"https:\/\/www.europesays.com\/fr\/wp-json\/wp\/v2\/tags?post=180060"}],"curies":[{"name":"wp","href":"https:\/\/api.w.org\/{rel}","templated":true}]}}