{"id":180062,"date":"2025-06-16T05:31:08","date_gmt":"2025-06-16T05:31:08","guid":{"rendered":"https:\/\/www.europesays.com\/fr\/180062\/"},"modified":"2025-06-16T05:31:08","modified_gmt":"2025-06-16T05:31:08","slug":"le-programme-de-lfi-devoile-en-presence-de-deux-deputes","status":"publish","type":"post","link":"https:\/\/www.europesays.com\/fr\/180062\/","title":{"rendered":"le programme de LFI d\u00e9voil\u00e9 en pr\u00e9sence de deux d\u00e9put\u00e9s"},"content":{"rendered":"<p>            Par<br \/>\n        <strong><br \/>\n            <a href=\"https:\/\/actu.fr\/auteur\/thomas-bernard\" title=\"Consulter tous les articles de Thomas Bernard\" rel=\"nofollow noopener\" target=\"_blank\">Thomas Bernard<\/a><br \/>\n        <\/strong><\/p>\n<p>        Publi\u00e9 le<\/p>\n<p>            16 juin 2025 \u00e0 7h26        <\/p>\n<p>En f\u00e9vrier dernier, <strong>La France Insoumise (LFI)<\/strong> lan\u00e7ait une <a href=\"https:\/\/actu.fr\/pays-de-la-loire\/nantes_44109\/municipales-2026-a-nantes-la-france-insoumise-lance-une-grande-enquete-populaire_62227084.html\" rel=\"nofollow noopener\" target=\"_blank\">\u00ab\u2009grande enqu\u00eate populaire\u2009\u00bb \u00e0 Nantes<\/a>. Une consultation publique afin de construire le programme du mouvement \u00ab\u2009Faire Mieux\u2009\u00bb pour les prochaines \u00e9lections municipales.<\/p>\n<p class=\" wall-content\"><strong>Ce lundi 16\u00a0juin 2025<\/strong>, \u00e0 18h30, Marina Ferreruela et William Aucant, <a href=\"https:\/\/actu.fr\/pays-de-la-loire\/nantes_44109\/municipales-2026-a-nantes-la-france-insoumise-annonce-ses-deux-chefs-de-file_62408715.html\" rel=\"nofollow noopener\" target=\"_blank\">chefs de file pour les Insoumis \u00e0 Nantes<\/a>, pr\u00e9senteront les r\u00e9sultats de cette consultation citoyenne \u00ab\u2009base essentielle\u2009\u00bb du programme dessin\u00e9 par LFI.<\/p>\n<p>\u00ab\u2009Un d\u00e9bat politique exigeant pour notre ville\u2009\u00bb<\/p>\n<p class=\" wall-content\">Les propositions de LFI seront introduites lors d\u2019un \u00ab\u2009grand meeting populaire\u2009\u00bb organis\u00e9 aux Salons Mauduit \u00e0 Nantes.<\/p>\n<p class=\" wall-content\">Les d\u00e9put\u00e9s Insoumis <strong>Manuel Bompard<\/strong> (Bouches-du-Rh\u00f4ne) et <strong>Dani\u00e8le Obono<\/strong> (Paris) participeront \u00e0 cette soir\u00e9e nantaise.<\/p>\n<p class=\" wall-content\">\u00ab\u2009Cette soir\u00e9e ne sera pas seulement la pr\u00e9sentation d\u2019un programme\u2009: ce sera aussi un<br \/>moment f\u00e9d\u00e9rateur pour inviter les Nantaises et Nantais \u00e0 rejoindre Faire Mieux, \u00e0<br \/>porter, amender, enrichir ce programme de rupture. Cette publication sera \u00e0 coup s\u00fbr,<strong> le<\/strong><br \/><strong>coup d\u2019envoi d\u2019un d\u00e9bat politique exigeant pour notre ville\u2009\u00bb<\/strong>, expliquent les chefs de file LFI nantais dans un communiqu\u00e9 transmis \u00e0 <a href=\"https:\/\/actu.fr\/nantes\/\" rel=\"nofollow noopener\" target=\"_blank\">actu Nantes<\/a>.<\/p>\n<p>Vid\u00e9os : en ce moment sur Actu<\/p>\n<p class=\" wall-content\">Suivez toute l\u2019actualit\u00e9 de vos villes et m\u00e9dias favoris en vous inscrivant \u00e0 <a href=\"https:\/\/moncompte.actu.fr\" title=\"D\u00e9couvez Mon Actu\" rel=\"nofollow noopener\" data-trk=\"{&quot;cta&quot;:{&quot;action&quot;:&quot;https:\\\/\\\/moncompte.actu.fr&quot;,&quot;category&quot;:&quot;mon compte&quot;,&quot;from&quot;:&quot;article footer&quot;,&quot;name&quot;:&quot;Mon actu&quot;,&quot;type&quot;:&quot;cta&quot;}}\" target=\"_blank\">Mon Actu<\/a>.<\/p>\n","protected":false},"excerpt":{"rendered":"Par Thomas Bernard Publi\u00e9 le 16 juin 2025 \u00e0 7h26 En f\u00e9vrier dernier, La France Insoumise (LFI) lan\u00e7ait&hellip;\n","protected":false},"author":2,"featured_media":180063,"comment_status":"","ping_status":"","sticky":false,"template":"","format":"standard","meta":{"footnotes":""},"categories":[2818],"tags":[1111,11,4188,1777,674,1011,27,1023,17852,3434,766,12,2636,316,25],"class_list":{"0":"post-180062","1":"post","2":"type-post","3":"status-publish","4":"format-standard","5":"has-post-thumbnail","7":"category-nantes","8":"tag-actu","9":"tag-actualites","10":"tag-elections-municipales","11":"tag-eu","12":"tag-europe","13":"tag-fr","14":"tag-france","15":"tag-la-france-insoumise-lfi","16":"tag-manuel-bompard","17":"tag-municipales-2026","18":"tag-nantes","19":"tag-news","20":"tag-pays-de-la-loire","21":"tag-politique","22":"tag-republique-francaise"},"share_on_mastodon":{"url":"https:\/\/pubeurope.com\/@fr\/114691406887062264","error":""},"_links":{"self":[{"href":"https:\/\/www.europesays.com\/fr\/wp-json\/wp\/v2\/posts\/180062","targetHints":{"allow":["GET"]}}],"collection":[{"href":"https:\/\/www.europesays.com\/fr\/wp-json\/wp\/v2\/posts"}],"about":[{"href":"https:\/\/www.europesays.com\/fr\/wp-json\/wp\/v2\/types\/post"}],"author":[{"embeddable":true,"href":"https:\/\/www.europesays.com\/fr\/wp-json\/wp\/v2\/users\/2"}],"replies":[{"embeddable":true,"href":"https:\/\/www.europesays.com\/fr\/wp-json\/wp\/v2\/comments?post=180062"}],"version-history":[{"count":0,"href":"https:\/\/www.europesays.com\/fr\/wp-json\/wp\/v2\/posts\/180062\/revisions"}],"wp:featuredmedia":[{"embeddable":true,"href":"https:\/\/www.europesays.com\/fr\/wp-json\/wp\/v2\/media\/180063"}],"wp:attachment":[{"href":"https:\/\/www.europesays.com\/fr\/wp-json\/wp\/v2\/media?parent=180062"}],"wp:term":[{"taxonomy":"category","embeddable":true,"href":"https:\/\/www.europesays.com\/fr\/wp-json\/wp\/v2\/categories?post=180062"},{"taxonomy":"post_tag","embeddable":true,"href":"https:\/\/www.europesays.com\/fr\/wp-json\/wp\/v2\/tags?post=180062"}],"curies":[{"name":"wp","href":"https:\/\/api.w.org\/{rel}","templated":true}]}}