{"id":180064,"date":"2025-06-16T05:32:42","date_gmt":"2025-06-16T05:32:42","guid":{"rendered":"https:\/\/www.europesays.com\/fr\/180064\/"},"modified":"2025-06-16T05:32:42","modified_gmt":"2025-06-16T05:32:42","slug":"nantes-monte-sur-la-troisieme-marche","status":"publish","type":"post","link":"https:\/\/www.europesays.com\/fr\/180064\/","title":{"rendered":"Nantes monte sur la troisi\u00e8me marche"},"content":{"rendered":"<p>Hors sujet samedi <a href=\"https:\/\/www.ledauphine.com\/sport\/2025\/06\/14\/ligue-des-champions-nantes-surclasse-par-berlin-en-demi-finales\" target=\"_blank\" rel=\"noopener\">en demi-finales de la Ligue des champions contre Berlin<\/a> (24-34), le Handball Club de Nantes a bien relev\u00e9 la t\u00eate dimanche \u00e0 Cologne, net vainqueur du FC Barcelone (30-25) pour monter sur la troisi\u00e8me marche du podium. Finaliste en 2018 et quatri\u00e8me en 2021, le \u00ab H \u00bb se pare cette fois de bronze et termine la saison sur une meilleure impression que celle laiss\u00e9e la veille.<\/p>\n<p>Alors que Nicolas Tournat n&rsquo;avait \u00e9t\u00e9 servi face aux Allemands pour la premi\u00e8re fois qu&rsquo;\u00e0 la 19e minute et avait d\u00fb attendre 10 minutes de plus pour marquer, le pivot a cette fois trouv\u00e9 le chemin des filets d\u00e8s la troisi\u00e8me minute. Le jeu autour de l&rsquo;international fran\u00e7ais (4 buts sur 5 tirs) est redevenu l&rsquo;une des principales armes des Nantais, qui ont aussi pu compter sur les arr\u00eats de leur gardien Ivan Pesic, qui a \u00e9c\u0153ur\u00e9 les Catalans en premi\u00e8re p\u00e9riode (10 arr\u00eats sur 19 tirs, 14\/35 au final). A l&rsquo;issue de laquelle l&rsquo;\u00e9cart a \u00e9t\u00e9 creus\u00e9 (14-9).<\/p>\n<p>Ce contenu est bloqu\u00e9 car vous n&rsquo;avez pas accept\u00e9 les cookies et autres traceurs.<\/p>\n<p>En cliquant sur \u00ab J\u2019accepte \u00bb, les cookies et autres traceurs seront d\u00e9pos\u00e9s et vous pourrez visualiser les contenus  (<a href=\"\" class=\"consentModule_policy\" target=\"_blank\" title=\"Consulter la politique de protection des donn\u00e9es du fournisseur\">plus d&rsquo;informations<\/a>).<\/p>\n<p>En cliquant sur \u00ab J\u2019accepte tous les cookies \u00bb, vous autorisez des d\u00e9p\u00f4ts de cookies et autres traceurs pour le stockage de vos donn\u00e9es sur nos sites et applications \u00e0 des fins de personnalisation et de ciblage publicitaire.<\/p>\n<p class=\"consentModule_secondaryText\">Vous gardez la possibilit\u00e9 de retirer votre consentement \u00e0 tout moment en consultant notre <a href=\"https:\/\/www.ledauphine.com\/protection-des-donnees\" target=\"_blank\" title=\"Consulter notre politique de protection des donn\u00e9es\" rel=\"noopener\">politique de protection des donn\u00e9es<\/a>. <br \/>&#13;<br \/>\n            <a href=\"https:\/\/www.ledauphine.com\/sport\/2025\/06\/15\/javascript:Didomi.notice.show()\" class=\"consentModule_cmp\" target=\"_blank\" rel=\"noopener\">G\u00e9rer mes choix<\/a>&#13;\n        <\/p>\n<p>&#13;<br \/>\n                        J&rsquo;accepte&#13;<br \/>\n            J&rsquo;accepte tous les cookies&#13;\n        <\/p>\n<p>  Plaisir de jouer<\/p>\n<p>L&rsquo;\u00e9quipe de Gr\u00e9gory Cojean est ensuite parvenue \u00e0 contr\u00f4ler le retour du Bar\u00e7a, vainqueur de l&rsquo;\u00e9dition 2024 revenu \u00e0 trois unit\u00e9s \u00e0 quinze minutes de la fin (22-19).\u00a0Elle voulait vraiment cette m\u00e9daille de bronze, \u00e0 l&rsquo;image de Thibaud Briet haranguant les supporters en leur montrant son maillot apr\u00e8s que la d\u00e9fense a mis en \u00e9chec l&rsquo;attaque barcelonaise \u00e0 10 minutes de la sir\u00e8ne.\u00a0Elle a retrouv\u00e9 le plaisir de jouer, \u00e9vapor\u00e9 samedi, comme sur ce \u00ab kung fu \u00bb d&rsquo;Aymeric Minne pour Briet (36e). Elle a \u00e9galement \u00e9t\u00e9 servie par les choix de Cojean, qui a relanc\u00e9 les arri\u00e8res Romain Lagarde (3\/4), auteur d&rsquo;un but important \u00e0 six minutes de la fin (27-23), et Ayoub Abdi (4\/5), qui n&rsquo;avaient pas ou peu jou\u00e9 la veille.<\/p>\n<p>L&rsquo;ancien gardien des Bleus <a href=\"https:\/\/www.ledauphine.com\/p\/vincent-gerard\" target=\"_blank\" rel=\"noopener\">Vincent G\u00e9rard<\/a> termine lui sa carri\u00e8re sur une d\u00e9faite. Sorti d\u00e9but avril \u00e0 38 ans de sa retraite prise apr\u00e8s les JO-2024 pour une pige de quelques mois au Bar\u00e7a, il est entr\u00e9 en jeu \u00e0 13 minutes de la fin, r\u00e9alisant un arr\u00eat (sur 8 tirs).<\/p>\n","protected":false},"excerpt":{"rendered":"Hors sujet samedi en demi-finales de la Ligue des champions contre Berlin (24-34), le Handball Club de Nantes&hellip;\n","protected":false},"author":2,"featured_media":180065,"comment_status":"","ping_status":"","sticky":false,"template":"","format":"standard","meta":{"footnotes":""},"categories":[2818],"tags":[1111,11,1777,674,107,1011,27,1792,766,12,2636,25,517,1947],"class_list":{"0":"post-180064","1":"post","2":"type-post","3":"status-publish","4":"format-standard","5":"has-post-thumbnail","7":"category-nantes","8":"tag-actu","9":"tag-actualites","10":"tag-eu","11":"tag-europe","12":"tag-fil-info","13":"tag-fr","14":"tag-france","15":"tag-handball","16":"tag-nantes","17":"tag-news","18":"tag-pays-de-la-loire","19":"tag-republique-francaise","20":"tag-sport","21":"tag-sport-national"},"share_on_mastodon":{"url":"https:\/\/pubeurope.com\/@fr\/114691411216131929","error":""},"_links":{"self":[{"href":"https:\/\/www.europesays.com\/fr\/wp-json\/wp\/v2\/posts\/180064","targetHints":{"allow":["GET"]}}],"collection":[{"href":"https:\/\/www.europesays.com\/fr\/wp-json\/wp\/v2\/posts"}],"about":[{"href":"https:\/\/www.europesays.com\/fr\/wp-json\/wp\/v2\/types\/post"}],"author":[{"embeddable":true,"href":"https:\/\/www.europesays.com\/fr\/wp-json\/wp\/v2\/users\/2"}],"replies":[{"embeddable":true,"href":"https:\/\/www.europesays.com\/fr\/wp-json\/wp\/v2\/comments?post=180064"}],"version-history":[{"count":0,"href":"https:\/\/www.europesays.com\/fr\/wp-json\/wp\/v2\/posts\/180064\/revisions"}],"wp:featuredmedia":[{"embeddable":true,"href":"https:\/\/www.europesays.com\/fr\/wp-json\/wp\/v2\/media\/180065"}],"wp:attachment":[{"href":"https:\/\/www.europesays.com\/fr\/wp-json\/wp\/v2\/media?parent=180064"}],"wp:term":[{"taxonomy":"category","embeddable":true,"href":"https:\/\/www.europesays.com\/fr\/wp-json\/wp\/v2\/categories?post=180064"},{"taxonomy":"post_tag","embeddable":true,"href":"https:\/\/www.europesays.com\/fr\/wp-json\/wp\/v2\/tags?post=180064"}],"curies":[{"name":"wp","href":"https:\/\/api.w.org\/{rel}","templated":true}]}}