{"id":180069,"date":"2025-06-16T05:35:17","date_gmt":"2025-06-16T05:35:17","guid":{"rendered":"https:\/\/www.europesays.com\/fr\/180069\/"},"modified":"2025-06-16T05:35:17","modified_gmt":"2025-06-16T05:35:17","slug":"salon-du-bourget-2025-voici-toutes-les-innovations-presentees-par-les-entreprises-de-toulouse","status":"publish","type":"post","link":"https:\/\/www.europesays.com\/fr\/180069\/","title":{"rendered":"Salon du Bourget 2025. Voici toutes les innovations pr\u00e9sent\u00e9es par les entreprises de Toulouse"},"content":{"rendered":"<p>            Par<br \/>\n        <strong><br \/>\n            <a href=\"https:\/\/actu.fr\/auteur\/mareva-laville-actu-fr\" title=\"Consulter tous les articles de Mar\u00e9va Laville\" target=\"_blank\" rel=\"noopener\">Mar\u00e9va Laville<\/a><br \/>\n        <\/strong><\/p>\n<p>        Publi\u00e9 le<\/p>\n<p>            16 juin 2025 \u00e0 7h12        <\/p>\n<p>C\u2019est LE grand rendez-vous du monde a\u00e9ronautique. Le <strong>Salon du Bourget<\/strong>, de son vrai nom \u00ab\u2009Salon international de l\u2019a\u00e9ronautique et de l\u2019espace\u2009\u00bb, se tiendra du lundi\u00a016 au dimanche 22\u00a0juin 2025. Pour sa 55e \u00e9dition, pas moins de <a href=\"https:\/\/www.siae.fr\/le-salon\/liste-des-exposants\/\" target=\"_blank\" rel=\"noopener\">2\u2009406 soci\u00e9t\u00e9s exposeront leur savoir-faire.<\/a> D\u2019entre elles, figure une bonne poign\u00e9e toulousaine avec de belles innovations \u00e0 pr\u00e9senter. Voici toutes les id\u00e9es venues de Toulouse* qu\u2019on pourra voir. Grand public comme professionnels.<\/p>\n<p>#1. Les bombardiers d\u2019eau d\u2019Aerotec &amp; Concept<\/p>\n<p class=\" wall-content\">La soci\u00e9t\u00e9 de maintenance et production a\u00e9ronautique <strong>Aerotec &amp; Concept<\/strong>, bas\u00e9e \u00e0 <a href=\"http:\/\/www.actu.fr\/toulouse\" target=\"_blank\" rel=\"noopener\">Toulouse<\/a> et <a href=\"https:\/\/actu.fr\/occitanie\/blagnac_31069\" target=\"_blank\" rel=\"noopener\">Blagnac<\/a>, pr\u00e9sentera des programmes de conversion d\u2019avions en <strong>bombardiers d\u2019eau.<\/strong> Dans leur id\u00e9e, il s\u2019agirait de transformer un ATR-72 et un A319 en <strong>canadair<\/strong>. Une innovation dans l\u2019air du temps, ravag\u00e9 chaque ann\u00e9e un peu plus par les incendies.<\/p>\n<p>Hall 2B, Stand E122<\/p>\n<p>#2. L\u2019avion phare contre les incendies, de Positive Aviation<\/p>\n<p class=\" wall-content\">Adepte du m\u00eame combat, le bureau d\u2019\u00e9tudes blagnacais <strong>Positive Aviation<\/strong> sera au Bourget pour convaincre de l\u2019efficacit\u00e9 des \u00ab\u2009STCs\u2009\u00bb modifiant un ATR 72 vers un \u00e9copeur bombardier d\u2019eau \u2013 le FF72. Fabriqu\u00e9 en Europe, et disponible d\u00e8s 2028, cet a\u00e9ronef bombardier d\u2019eau pourrait \u00eatre un pilier de la lutte a\u00e9rienne contre les feux.<\/p>\n<p>Hall 4 B124<\/p>\n<p>#3. Les avions d\u2019ATR<br \/>\n    <img   decoding=\"async\" loading=\"lazy\" src=\"https:\/\/www.europesays.com\/fr\/wp-content\/uploads\/2025\/06\/materiel-20250610135427atr-atr-72-600-2025-06-10-13-54-28-960x640.jpg\" alt=\"ATR pr\u00e9sentera sa gamme d'avions phare.\" width=\"960\" height=\"640\"\/><br \/>\n    ATR pr\u00e9sentera l\u2019un de ses avions phares\u2009: l\u2019ATR 72. (\u00a9ATR)<\/p>\n<p class=\" wall-content\"><strong>ATR<\/strong> pr\u00e9sentera au Bourget plusieurs avions phares de la gamme ATR 42\/72, les plus vendus dans le segment des moins de 90 places. Ces a\u00e9ronefs offrent jusqu\u2019\u00e0 78 si\u00e8ges.<\/p>\n<p class=\" wall-content\">Un prototype de l\u2019<strong>ATR 72<\/strong> sera pr\u00e9sent\u00e9 pendant les journ\u00e9es professionnelles et les journ\u00e9es du Grand Public, du lundi\u00a016 au dimanche 22\u00a0juin, tout au long du salon donc, dans les ext\u00e9rieurs B4.<\/p>\n<p>Chalet 240 \u2013 Ext\u00e9rieurs B4<\/p>\n<p>#4. Les avions d\u00e9carbon\u00e9s d\u2019Aura Aero<br \/>\n    <img   decoding=\"async\" loading=\"lazy\" src=\"https:\/\/www.europesays.com\/fr\/wp-content\/uploads\/2025\/06\/integrale-mondial-de-lauto-c-aura-aero-960x640.png\" alt=\"L'avion 100% \u00e9lectrique INTEGRAL E est pr\u00e9sent\u00e9 aux c\u00f4t\u00e9s de la Renault 4 \u00e9lectrique au Mondial de l'Auto 2024. \" width=\"960\" height=\"640\"\/><br \/>\n    L\u2019avion 100\u2009% \u00e9lectrique INTEGRAL E avait aussi \u00e9t\u00e9 pr\u00e9sent\u00e9 aux c\u00f4t\u00e9s de la Renault 4 \u00e9lectrique au Mondial de l\u2019Auto 2024. (\u00a9AURA AERO)<\/p>\n<p class=\" wall-content\">La p\u00e9pite toulousaine <strong>Aura Aero<\/strong> sera \u00e9videmment pr\u00e9sente au Bourget pour pr\u00e9senter sa gamme d\u2019avions nouvelle g\u00e9n\u00e9ration, et notamment son produit phare\u2009: l\u2019avion d\u2019entra\u00eenement \u00e0 voltige biplace le plus avanc\u00e9 de sa cat\u00e9gorie,<a href=\"https:\/\/actu.fr\/occitanie\/toulouse_31555\/cette-entreprise-innovante-de-toulouse-va-livrer-ses-avions-en-2025-elle-a-franchi-une-etape-decisive_62046323.html\" target=\"_blank\" rel=\"noopener\"> l\u2019Integral R<\/a>. Mais il ne sera pas le seul \u00e0 avoir fait le trajet depuis la Ville rose. L\u2019Integral S, l\u2019Integral E, et l\u2019Integral R4 feront \u00e9galement partie des avions mis en lumi\u00e8re du lundi\u00a016 au dimanche 22\u00a0juin dans les Ext\u00e9rieurs B4.<\/p>\n<p>Ext\u00e9rieurs B4<\/p>\n<p>#5. Les avions d\u2019Airbus<br \/>\n    <img   decoding=\"async\" loading=\"lazy\" src=\"https:\/\/www.europesays.com\/fr\/wp-content\/uploads\/2025\/06\/0Z5A4605-768x530.jpg\" alt=\"La classe \u00e9co de la cabine d'un A350-900. (Photo : Airbus)\" width=\"768\" height=\"530\"\/><br \/>\n    L\u2019A350-900 d\u2019Airbus sera pr\u00e9sent\u00e9, comme bon nombre d\u2019autres a\u00e9ronefs au salon du Bourget. (Photo\u2009: Airbus)<\/p>\n<p class=\" wall-content\">Pas 100\u2009% Toulousain, mais par ses nombreux employ\u00e9s de la Ville rose, \u00e7a compte. <strong><a href=\"https:\/\/actu.fr\/economie\/airbus\" target=\"_blank\" rel=\"noopener\">Airbus<\/a> <\/strong>sera \u00e9videmment au salon du Bourget d\u00e8s lundi et pr\u00e9sentera, dans les Ext\u00e9rieurs C4, plusieurs a\u00e9ronefs et pas seulement. On retrouvera l\u2019avion militaire A400\u00a0M Atlas (du 16 au 22\u00a0juin), l\u2019avion civil <strong>A220<\/strong> (du 16 au 20\u00a0juin), les avions<strong> A350-900<\/strong> (du 16 au 19\u00a0juin), <strong>l\u2019A350-1000<\/strong> (du 20 au 22\u00a0juin pour les journ\u00e9es Grand Public) ainsi que des d\u00e9monstrations en vol pour les professionnels, et<strong> l\u2019A321 XLR \u2013 Riyadhair<\/strong> dans les Ext\u00e9rieurs C7 pour celui-ci (du 16 au 19\u00a0juin).<\/p>\n<p class=\" wall-content\">Plus encore, seront visibles\u2009: la maquette de l\u2019avion militaire VSR 700 Navy (du 16 au 22\u00a0juin), l\u2019a\u00e9ronef militaire Typhoon (du 16 au 22\u00a0juin), la maquette du militaire Sirtap (du 16 au 22\u00a0juin), l\u2019h\u00e9licopt\u00e8re militaire SA 341 Gazelle F2 (du 20 au 22\u00a0juin), l\u2019h\u00e9licopt\u00e8re civil Racer (du 16 au 22\u00a0juin), le NH90, le H145, H145\u00a0M et le H225M Caracal (du 16 au 22\u00a0juin), la maquette du H125\u00a0M (du 16 au 22\u00a0juin), la maquette du FlexRotor militaire (du 16 au 22\u00a0juin), celle de l\u2019Eurodrone militaire (du 16 au 22\u00a0juin), l\u2019avion CM 170 Fouga \u00e0 destination militaire (du 20 au 22\u00a0juin pendant les journ\u00e9es Grand Public), la maquette du Capa X militaire (du 16 au 22\u00a0juin), l\u2019avion militaire C295 (du 16 au 22\u00a0juin) et la maquette de l\u2019Aliaca-VTOL (du 16 au 22\u00a0juin)<\/p>\n<p>Ext\u00e9rieurs C4 et C7 \u2013 Paris Space Hub B22<\/p>\n<p>#6. Le satellite en ballon d\u2019Hemeria<br \/>\n    <img   decoding=\"async\" loading=\"lazy\" src=\"https:\/\/www.europesays.com\/fr\/wp-content\/uploads\/2025\/06\/hemeria-jackdaw-ballon-captif-2025-06-10-08-47-56-960x640.jpg\" alt=\"Le ballon captif d'Hemeria.\" width=\"960\" height=\"640\"\/><br \/>\n    Le ballon captif d\u2019Hemeria. (\u00a9Hemeria)<\/p>\n<p class=\" wall-content\"><strong>Hemeria<\/strong>, bas\u00e9e \u00e0 Toulouse, ram\u00e8nera son<strong> ballon stratosph\u00e9rique.<\/strong> Le ballon captif \u00e0 usage militaire sera visible du 20 au 22\u00a0juin aux Ext\u00e9rieurs B4 pour les journ\u00e9es Grand Public. Ce ballon n\u2019est autre qu\u2019un satellite allant de 50 \u00e0 150\u00a0kg, d\u00e9di\u00e9 \u00e0 l\u2019observation de la Terre. Il peut \u00eatre d\u00e9ploy\u00e9 seul ou en constellation.<\/p>\n<p>Ext\u00e9rieurs B 4 \u2013 Paris Space Hub A 13<\/p>\n<p>#7. Les chariots gains de temps d\u2019eXcent<br \/>\n    <img   decoding=\"async\" loading=\"lazy\" src=\"https:\/\/www.europesays.com\/fr\/wp-content\/uploads\/2025\/06\/thumbnail-jacxson-xl-envrionnement-moteur-et-avion-turbosquid-mat-catia-simplifi-17-960x640.jpg\" alt=\"Le JacXson XL\" width=\"960\" height=\"640\"\/><br \/>\n    Le JacXson XL est destin\u00e9 aux long-courriers. (\u00a9eXcent)<\/p>\n<p class=\" wall-content\">Le concepteur et int\u00e9grateur de solutions industrielles <strong>eXcent<\/strong>, implant\u00e9 \u00e0 <a href=\"https:\/\/actu.fr\/occitanie\/colomiers_31149\" target=\"_blank\" rel=\"noopener\">Colomiers<\/a>, pr\u00e8s de Toulouse, exposera sa gamme JacXson, \u00ab\u2009des solutions innovantes destin\u00e9es au march\u00e9 MRO (Maintenance, Repair and Overhaul) et aux filiales de maintenance des compagnies a\u00e9riennes\u2009\u00bb. Ce sont des <strong>chariots intelligents<\/strong> servant aux op\u00e9rations de remplacement de moteurs d\u2019avion et de trains d\u2019atterrissage, \u00ab\u2009permettant des interventions en un temps record\u2009\u00bb, explique l\u2019entreprise. Il faut compter 45\u00a0minutes pour la pose et d\u00e9pose d\u2019un moteur.<\/p>\n<p>Hall 4 A 118<\/p>\n<p>#8. Le moteur-fus\u00e9e d\u2019Alpha Impulsion<\/p>\n<p class=\" wall-content\">L\u2019entreprise toulousaine <strong>Alpha Impulsion<\/strong> pr\u00e9sentera son <strong>moteur-fus\u00e9e autophage,<\/strong> une rupture technologique brevet\u00e9e dans la propulsion satellite, lanceur et d\u00e9fense. Sans r\u00e9servoir ni \u00e9tages, il r\u00e9duit la masse s\u00e8che pour diminuer les co\u00fbts de production et augmenter les performances.<\/p>\n<p>Paris Space Hub A28<\/p>\n<p>#9. L\u2019avion hybride-\u00e9lectrique d\u2019Ascendance<\/p>\n<p class=\" wall-content\">Ils se disent pionniers dans l\u2019aviation hybride-\u00e9lectrique depuis 2018. Les Toulousains de l\u2019entreprise Ascendance seront au salon avec leur produit phare\u2009: <strong>l\u2019ATEA<\/strong>, leur<strong> avion hybride<\/strong> \u00e0 d\u00e9collage et atterrissage vertical.<\/p>\n<p>Hall 5 C 270<\/p>\n<p>#10. Les essuie-glaces de Falgayras<\/p>\n<p class=\" wall-content\">La soci\u00e9t\u00e9 <strong>Falgayras<\/strong> de <a href=\"https:\/\/actu.fr\/occitanie\/colomiers_31149\" target=\"_blank\" rel=\"noopener\">Colomiers<\/a> pr\u00e9sentera son innovation concernant les <strong>essuie-glaces des avions<\/strong>. Le syst\u00e8me d\u2019essuyage se veut complet et l\u00e9ger et est destin\u00e9 aux a\u00e9ronefs militaires et civils.<\/p>\n<p>Hall 4 BC105.<\/p>\n<p>#11. Les drones de Windlair<br \/>\n    <img   decoding=\"async\" loading=\"lazy\" src=\"https:\/\/www.europesays.com\/fr\/wp-content\/uploads\/2025\/06\/windlair-960x640.jpg\" alt=\"Windlair sera au salon du Bourget\" width=\"960\" height=\"640\"\/><br \/>\n    Windlair sera au salon du Bourget (\u00a9Windlair)<\/p>\n<p class=\" wall-content\"><strong>Windlair de Blagnac<\/strong> mettre en lumi\u00e8re son cargo DX400, \u00e0 grande capacit\u00e9, con\u00e7u pour des vols hors vue dans le civil et la d\u00e9fense. \u00ab\u2009Ce <strong>drone cargo hybride \u00e9lectrique<\/strong> \u00e0 d\u00e9collage et atterrissage vertical est capable de transporter une charge utile de 150kg jusqu\u2019\u00e0 800km\u2009\u00bb, explique l\u2019entreprise blagnacaise.<\/p>\n<p>Hall 4 A 102<\/p>\n<p>#12. La solution Bluetooth pour communiquer de Leoblue<\/p>\n<p class=\" wall-content\">Les Toulousains de <strong>Leoblue<\/strong>, quant \u00e0 eux, parleront lors d\u2019une conf\u00e9rence lundi 16\u00a0juin matin de leur solution permettant de <strong>communiquer entre satellites et smartphones via Bluetooth<\/strong>, sans infrastructure terrestre, partout dans le monde.<\/p>\n<p>Hall 2b, lundi entre 9h et 13h. Tout public.<\/p>\n<p>#13. Les constellations dot\u00e9es d\u2019IA de Loft Orbital<\/p>\n<p class=\" wall-content\"><strong>Loft Orbital,<\/strong> implant\u00e9e \u00e0 Toulouse, parlera sur son stand de sa <strong>constellation<\/strong> Hexagon, la premi\u00e8re connect\u00e9e et<strong> dot\u00e9e d\u2019IA<\/strong> pour les secteurs de la d\u00e9fense et de la s\u00e9curit\u00e9.<\/p>\n<p>Paris Space Hub B30<\/p>\n<p>#14. Les roues \u00e0 r\u00e9action de Comat<\/p>\n<p class=\" wall-content\">L\u2019\u00e9quipementier du spatial bas\u00e9 \u00e0 <a href=\"https:\/\/actu.fr\/occitanie\/flourens_31184\" target=\"_blank\" rel=\"noopener\">Flourens<\/a>, <strong>Comat<\/strong>, pr\u00e9sentera sur son stand ses <strong>roues \u00e0 r\u00e9action<\/strong> plug-and-play, dot\u00e9es d\u2019une \u00e9lectronique prot\u00e9g\u00e9e et d\u2019un design compact.<\/p>\n<p>Paris Space Hub A28<\/p>\n<p>#15. La derni\u00e8re invention d\u2019Epsyl<\/p>\n<p class=\" wall-content\">L\u2019entreprise toulousaine <strong>Epsyl<\/strong> qui travaille sur des technologies de pointe, ram\u00e8nera son produit phare\u2009: les<strong>\u00a0Jumeaux Num\u00e9riques.<\/strong> Ceux-l\u00e0 permettent de d\u00e9velopper des syst\u00e8mes complexes, performants et s\u00fbrs. \u00ab\u2009\u00c0 la crois\u00e9e de la data science, de l\u2019algorithmie et de la mod\u00e9lisation multiphysique, ces jumeaux associent donn\u00e9es et connaissances physiques pour simuler le comportement r\u00e9el d\u2019un syst\u00e8me\u2009\u00bb, explique Epsyl. Les Jumeux Num\u00e9riques permettent alors de tester rapidement des sc\u00e9narios, r\u00e9duisant co\u00fbts, d\u00e9lais et consommation de ressources.<\/p>\n<p>Hall 2b G 137<\/p>\n<p class=\" wall-content\"><strong>*Liste non exhaustive<\/strong><\/p>\n<p class=\" wall-content\">Suivez toute l\u2019actualit\u00e9 de vos villes et m\u00e9dias favoris en vous inscrivant \u00e0 <a href=\"https:\/\/moncompte.actu.fr\" title=\"D\u00e9couvez Mon Actu\" rel=\"nofollow noopener\" data-trk=\"{&quot;cta&quot;:{&quot;action&quot;:&quot;https:\\\/\\\/moncompte.actu.fr&quot;,&quot;category&quot;:&quot;mon compte&quot;,&quot;from&quot;:&quot;article footer&quot;,&quot;name&quot;:&quot;Mon actu&quot;,&quot;type&quot;:&quot;cta&quot;}}\" target=\"_blank\">Mon Actu<\/a>.<\/p>\n","protected":false},"excerpt":{"rendered":"Par Mar\u00e9va Laville Publi\u00e9 le 16 juin 2025 \u00e0 7h12 C\u2019est LE grand rendez-vous du monde a\u00e9ronautique. Le&hellip;\n","protected":false},"author":2,"featured_media":180070,"comment_status":"","ping_status":"","sticky":false,"template":"","format":"standard","meta":{"footnotes":""},"categories":[2816],"tags":[1111,11,296,36,33,1777,674,1011,27,12,2680,25,2312],"class_list":{"0":"post-180069","1":"post","2":"type-post","3":"status-publish","4":"format-standard","5":"has-post-thumbnail","7":"category-toulouse","8":"tag-actu","9":"tag-actualites","10":"tag-aeronautique","11":"tag-airbus","12":"tag-economie","13":"tag-eu","14":"tag-europe","15":"tag-fr","16":"tag-france","17":"tag-news","18":"tag-occitanie","19":"tag-republique-francaise","20":"tag-toulouse"},"share_on_mastodon":{"url":"https:\/\/pubeurope.com\/@fr\/114691422759564406","error":""},"_links":{"self":[{"href":"https:\/\/www.europesays.com\/fr\/wp-json\/wp\/v2\/posts\/180069","targetHints":{"allow":["GET"]}}],"collection":[{"href":"https:\/\/www.europesays.com\/fr\/wp-json\/wp\/v2\/posts"}],"about":[{"href":"https:\/\/www.europesays.com\/fr\/wp-json\/wp\/v2\/types\/post"}],"author":[{"embeddable":true,"href":"https:\/\/www.europesays.com\/fr\/wp-json\/wp\/v2\/users\/2"}],"replies":[{"embeddable":true,"href":"https:\/\/www.europesays.com\/fr\/wp-json\/wp\/v2\/comments?post=180069"}],"version-history":[{"count":0,"href":"https:\/\/www.europesays.com\/fr\/wp-json\/wp\/v2\/posts\/180069\/revisions"}],"wp:featuredmedia":[{"embeddable":true,"href":"https:\/\/www.europesays.com\/fr\/wp-json\/wp\/v2\/media\/180070"}],"wp:attachment":[{"href":"https:\/\/www.europesays.com\/fr\/wp-json\/wp\/v2\/media?parent=180069"}],"wp:term":[{"taxonomy":"category","embeddable":true,"href":"https:\/\/www.europesays.com\/fr\/wp-json\/wp\/v2\/categories?post=180069"},{"taxonomy":"post_tag","embeddable":true,"href":"https:\/\/www.europesays.com\/fr\/wp-json\/wp\/v2\/tags?post=180069"}],"curies":[{"name":"wp","href":"https:\/\/api.w.org\/{rel}","templated":true}]}}