{"id":180077,"date":"2025-06-16T05:40:08","date_gmt":"2025-06-16T05:40:08","guid":{"rendered":"https:\/\/www.europesays.com\/fr\/180077\/"},"modified":"2025-06-16T05:40:08","modified_gmt":"2025-06-16T05:40:08","slug":"a-marseille-le-nouveau-format-du-defi-monte-cristo-a-seduit-les-adeptes","status":"publish","type":"post","link":"https:\/\/www.europesays.com\/fr\/180077\/","title":{"rendered":"\u00e0 Marseille le nouveau format du d\u00e9fi Monte-Cristo a s\u00e9duit les adeptes"},"content":{"rendered":"<p>Ce dimanche \u00e0 l&rsquo;issue de la derni\u00e8re course en rade de Marseille, Dominique Lena \u00e9tait soulag\u00e9. Soulag\u00e9 que cette 27e \u00e9dition, organis\u00e9e sur deux week-ends, est convaincue.\u00a0\u00ab\u00a0Il fallait se renouveler. \u00c0 chaque \u00e9dition, les inscriptions stagnaient aux alentours de 7\u00a0000 inscrits. C&rsquo;\u00e9tait d\u00e9j\u00e0 \u00e9norme quand je me rappelle que la premi\u00e8re \u00e9dition n&rsquo;a attir\u00e9 que 30 personnes, en majorit\u00e9 partie de mon club de water-polo. Mais pour pouvoir r\u00e9pondre davantage \u00e0 la demande, nous avons d\u00e9cid\u00e9 de changer le programme\u00a0\u00bb, explique l&rsquo;organisateur.<\/p>\n<p>Cette ann\u00e9e, 10\u00a0000 personnes originaires de tout l&rsquo;hexagone ont particip\u00e9 au <a href=\"https:\/\/www.laprovence.com\/article\/sports\/51022688196780\/a-marseille-le-defi-monte-cristo-devient-la-plus-grande-course-de-natation-en-eau-libre-du-monde\" target=\"_blank\" rel=\"noopener\">D\u00e9fi Monte-Cristo<\/a>. L&rsquo;objectif de ce changement \u00e9tait aussi de pouvoir garder des cr\u00e9neaux pour pouvoir \u00e9ventuellement reporter des courses en cas de mauvais temps. Bon coup d&rsquo;\u0153il car la journ\u00e9e du dimanche 8\u00a0juin a \u00e9t\u00e9 report\u00e9e \u00e0 cause des conditions m\u00e9t\u00e9orologiques d\u00e9favorables.<\/p>\n<p>\u00ab\u00a0\u00c7a concernait environ 400 personnes. \u00c7a nous permet de causer moins de frustration, parce que les gens s&rsquo;entra\u00eenent pendant des mois et si c&rsquo;est annul\u00e9 puis report\u00e9 \u00e0 l&rsquo;ann\u00e9e d&rsquo;apr\u00e8s, ce peut \u00eatre frustrant\u00a0\u00bb, admet le fondateur du D\u00e9fi. Une satisfaction qui entra\u00eene toutefois son lot d&rsquo;inqui\u00e9tudes\u00a0: \u00ab\u00a0Je sais que cette initiative peut repr\u00e9senter une double peine. On peut pr\u00e9parer deux week-ends, se mettre deux fois plus de pression pour que les conditions m\u00e9t\u00e9orologiques ne soient finalement pas bonnes par exemple. C&rsquo;est aussi deux fois plus de risques d&rsquo;incident pour les nageurs. Finalement, c&rsquo;est un stress qu&rsquo;on s&rsquo;ajoute.\u00a0\u00bb<\/p>\n<p>Au fil des \u00e9ditions, Dominique Lena remarque un ph\u00e9nom\u00e8ne de plus en plus r\u00e9curent chez une partie des nageurs. Celui de r\u00e9aliser le D\u00e9fi Monte-Cristo comme s&rsquo;il s&rsquo;agissait d&rsquo;un challenge\u00a0: \u00ab\u00a0Il y a des personnes qui se lancent dedans comme s&rsquo;il s&rsquo;agissait d&rsquo;une course \u00e0 pied. Sauf que \u00e7a n&rsquo;a rien \u00e0 voir et \u00e7a peut les mettre en difficult\u00e9 en pensant que \u00e7a peut se faire mais c&rsquo;est plus compliqu\u00e9\u00a0\u00bb. Il rappelle que c&rsquo;est un \u00e9v\u00e9nement physique, tr\u00e8s long et que, sans une r\u00e9elle pr\u00e9paration, la mer peut tr\u00e8s mal le rendre aux nageurs.<\/p>\n","protected":false},"excerpt":{"rendered":"Ce dimanche \u00e0 l&rsquo;issue de la derni\u00e8re course en rade de Marseille, Dominique Lena \u00e9tait soulag\u00e9. Soulag\u00e9 que&hellip;\n","protected":false},"author":2,"featured_media":180078,"comment_status":"","ping_status":"","sticky":false,"template":"","format":"standard","meta":{"footnotes":""},"categories":[2814],"tags":[17,1111,11,3750,4858,1777,674,13717,1011,27,29023,884,12394,12,4565,882,25,60],"class_list":{"0":"post-180077","1":"post","2":"type-post","3":"status-publish","4":"format-standard","5":"has-post-thumbnail","7":"category-marseille","8":"tag-17","9":"tag-actu","10":"tag-actualites","11":"tag-defi","12":"tag-eau","13":"tag-eu","14":"tag-europe","15":"tag-format","16":"tag-fr","17":"tag-france","18":"tag-libre","19":"tag-marseille","20":"tag-nage","21":"tag-news","22":"tag-nouveau","23":"tag-provence-alpes-cote-dazur","24":"tag-republique-francaise","25":"tag-sports"},"share_on_mastodon":{"url":"https:\/\/pubeurope.com\/@fr\/114691442166982834","error":""},"_links":{"self":[{"href":"https:\/\/www.europesays.com\/fr\/wp-json\/wp\/v2\/posts\/180077","targetHints":{"allow":["GET"]}}],"collection":[{"href":"https:\/\/www.europesays.com\/fr\/wp-json\/wp\/v2\/posts"}],"about":[{"href":"https:\/\/www.europesays.com\/fr\/wp-json\/wp\/v2\/types\/post"}],"author":[{"embeddable":true,"href":"https:\/\/www.europesays.com\/fr\/wp-json\/wp\/v2\/users\/2"}],"replies":[{"embeddable":true,"href":"https:\/\/www.europesays.com\/fr\/wp-json\/wp\/v2\/comments?post=180077"}],"version-history":[{"count":0,"href":"https:\/\/www.europesays.com\/fr\/wp-json\/wp\/v2\/posts\/180077\/revisions"}],"wp:featuredmedia":[{"embeddable":true,"href":"https:\/\/www.europesays.com\/fr\/wp-json\/wp\/v2\/media\/180078"}],"wp:attachment":[{"href":"https:\/\/www.europesays.com\/fr\/wp-json\/wp\/v2\/media?parent=180077"}],"wp:term":[{"taxonomy":"category","embeddable":true,"href":"https:\/\/www.europesays.com\/fr\/wp-json\/wp\/v2\/categories?post=180077"},{"taxonomy":"post_tag","embeddable":true,"href":"https:\/\/www.europesays.com\/fr\/wp-json\/wp\/v2\/tags?post=180077"}],"curies":[{"name":"wp","href":"https:\/\/api.w.org\/{rel}","templated":true}]}}