{"id":180080,"date":"2025-06-16T05:42:10","date_gmt":"2025-06-16T05:42:10","guid":{"rendered":"https:\/\/www.europesays.com\/fr\/180080\/"},"modified":"2025-06-16T05:42:10","modified_gmt":"2025-06-16T05:42:10","slug":"deja-enormement-de-bouchons-sur-vos-routes-ce-lundi-matin","status":"publish","type":"post","link":"https:\/\/www.europesays.com\/fr\/180080\/","title":{"rendered":"d\u00e9j\u00e0 \u00e9norm\u00e9ment de bouchons sur vos routes ce lundi matin"},"content":{"rendered":"<p>L\u00e0 o\u00f9 se concentrent les difficult\u00e9s\u00a0:<\/p>\n<p>\u27a1\ufe0f Autour du <strong>n\u0153ud de Manissieux<\/strong>, jonction entre l&rsquo;A43 vers Lyon et l&rsquo;A46 Sud. Comptez d\u00e9j\u00e0 plus de <strong>8 km de bouchons<\/strong> sur ces deux axes.<\/p>\n<p>\u27a1\ufe0f Un peu plus au sud, ralentissements sur l&rsquo;<strong>A7<\/strong> entre Solaize et Saint-Fons (4 km), <strong>l\u2019A47<\/strong> \u00e0 hauteur de Givors (5 km) et sur l&rsquo;<strong>A450<\/strong> autour de Pierre-B\u00e9nite (3 km).<\/p>\n<p>\u27a1\ufe0f Enfin, la <strong>Rocade Est<\/strong> commence \u00e0 se charger en direction de Marseille (3 km), tout comme la <strong>M6<\/strong> avant l&rsquo;entr\u00e9e du tunnel sous Fourvi\u00e8re (4 km).<\/p>\n","protected":false},"excerpt":{"rendered":"L\u00e0 o\u00f9 se concentrent les difficult\u00e9s\u00a0: \u27a1\ufe0f Autour du n\u0153ud de Manissieux, jonction entre l&rsquo;A43 vers Lyon et&hellip;\n","protected":false},"author":2,"featured_media":180081,"comment_status":"","ping_status":"","sticky":false,"template":"","format":"standard","meta":{"footnotes":""},"categories":[1889],"tags":[119,1111,11,2430,3542,3152,2757,3153,3154,3155,3156,1777,674,1011,27,2428,12,25,2429,1097],"class_list":{"0":"post-180080","1":"post","2":"type-post","3":"status-publish","4":"format-standard","5":"has-post-thumbnail","7":"category-lyon","8":"tag-accident","9":"tag-actu","10":"tag-actualites","11":"tag-auvergne-rhone-alpes","12":"tag-circulation","13":"tag-edition-est-lyonnais","14":"tag-edition-lyon-villeurbanne","15":"tag-edition-ouest-lyonnais","16":"tag-edition-sud-lyonnais","17":"tag-edition-tarare","18":"tag-edition-villefranche","19":"tag-eu","20":"tag-europe","21":"tag-fr","22":"tag-france","23":"tag-lyon","24":"tag-news","25":"tag-republique-francaise","26":"tag-rhone","27":"tag-trafic"},"share_on_mastodon":{"url":"https:\/\/pubeurope.com\/@fr\/114691450193122847","error":""},"_links":{"self":[{"href":"https:\/\/www.europesays.com\/fr\/wp-json\/wp\/v2\/posts\/180080","targetHints":{"allow":["GET"]}}],"collection":[{"href":"https:\/\/www.europesays.com\/fr\/wp-json\/wp\/v2\/posts"}],"about":[{"href":"https:\/\/www.europesays.com\/fr\/wp-json\/wp\/v2\/types\/post"}],"author":[{"embeddable":true,"href":"https:\/\/www.europesays.com\/fr\/wp-json\/wp\/v2\/users\/2"}],"replies":[{"embeddable":true,"href":"https:\/\/www.europesays.com\/fr\/wp-json\/wp\/v2\/comments?post=180080"}],"version-history":[{"count":0,"href":"https:\/\/www.europesays.com\/fr\/wp-json\/wp\/v2\/posts\/180080\/revisions"}],"wp:featuredmedia":[{"embeddable":true,"href":"https:\/\/www.europesays.com\/fr\/wp-json\/wp\/v2\/media\/180081"}],"wp:attachment":[{"href":"https:\/\/www.europesays.com\/fr\/wp-json\/wp\/v2\/media?parent=180080"}],"wp:term":[{"taxonomy":"category","embeddable":true,"href":"https:\/\/www.europesays.com\/fr\/wp-json\/wp\/v2\/categories?post=180080"},{"taxonomy":"post_tag","embeddable":true,"href":"https:\/\/www.europesays.com\/fr\/wp-json\/wp\/v2\/tags?post=180080"}],"curies":[{"name":"wp","href":"https:\/\/api.w.org\/{rel}","templated":true}]}}