{"id":180089,"date":"2025-06-16T05:49:09","date_gmt":"2025-06-16T05:49:09","guid":{"rendered":"https:\/\/www.europesays.com\/fr\/180089\/"},"modified":"2025-06-16T05:49:09","modified_gmt":"2025-06-16T05:49:09","slug":"la-plus-grande-action-de-prevention-sante-se-poursuit-dans-les-hauts-de-france","status":"publish","type":"post","link":"https:\/\/www.europesays.com\/fr\/180089\/","title":{"rendered":"La \u00ab\u00a0plus grande action de pr\u00e9vention sant\u00e9\u00a0\u00bb se poursuit dans les Hauts-de-France"},"content":{"rendered":"\n<p style=\"margin-bottom: 0cm;\">C&rsquo;est ainsi que le conseil r\u00e9gional d\u00e9signe les Parcours du Coeur, qui ont lieu actuellement et jusqu&rsquo;au 30 juin dans la r\u00e9gion. Cet \u00e9v\u00e9nement, propuls\u00e9 par la F\u00e9d\u00e9ration fran\u00e7aise de cardiologie apprend aux participants \u00e0 s&rsquo;activer pour le bien de leur c\u0153ur. Pour bouger, le choix est large\u00a0: randonn\u00e9es, marches, courses&#8230; Dans les Hauts-de-France, il y a une \u00ab\u00a0une mortalit\u00e9 importante avant 65 ans li\u00e9e aux maladies cardio-vasculaires\u00a0\u00bb. C&rsquo;est l&rsquo;occasion de renverser la vapeur.<\/p>\n<p lang=\"fr-FR\" style=\"margin-bottom: 0cm;\">\u00a0<\/p>\n<p lang=\"fr-FR\" style=\"margin-bottom: 0cm;\">Nicolas Chacun<\/p>\n<p>!function(f,b,e,v,n,t,s){if(f.fbq)return;n=f.fbq=function(){n.callMethod?<br \/>\nn.callMethod.apply(n,arguments):n.queue.push(arguments)};if(!f._fbq)f._fbq=n;<br \/>\nn.push=n;n.loaded=!0;n.version=&rsquo;2.0&prime;;n.queue=[];t=b.createElement(e);t.async=!0;<br \/>\nt.src=v;s=b.getElementsByTagName(e)[0];s.parentNode.insertBefore(t,s)}(window,<br \/>\ndocument,&rsquo;script&rsquo;,&rsquo;https:\/\/connect.facebook.net\/en_US\/fbevents.js&rsquo;);<br \/>\nfbq(&lsquo;init&rsquo;, &lsquo;278974969201861&rsquo;); \/\/ Insert your pixel ID here.<br \/>\nfbq(&lsquo;track&rsquo;, &lsquo;PageView&rsquo;);<\/p>\n","protected":false},"excerpt":{"rendered":"C&rsquo;est ainsi que le conseil r\u00e9gional d\u00e9signe les Parcours du Coeur, qui ont lieu actuellement et jusqu&rsquo;au 30&hellip;\n","protected":false},"author":2,"featured_media":180090,"comment_status":"","ping_status":"","sticky":false,"template":"","format":"standard","meta":{"footnotes":""},"categories":[1888],"tags":[11,1933,1936,1777,1939,674,1011,27,1934,12,1940,626,1935,25,1937,1941,1938],"class_list":{"0":"post-180089","1":"post","2":"type-post","3":"status-publish","4":"format-standard","5":"has-post-thumbnail","7":"category-paris","8":"tag-actualites","9":"tag-actualites-locales","10":"tag-essonne","11":"tag-eu","12":"tag-eure-et-loir","13":"tag-europe","14":"tag-fr","15":"tag-france","16":"tag-infos-locales","17":"tag-news","18":"tag-oise","19":"tag-paris","20":"tag-pres-de-chez-vous","21":"tag-republique-francaise","22":"tag-seine-et-marne","23":"tag-somme","24":"tag-yvelines"},"share_on_mastodon":{"url":"https:\/\/pubeurope.com\/@fr\/114691477627501885","error":""},"_links":{"self":[{"href":"https:\/\/www.europesays.com\/fr\/wp-json\/wp\/v2\/posts\/180089","targetHints":{"allow":["GET"]}}],"collection":[{"href":"https:\/\/www.europesays.com\/fr\/wp-json\/wp\/v2\/posts"}],"about":[{"href":"https:\/\/www.europesays.com\/fr\/wp-json\/wp\/v2\/types\/post"}],"author":[{"embeddable":true,"href":"https:\/\/www.europesays.com\/fr\/wp-json\/wp\/v2\/users\/2"}],"replies":[{"embeddable":true,"href":"https:\/\/www.europesays.com\/fr\/wp-json\/wp\/v2\/comments?post=180089"}],"version-history":[{"count":0,"href":"https:\/\/www.europesays.com\/fr\/wp-json\/wp\/v2\/posts\/180089\/revisions"}],"wp:featuredmedia":[{"embeddable":true,"href":"https:\/\/www.europesays.com\/fr\/wp-json\/wp\/v2\/media\/180090"}],"wp:attachment":[{"href":"https:\/\/www.europesays.com\/fr\/wp-json\/wp\/v2\/media?parent=180089"}],"wp:term":[{"taxonomy":"category","embeddable":true,"href":"https:\/\/www.europesays.com\/fr\/wp-json\/wp\/v2\/categories?post=180089"},{"taxonomy":"post_tag","embeddable":true,"href":"https:\/\/www.europesays.com\/fr\/wp-json\/wp\/v2\/tags?post=180089"}],"curies":[{"name":"wp","href":"https:\/\/api.w.org\/{rel}","templated":true}]}}