{"id":180093,"date":"2025-06-16T05:51:10","date_gmt":"2025-06-16T05:51:10","guid":{"rendered":"https:\/\/www.europesays.com\/fr\/180093\/"},"modified":"2025-06-16T05:51:10","modified_gmt":"2025-06-16T05:51:10","slug":"en-direct-guerre-en-ukraine-emmanuel-macron-veut-mettre-la-pression-a-donald-trump-pour-plus-de-sanctions-contre-moscou","status":"publish","type":"post","link":"https:\/\/www.europesays.com\/fr\/180093\/","title":{"rendered":"En direct, Guerre en Ukraine \u2013 Emmanuel Macron veut mettre la pression \u00e0 Donald Trump pour plus de sanctions contre Moscou"},"content":{"rendered":"<p>        07:11<\/p>\n<p>      L\u2019aide europ\u00e9enne compense le d\u00e9sengagement am\u00e9ricain<\/p>\n<p>              <a tabindex=\"-1\" title=\"Le Temps avec l\u2019AFP\" href=\"https:\/\/www.letemps.ch\/profil\/le-temps-avec-l-afp\" rel=\"nofollow noopener\" target=\"_blank\"><\/p>\n<p>                    <img decoding=\"async\" src=\"https:\/\/www.europesays.com\/fr\/wp-content\/uploads\/2025\/04\/1744691829_537_small.jpeg\" class=\"lazy\" alt=\"\"\/><\/p>\n<p><\/a>        <\/p>\n<p>Une hausse de l\u2019aide des pays europ\u00e9ens \u00e0 l\u2019Ukraine a permis en 2025 de combler le vide laiss\u00e9 par le d\u00e9sengagement de Washington, a rapport\u00e9 lundi dans un communiqu\u00e9 l\u2019institut allemand Kiel. \u00abL\u2019Europe comble largement le retrait de l\u2019aide am\u00e9ricaine\u00bb, \u00e9crit-il.<\/p>\n<p>Alors que \u00ables Etats-Unis, qui \u00e9taient auparavant le plus gros donateur \u00e0 l\u2019Ukraine, n\u2019ont pas annonc\u00e9 de nouvelle enveloppe depuis le d\u00e9but janvier\u00bb, l\u2019Ukraine a tout de m\u00eame re\u00e7u plus d\u2019aide de janvier \u00e0 avril 2025 qu\u2019en moyenne les ann\u00e9es pr\u00e9c\u00e9dentes sur la m\u00eame p\u00e9riode, pr\u00e9cise l\u2019institut allemand, qui recense l\u2019aide militaire, financi\u00e8re et humanitaire promise et livr\u00e9e \u00e0 Kiev depuis l\u2019invasion russe du 24\u00a0f\u00e9vrier 2022.<\/p>\n<p>\u00abReste \u00e0 savoir s\u2019il s\u2019agit d\u2019une hausse temporaire ou du d\u00e9but d\u2019une \u00e9volution plus durable du r\u00f4le de l\u2019Europe en tant que principal soutien de l\u2019Ukraine\u00bb, a d\u00e9clar\u00e9 Christoph Trebesch, qui dirige l\u2019\u00e9quipe du Kiel Institute, cit\u00e9 dans le communiqu\u00e9.<\/p>\n<p>        05:47<\/p>\n<p>      L\u2019UE appelle \u00e0 \u00e9viter le protectionnisme au G7<\/p>\n<p>              <a tabindex=\"-1\" title=\"Le Temps avec l\u2019AFP\" href=\"https:\/\/www.letemps.ch\/profil\/le-temps-avec-l-afp\" rel=\"nofollow noopener\" target=\"_blank\"><\/p>\n<p>                    <img decoding=\"async\" src=\"https:\/\/www.europesays.com\/fr\/wp-content\/uploads\/2025\/04\/1744691829_537_small.jpeg\" class=\"lazy\" alt=\"\"\/><\/p>\n<p><\/a>        <\/p>\n<p>La pr\u00e9sidente de la Commission europ\u00e9enne, Ursula von der Leyen, a appel\u00e9 dimanche le G7 \u00e0 \u00ab\u00e9viter le protectionnisme\u00bb au d\u00e9but d\u2019un sommet au Canada. La r\u00e9union est plac\u00e9e sous tension en raison des frictions entre alli\u00e9s et le conflit entre l\u2019Iran et Isra\u00ebl.<\/p>\n<p>Le sommet, qui se d\u00e9roule \u00e0 Kananaskis dans l\u2019\u00e9crin du parc national de Banff, dans l\u2019ouest canadien, est le premier depuis que le retour de Donald Trump \u00e0 la pr\u00e9sidence des Etats-Unis d\u2019Am\u00e9rique a fragilis\u00e9 l\u2019unit\u00e9 du club des grandes d\u00e9mocraties industrialis\u00e9es. Le nouveau premier ministre canadien Mark Carney a choisi d\u2019inviter \u00e9galement de nombreux dirigeants d\u2019autres pays: Inde, Ukraine, Mexique, Afrique du Sud, Australie et Cor\u00e9e du Sud seront pr\u00e9sents.<\/p>\n<p>Eviter les drames sera une priorit\u00e9 absolue pour tous malgr\u00e9 les nombreux sujets de frictions, des droits de douane impos\u00e9s par Donald Trump \u00e0 la guerre en Ukraine, ou encore celle au Moyen-Orient. Pour cela, les pays du G7 devraient s\u2019abstenir de publier le traditionnel long communiqu\u00e9 final.<\/p>\n<p>        05:46<\/p>\n<p>      Notre suivi de la semaine derni\u00e8re<\/p>\n<p>Pour suivre les \u00e9v\u00e9nements de la semaine du 9 juin, <a href=\"https:\/\/www.letemps.ch\/monde\/europe\/en-direct-guerre-en-ukraine-zelensky-accuse-moscou-de-jouer-un-sale-jeu-politique-autour-de-l-echange-de-prisonniers\" rel=\"nofollow noopener\" target=\"_blank\">c&rsquo;est ici.<\/a><\/p>\n<p>        03:24<\/p>\n<p>      Emmanuel Macron veut savoir si Donald Trump est \u00abdisponible\u00bb pour plus de sanctions contre la Russie<\/p>\n<p>              <a tabindex=\"-1\" title=\"Le Temps avec l\u2019AFP\" href=\"https:\/\/www.letemps.ch\/profil\/le-temps-avec-l-afp\" rel=\"nofollow noopener\" target=\"_blank\"><\/p>\n<p>                    <img decoding=\"async\" src=\"https:\/\/www.europesays.com\/fr\/wp-content\/uploads\/2025\/04\/1744691829_537_small.jpeg\" class=\"lazy\" alt=\"\"\/><\/p>\n<p><\/a>        <\/p>\n<p>Le pr\u00e9sident fran\u00e7ais Emmanuel Macron entend demander \u00e0 son homologue am\u00e9ricain Donald Trump s&rsquo;il est \u00abdisponible\u00bb pour mettre en oeuvre plus de sanctions contre la Russie, a-t-il dit dimanche lors d&rsquo;une halte au Groenland avant de participer au G7 au Canada.<\/p>\n<blockquote>\n<p>A mes yeux, la question est de savoir si le pr\u00e9sident Trump est disponible \u00e0 mettre en avant des sanctions beaucoup plus fortes \u00e0 l&rsquo;\u00e9gard de la Russie si elle refusait de r\u00e9pondre \u00e0 la proposition (de cessez-le-feu en Ukraine)<\/p>\n<\/blockquote>\n","protected":false},"excerpt":{"rendered":"07:11 L\u2019aide europ\u00e9enne compense le d\u00e9sengagement am\u00e9ricain Une hausse de l\u2019aide des pays europ\u00e9ens \u00e0 l\u2019Ukraine a permis&hellip;\n","protected":false},"author":2,"featured_media":180094,"comment_status":"","ping_status":"","sticky":false,"template":"","format":"standard","meta":{"footnotes":""},"categories":[1591],"tags":[11,1887,4438,12,1885,1886,132,220],"class_list":{"0":"post-180093","1":"post","2":"type-post","3":"status-publish","4":"format-standard","5":"has-post-thumbnail","7":"category-russie","8":"tag-actualites","9":"tag-federation-de-russie","10":"tag-free","11":"tag-news","12":"tag-russia","13":"tag-russian-federation","14":"tag-russie","15":"tag-ukraine"},"share_on_mastodon":{"url":"https:\/\/pubeurope.com\/@fr\/114691485635640341","error":""},"_links":{"self":[{"href":"https:\/\/www.europesays.com\/fr\/wp-json\/wp\/v2\/posts\/180093","targetHints":{"allow":["GET"]}}],"collection":[{"href":"https:\/\/www.europesays.com\/fr\/wp-json\/wp\/v2\/posts"}],"about":[{"href":"https:\/\/www.europesays.com\/fr\/wp-json\/wp\/v2\/types\/post"}],"author":[{"embeddable":true,"href":"https:\/\/www.europesays.com\/fr\/wp-json\/wp\/v2\/users\/2"}],"replies":[{"embeddable":true,"href":"https:\/\/www.europesays.com\/fr\/wp-json\/wp\/v2\/comments?post=180093"}],"version-history":[{"count":0,"href":"https:\/\/www.europesays.com\/fr\/wp-json\/wp\/v2\/posts\/180093\/revisions"}],"wp:featuredmedia":[{"embeddable":true,"href":"https:\/\/www.europesays.com\/fr\/wp-json\/wp\/v2\/media\/180094"}],"wp:attachment":[{"href":"https:\/\/www.europesays.com\/fr\/wp-json\/wp\/v2\/media?parent=180093"}],"wp:term":[{"taxonomy":"category","embeddable":true,"href":"https:\/\/www.europesays.com\/fr\/wp-json\/wp\/v2\/categories?post=180093"},{"taxonomy":"post_tag","embeddable":true,"href":"https:\/\/www.europesays.com\/fr\/wp-json\/wp\/v2\/tags?post=180093"}],"curies":[{"name":"wp","href":"https:\/\/api.w.org\/{rel}","templated":true}]}}