{"id":180095,"date":"2025-06-16T05:52:10","date_gmt":"2025-06-16T05:52:10","guid":{"rendered":"https:\/\/www.europesays.com\/fr\/180095\/"},"modified":"2025-06-16T05:52:10","modified_gmt":"2025-06-16T05:52:10","slug":"%f0%9f%94%b4-salon-du-bourget-g7-ukraine-zfe-lessentiel-de-lactualite-de-ce-lundi-16-juin","status":"publish","type":"post","link":"https:\/\/www.europesays.com\/fr\/180095\/","title":{"rendered":"\ud83d\udd34\u200b Salon du Bourget, G7, Ukraine, ZFE&#8230; L&rsquo;essentiel de l&rsquo;actualit\u00e9 de ce lundi 16 juin"},"content":{"rendered":"<p><strong>Bonjour \u00e0 toutes et \u00e0 tous.<\/strong> Le monde sort du week-end encore sonn\u00e9 par le conflit entre l&rsquo;\u00c9tat d&rsquo;Isra\u00ebl et l&rsquo;Iran. Le sujet, toujours aussi inflammable, sera au menu des <strong>discussions du<\/strong> <strong>G7<\/strong> ce lundi. Sur un front plus positif, les acteurs de l&rsquo;a\u00e9ronautique se r\u00e9unissent au <strong>Bourget<\/strong>, pour l&rsquo;\u00e9dition 2025 du plus ancien et grand salon du secteur. Une autre grande industrie, celle de l&rsquo;automobile, ouvre les yeux un peu groggy ce matin, avec le d\u00e9part du charismatique patron de Renault <strong>Lucas de Meo<\/strong>. Tandis qu&rsquo;\u00e0 l&rsquo;Assembl\u00e9e nationale, on discutera du projet de loi sur la\u00a0\u00ab\u202fsimplification\u202f\u00bb, un texte sur lequel l&rsquo;entente est encore&#8230; complexe.<\/p>\n<p>Nous sommes lundi 16 juin 2025, et on vous souhaite la bienvenue sur La Tribune. Laissez-vous guider par notre fil d&rsquo;infos tout au long de cette journ\u00e9e.<\/p>\n<p>\u2615 <strong>Bon r\u00e9veil et bon caf\u00e9<\/strong><\/p>\n<p>Le salon du Bourget d\u00e9colle dans l&rsquo;ombre du drame d&rsquo;Air India<\/p>\n<p><strong>Le salon du Bourget pr\u00e8s de Paris<\/strong>, le plus ancien et plus grand rendez-vous a\u00e9rospatial au monde, d\u00e9colle ce lundi avec un fort accent sur l&rsquo;espace et la d\u00e9fense. Mais assombri pour sa 55e \u00e9dition par la catastrophe du Boeing d&rsquo;Air India. Tr\u00e8s attendu pour parler de la reprise de Boeing, le patron du g\u00e9ant am\u00e9ricain Kelly Ortberg a annul\u00e9 vendredi sa venue au salon, au lendemain du crash meurtrier en Inde d&rsquo;un appareil de l&rsquo;avionneur.<\/p>\n<p><strong>\ud83d\udc49\u00a0Approfondissez le sujet avec notre journaliste a\u00e9rien L\u00e9o Barnier :<\/strong>\u00a0<a href=\"https:\/\/www.latribune.fr\/entreprises-finance\/industrie\/aeronautique-defense\/le-salon-du-bourget-s-ouvre-dans-une-ambiance-lourde-1027460.html\" target=\"_blank\" rel=\"noopener\">Le salon du Bourget d\u00e9colle dans l&rsquo;ombre du drame d&rsquo;Air India<\/a><\/p>\n<p>Le G7 r\u00e9uni au Canada, en plein conflit entre l&rsquo;Iran et Isra\u00ebl<\/p>\n<p><strong>Un dialogue d\u00e9licat. <\/strong>Les pays du G7 ont d\u00e9marr\u00e9 dimanche des n\u00e9gociations pour tenter de trouver un langage commun concernant le conflit qui oppose l&rsquo;Iran et Isra\u00ebl, au moment o\u00f9 leurs dirigeants, dont le pr\u00e9sident am\u00e9ricain, se retrouvent pour un <strong>sommet sous tension<\/strong> dans les Rocheuses canadiennes. Il s&rsquo;agit du premier grand sommet depuis que le retour de <strong>Donald Trump<\/strong> au pouvoir en janvier a fragilis\u00e9 l&rsquo;unit\u00e9 du club des grandes d\u00e9mocraties industrialis\u00e9es (Allemagne, Royaume-Uni, Canada, \u00c9tats-Unis, France, Italie et Japon).<\/p>\n<p>Luca de Meo quitte Renault, pressenti pour diriger Kering<\/p>\n<p><strong>La fin d&rsquo;un cycle. <\/strong>Apr\u00e8s cinq ann\u00e9es \u00e0 la direction g\u00e9n\u00e9rale de Renault, <strong>Luca de Meo<\/strong> s&rsquo;appr\u00eate \u00e0 quitter le constructeur automobile pour relever de nouveaux d\u00e9fis hors du secteur. Son d\u00e9part sera effectif le <strong>15 juillet<\/strong>, a confirm\u00e9 dimanche le groupe au losange dans un communiqu\u00e9. Selon des sources concordantes, l&#8217;embl\u00e9matique dirigeant est pressenti pour succ\u00e9der \u00e0 Fran\u00e7ois-Henri Pinault <strong>\u00e0 la t\u00eate de Kering<\/strong>.<\/p>\n<p><strong>Pour en savoir plus\u00a0\ud83d\udc49\u00a0<\/strong><a href=\"https:\/\/www.latribune.fr\/entreprises-finance\/industrie\/automobile\/luca-de-meo-quitte-renault-pressenti-pour-diriger-kering-1027465.html\" target=\"_blank\" rel=\"noopener\">Luca de Meo quitte Renault, pressenti pour diriger Kering<\/a><\/p>\n<p>Ukraine\u202f: l&rsquo;aide europ\u00e9enne compense le d\u00e9sengagement am\u00e9ricain<\/p>\n<p><strong>Tendance encourageante.<\/strong> Une hausse de <strong>l&rsquo;aide des pays europ\u00e9ens \u00e0 l&rsquo;Ukraine<\/strong> a permis d\u00e9but 2025 de <strong>combler le vide<\/strong> laiss\u00e9 par le d\u00e9sengagement de la nouvelle administration am\u00e9ricaine de Donald Trump, a rapport\u00e9 ce lundi l&rsquo;institut de recherche allemand Kiel Institute.\u00a0\u00ab\u202fL&rsquo;Europe comble largement le retrait de l&rsquo;aide am\u00e9ricaine\u202f\u00bb, \u00e9crit dans un communiqu\u00e9 l&rsquo;institut, qui recense l&rsquo;aide militaire, financi\u00e8re et humanitaire promise et livr\u00e9e \u00e0 l&rsquo;Ukraine depuis l&rsquo;invasion russe du 24 f\u00e9vrier 2022.<\/p>\n<p>Les macronistes voteront contre le projet de loi qui supprime les ZFE<\/p>\n<p><strong>Se mettre d&rsquo;accord. <\/strong>Les d\u00e9put\u00e9s du groupe macroniste Ensemble pour la R\u00e9publique (EPR) ont choisi, dimanche lors d&rsquo;une r\u00e9union, de voter mardi contre le <strong>projet de loi de \u00ab\u202fsimplification\u202f\u00bb<\/strong> qui pr\u00e9voit notamment la suppression des zones \u00e0 faibles \u00e9missions (ZFE), a indiqu\u00e9 \u00e0 l&rsquo;AFP un participant. Les \u00e9lus EPR\u00a0estiment que\u00a0<strong>le texte est <\/strong><strong>\u00ab\u202fassez \u00e9loign\u00e9, voire r\u00e9gressif<\/strong>, par rapport \u00e0 la version initiale\u202f\u00bb, pr\u00e9sent\u00e9e par Gabriel Attal lorsqu&rsquo;il \u00e9tait encore \u00e0 Matignon.<\/p>\n<p>Faute de fonds, l&rsquo;ONU coupe sur son plan d&rsquo;aide humanitaire mondial<\/p>\n<p><strong>Vache maigre.<\/strong> L&rsquo;ONU a annonc\u00e9 ce lundi une r\u00e9vision drastique de son plan d&rsquo;aide humanitaire mondial pour cette ann\u00e9e, en raison \u00ab\u202fdes <strong>pires coupes financi\u00e8res<\/strong> qui ont jamais frapp\u00e9 le secteur humanitaire\u202f\u00bb, selon un communiqu\u00e9. <strong>Le nouveau plan de 29 milliards de dollars<\/strong>, l\u00e0 o\u00f9 l&rsquo;ONU en r\u00e9clamait 44 milliards pour 2025, doit <strong>\u00ab\u202fhyper-prioriser\u202f\u00bb<\/strong> l&rsquo;aide pour 114 millions de personnes, selon le communiqu\u00e9 diffus\u00e9 par l&rsquo;agence de coordination de l&rsquo;aide humanitaire de l&rsquo;ONU (OCHA).<\/p>\n<p><strong>\ud83d\udcc6 L&rsquo;agenda \u00e9co de la journ\u00e9e<\/strong><\/p>\n<p><strong>9h | <\/strong>D\u00e9placement de Fran\u00e7ois Bayrou au salon a\u00e9ronautique du Bourget<\/p>\n<p><strong>9h30 |<\/strong> Conf\u00e9rence de presse du Planning familial sur sa baisse de financements<\/p>\n<p><strong>10h |<\/strong>\u00a0Publication du rapport mensuel sur le p\u00e9trole (AIE)<\/p>\n<p><strong>10h |<\/strong> Conclave retraites :discussion finale sur un projet d&rsquo;accord (10H)<\/p>\n<p><strong>14h |<\/strong>\u00a0France Strat\u00e9gies : pr\u00e9sentation \u00e9tude : Faut-il repenser la mutualisation des risques climatiques ?<\/p>\n<p><strong>15h00 |<\/strong> Conf\u00e9rence de presse de The Shift Project sur la d\u00e9carbonation du secteur des industries de sant\u00e9<\/p>\n<p><strong>17H30 | <\/strong>Soir\u00e9e de remise des Troph\u00e9es des Leaders de Demain organis\u00e9e par le Medef<\/p>\n<p><strong>Journ\u00e9e | <\/strong>Assises nationales du logement et de la ville (Paris)<\/p>\n<p><strong>Journ\u00e9e | <\/strong>Salon international de l&rsquo;a\u00e9ronautique et de l&rsquo;espace (SIAE) de Paris (Le Bourget)<\/p>\n<p><strong>Journ\u00e9e |<\/strong> Session pl\u00e9ni\u00e8re du Parlement europ\u00e9en<\/p>\n<p>\ud83d\udcfb <strong>Les interviews \u00e0 suivre ce matin<\/strong><\/p>\n<p><strong>BFM BUSINESS &#8211; 7h50 |<\/strong> Arthur L\u00e9opold-L\u00e9ger, Directeur g\u00e9n\u00e9ral et fondateur d&rsquo;Elixir Aircraft<\/p>\n<p><strong>FRANCE INTER &#8211; 7h50 |<\/strong> Mohammad Amin Nejad, ambassadeur d&rsquo;Iran en France<\/p>\n<p><strong>PUBLIC S\u00c9NAT &#8211; 8h |<\/strong> Eric Coquerel, d\u00e9put\u00e9 LFI et pr\u00e9sident de la Commission des Finances de l&rsquo;Assembl\u00e9e nationale<\/p>\n","protected":false},"excerpt":{"rendered":"Bonjour \u00e0 toutes et \u00e0 tous. Le monde sort du week-end encore sonn\u00e9 par le conflit entre l&rsquo;\u00c9tat&hellip;\n","protected":false},"author":2,"featured_media":58444,"comment_status":"","ping_status":"","sticky":false,"template":"","format":"standard","meta":{"footnotes":""},"categories":[1590],"tags":[17,11,31709,33,1777,674,23564,15468,12,6290,220,3533,31708],"class_list":{"0":"post-180095","1":"post","2":"type-post","3":"status-publish","4":"format-standard","5":"has-post-thumbnail","7":"category-ukraine","8":"tag-17","9":"tag-actualites","10":"tag-bourget","11":"tag-economie","12":"tag-eu","13":"tag-europe","14":"tag-g7","15":"tag-lessentiel","16":"tag-news","17":"tag-salon","18":"tag-ukraine","19":"tag-zfe","20":"tag-31708"},"share_on_mastodon":{"url":"https:\/\/pubeurope.com\/@fr\/114691489514741825","error":""},"_links":{"self":[{"href":"https:\/\/www.europesays.com\/fr\/wp-json\/wp\/v2\/posts\/180095","targetHints":{"allow":["GET"]}}],"collection":[{"href":"https:\/\/www.europesays.com\/fr\/wp-json\/wp\/v2\/posts"}],"about":[{"href":"https:\/\/www.europesays.com\/fr\/wp-json\/wp\/v2\/types\/post"}],"author":[{"embeddable":true,"href":"https:\/\/www.europesays.com\/fr\/wp-json\/wp\/v2\/users\/2"}],"replies":[{"embeddable":true,"href":"https:\/\/www.europesays.com\/fr\/wp-json\/wp\/v2\/comments?post=180095"}],"version-history":[{"count":0,"href":"https:\/\/www.europesays.com\/fr\/wp-json\/wp\/v2\/posts\/180095\/revisions"}],"wp:featuredmedia":[{"embeddable":true,"href":"https:\/\/www.europesays.com\/fr\/wp-json\/wp\/v2\/media\/58444"}],"wp:attachment":[{"href":"https:\/\/www.europesays.com\/fr\/wp-json\/wp\/v2\/media?parent=180095"}],"wp:term":[{"taxonomy":"category","embeddable":true,"href":"https:\/\/www.europesays.com\/fr\/wp-json\/wp\/v2\/categories?post=180095"},{"taxonomy":"post_tag","embeddable":true,"href":"https:\/\/www.europesays.com\/fr\/wp-json\/wp\/v2\/tags?post=180095"}],"curies":[{"name":"wp","href":"https:\/\/api.w.org\/{rel}","templated":true}]}}