{"id":18013,"date":"2025-04-11T18:56:09","date_gmt":"2025-04-11T18:56:09","guid":{"rendered":"https:\/\/www.europesays.com\/fr\/18013\/"},"modified":"2025-04-11T18:56:09","modified_gmt":"2025-04-11T18:56:09","slug":"la-tempete-olivier-en-approche-un-episode-mediterraneen-attendu","status":"publish","type":"post","link":"https:\/\/www.europesays.com\/fr\/18013\/","title":{"rendered":"la temp\u00eate Olivier en approche, un \u00e9pisode m\u00e9diterran\u00e9en attendu"},"content":{"rendered":"<p>            Par<br \/>\n        <strong><br \/>\n            <a href=\"https:\/\/actu.fr\/auteur\/manon-reinhardt\" title=\"Consulter tous les articles de Manon Reinhardt\" target=\"_blank\" rel=\"noopener\">Manon Reinhardt<\/a><br \/>\n        <\/strong><\/p>\n<p>        Publi\u00e9 le<\/p>\n<p>            11 avr. 2025 \u00e0 16h54        <\/p>\n<p>\u00ab\u2009En avril, ne te d\u00e9couvre pas d\u2019un fil.\u2009\u00bb Ce proverbe n\u2019a jamais \u00e9t\u00e9 aussi vrai\u2009! Sortez vos parapluies, <strong>des orages et de la pluie<\/strong> sont attendus sur la C\u00f4te d\u2019Azur, d\u00e8s ce dimanche 13\u00a0avril 2025, et pour plusieurs jours.<\/p>\n<p class=\" wall-content\">La temp\u00eate Olivier approche. Voici \u00e0 quoi s\u2019attendre.<\/p>\n<p>\u00ab\u2009Des pr\u00e9cipitations g\u00e9n\u00e9ralis\u00e9es\u2009\u00bb<\/p>\n<p class=\" wall-content\">La pluie fera son retour ce week-end du 12 avril 2025. \u00c0 partir de dimanche, des averses sont annonc\u00e9es sur le littoral azur\u00e9en, et ce, pour plusieurs jours.<\/p>\n<p class=\" wall-content\">\u00ab\u2009La nouvelle <strong>s\u00e9quence pluvieuse<\/strong> est d\u00e9sormais confirm\u00e9e. D\u00e8s dimanche, les premi\u00e8res averses gagneront la r\u00e9gion, mais c\u2019est surtout \u00e0 partir de lundi 14\u00a0avril que les pr\u00e9cipitations deviendront plus fr\u00e9quentes et g\u00e9n\u00e9ralis\u00e9es\u2009\u00bb, note M\u00e9t\u00e9o C\u00f4te d\u2019Azur.<\/p>\n<p class=\" wall-content\">\n<p class=\" wall-content\">En effet, la temp\u00eate Olivier arrive tout droit depuis l\u2019Atlantique, en passant par l\u2019Espagne. Les pr\u00e9visionnistes soulignent un risque d\u2019intemp\u00e9ries.<\/p>\n<p>Vid\u00e9os : en ce moment sur ActuJusqu\u2019\u00e0 jeudi prochain<\/p>\n<p class=\" wall-content\">Mais pas de neige attendue sur nos sommets, \u00ab\u2009les pr\u00e9cipitations se feront sous forme liquide jusqu\u2019\u00e0 environ 2500 \u00e0 2700m d\u2019altitude\u2009\u00bb.<\/p>\n<p class=\" wall-content\">Ces pluies pourront localement s\u2019accompagner d\u2019orages et se succ\u00e9deront par vagues au cours de plusieurs jours. Une attention particuli\u00e8re sera port\u00e9e au risque de cumuls de pluie <strong>parfois importants<\/strong> d\u2019ici jeudi\u00a0\u00bb, pr\u00e9cise M\u00e9t\u00e9o C\u00f4te d\u2019Azur. La perturbation m\u00e9t\u00e9orologique devrait ensuite s\u2019\u00e9vacuer.<\/p>\n<p class=\" wall-content\">Suivez toute l\u2019actualit\u00e9 de vos villes et m\u00e9dias favoris en vous inscrivant \u00e0 <a href=\"https:\/\/moncompte.actu.fr\" title=\"D\u00e9couvez Mon Actu\" rel=\"nofollow noopener\" data-trk=\"{&quot;cta&quot;:{&quot;action&quot;:&quot;https:\\\/\\\/moncompte.actu.fr&quot;,&quot;category&quot;:&quot;mon compte&quot;,&quot;from&quot;:&quot;article footer&quot;,&quot;name&quot;:&quot;Mon actu&quot;,&quot;type&quot;:&quot;cta&quot;}}\" target=\"_blank\">Mon Actu<\/a>.<\/p>\n<ul class=\"ac-article-tag wall-content\">\n<li><a href=\"https:\/\/actu.fr\/tag\/intemperies\" data-trk=\"{&quot;cta&quot;:{&quot;action&quot;:&quot;Intemp\\u00e9ries&quot;,&quot;category&quot;:&quot;tag&quot;,&quot;from&quot;:&quot;article footer&quot;,&quot;name&quot;:&quot;Intemp\\u00e9ries&quot;,&quot;type&quot;:&quot;cta&quot;}}\" target=\"_blank\" rel=\"noopener\">#Intemp\u00e9ries<\/a><\/li>\n<li><a href=\"https:\/\/actu.fr\/tag\/meteo-france\" data-trk=\"{&quot;cta&quot;:{&quot;action&quot;:&quot;M\\u00e9t\\u00e9o France&quot;,&quot;category&quot;:&quot;tag&quot;,&quot;from&quot;:&quot;article footer&quot;,&quot;name&quot;:&quot;M\\u00e9t\\u00e9o France&quot;,&quot;type&quot;:&quot;cta&quot;}}\" target=\"_blank\" rel=\"noopener\">#M\u00e9t\u00e9o France<\/a><\/li>\n<\/ul>\n","protected":false},"excerpt":{"rendered":"Par Manon Reinhardt Publi\u00e9 le 11 avr. 2025 \u00e0 16h54 \u00ab\u2009En avril, ne te d\u00e9couvre pas d\u2019un fil.\u2009\u00bb&hellip;\n","protected":false},"author":2,"featured_media":18014,"comment_status":"","ping_status":"","sticky":false,"template":"","format":"standard","meta":{"footnotes":""},"categories":[2819],"tags":[1111,11,1777,674,1011,27,3059,2487,2357,12,2401,882,25],"class_list":{"0":"post-18013","1":"post","2":"type-post","3":"status-publish","4":"format-standard","5":"has-post-thumbnail","7":"category-nice","8":"tag-actu","9":"tag-actualites","10":"tag-eu","11":"tag-europe","12":"tag-fr","13":"tag-france","14":"tag-intemperies","15":"tag-meteo","16":"tag-meteo-france","17":"tag-news","18":"tag-nice","19":"tag-provence-alpes-cote-dazur","20":"tag-republique-francaise"},"share_on_mastodon":{"url":"https:\/\/pubeurope.com\/@fr\/114320859679720348","error":""},"_links":{"self":[{"href":"https:\/\/www.europesays.com\/fr\/wp-json\/wp\/v2\/posts\/18013","targetHints":{"allow":["GET"]}}],"collection":[{"href":"https:\/\/www.europesays.com\/fr\/wp-json\/wp\/v2\/posts"}],"about":[{"href":"https:\/\/www.europesays.com\/fr\/wp-json\/wp\/v2\/types\/post"}],"author":[{"embeddable":true,"href":"https:\/\/www.europesays.com\/fr\/wp-json\/wp\/v2\/users\/2"}],"replies":[{"embeddable":true,"href":"https:\/\/www.europesays.com\/fr\/wp-json\/wp\/v2\/comments?post=18013"}],"version-history":[{"count":0,"href":"https:\/\/www.europesays.com\/fr\/wp-json\/wp\/v2\/posts\/18013\/revisions"}],"wp:featuredmedia":[{"embeddable":true,"href":"https:\/\/www.europesays.com\/fr\/wp-json\/wp\/v2\/media\/18014"}],"wp:attachment":[{"href":"https:\/\/www.europesays.com\/fr\/wp-json\/wp\/v2\/media?parent=18013"}],"wp:term":[{"taxonomy":"category","embeddable":true,"href":"https:\/\/www.europesays.com\/fr\/wp-json\/wp\/v2\/categories?post=18013"},{"taxonomy":"post_tag","embeddable":true,"href":"https:\/\/www.europesays.com\/fr\/wp-json\/wp\/v2\/tags?post=18013"}],"curies":[{"name":"wp","href":"https:\/\/api.w.org\/{rel}","templated":true}]}}