{"id":18015,"date":"2025-04-11T18:57:15","date_gmt":"2025-04-11T18:57:15","guid":{"rendered":"https:\/\/www.europesays.com\/fr\/18015\/"},"modified":"2025-04-11T18:57:15","modified_gmt":"2025-04-11T18:57:15","slug":"revivez-lemission-exceptionnelle-depuis-lopera-de-la-ville","status":"publish","type":"post","link":"https:\/\/www.europesays.com\/fr\/18015\/","title":{"rendered":"revivez l&rsquo;\u00e9mission exceptionnelle depuis l&rsquo;Op\u00e9ra de la ville"},"content":{"rendered":"<p class=\"article-p mdl\">D\u00e9couvrez les Grosses T\u00eates du vendredi 11 avril 2025 !\u00a0Laurent Ruquier\u00a0vous pr\u00e9sente le plateau du jour : une Grosse T\u00eate qui est very very Nice : <strong>Karine Le Marchand<\/strong>. Une Grosse T\u00eate qui permet de faire venir plusieurs chanteuses d\u2019un coup \u00e0 Nice : <strong>Liane Foly<\/strong>. Une Grosse T\u00eate, &lsquo;monsieur Histoire&rsquo; du Tour de France mais qui, pour une fois, a fait un Paris-Nice : <strong>Franck Ferrand<\/strong>.\u00a0<\/p>\n<p class=\"article-p mdl\">Une Grosse T\u00eate qui est plus Maroilles que Salade Ni\u00e7oise :\u00a0<a class=\"link\" href=\"https:\/\/www.rtl.fr\/culture\/medias-people\/incendie-au-theatre-des-champs-elysees-jeanfi-janssens-present-sur-scene-raconte-l-evacuation-7900474226\" title=\"Incendie au th\u00e9\u00e2tre des Champs-\u00c9lys\u00e9es : Jeanfi Janssens, pr\u00e9sent sur sc\u00e8ne, raconte l&#039;\u00e9vacuation\" rel=\"nofollow noopener\" target=\"_blank\"><strong>JeanFi Janssens<\/strong><\/a>. Une Grosse T\u00eate dont la devise est &lsquo;Aux Ni\u00e7ois qui mal y pense&rsquo; : <strong>AZ<\/strong>. Et enfin, une Grosse T\u00eate qui a d\u00fb \u00eatre con\u00e7ue en plusieurs fois, puisque dans chaque ville o\u00f9 on s\u2019arr\u00eate, elle dit qu\u2019elle est originaire du coin : <strong>S\u00e9bastien Thoen<\/strong>.<\/p>\n<p class=\"article-p mdl\">Ne manquez pas\u00a0<a class=\"link\" href=\"https:\/\/www.rtl.fr\/programmes\/les-grosses-tetes\" rel=\"nofollow noopener\" target=\"_blank\">votre programme favori<\/a>\u00a0de 15h30 \u00e0 18h du lundi au vendredi mais aussi le weekend \u00e0 la m\u00eame heure avec les Best of de l&rsquo;\u00e9mission.<\/p>\n<p>            Jouez avec les Grosses T\u00eates<\/p>\n<p class=\"article-p mdl\">Inscrivez-vous pour participer aux diff\u00e9rents jeux propos\u00e9s par Les Grosses T\u00eates et remporter peut-\u00eatre de nombreux cadeaux !<\/p>\n<p class=\"article-p mdl\">&#8211; Ayez votre nom associ\u00e9\u00a0\u00e0 une question de Laurent Ruquier\u00a0et tentez de remporter la somme de 300 euros.<br \/>&#8211; Participez au c\u00e9l\u00e8bre jeu des \u00ab\u00a0Fake news\u00a0\u00bb\u00a0et remportez un voyage.<br \/>&#8211;\u00a0Jouez au \u00ab\u00a0Qui sont vraiment les Grosses T\u00eates\u00a0\u00bb et remportez un voyage.<br \/>&#8211; Donnez le contenu de la Valise RTL et remportez celui-ci.<\/p>\n<p class=\"article-p mdl\">Pour vous inscrire, rendez-vous\u00a0<a class=\"link\" href=\"http:\/\/www.rtl.fr\/participer\" title=\"sur le site de RTL\" rel=\"nofollow noopener\" target=\"_blank\">sur le site de RTL,<\/a>\u00a0en donnant vos coordonn\u00e9es compl\u00e8tes et le jeu auquel vous souhaitez participer.<\/p>\n<p class=\"article-p mdl\">La Valise RTL :<br \/>Vous pouvez vous inscrire\u00a0par SMS en envoyant le mot \u00ab\u00a0VALISE\u00a0\u00bb au 74 900 (0,75 euros).<br \/>Bonne chance \u00e0 tous\u00a0!<\/p>\n<p class=\"article-p mdl\">\u00ab\u00a06 Grosses T\u00eates, 5 Fake News\u00a0\u00bb :<br \/>Venez d\u00e9fier Les Grosses T\u00eates ! D\u00e9couvrez quelle Grosse T\u00eate dit la v\u00e9rit\u00e9 au milieu des Fake News balanc\u00e9es par les autres&#8230;<br \/>Inscrivez-vous d\u00e8s maintenant sur rtl.fr.<\/p>\n<p>    L&rsquo;\u00e9quipe de l&rsquo;\u00e9mission vous recommande<\/p>\n<p class=\"s-newsletter__title\">\n                L\u2019actualit\u00e9 par la r\u00e9daction de RTL dans votre bo\u00eete mail.\n            <\/p>\n<p class=\"s-newsletter__subtitle\">\n                Gr\u00e2ce \u00e0 votre compte RTL abonnez-vous \u00e0 la newsletter RTL info pour suivre toute l&rsquo;actualit\u00e9 au quotidien\n            <\/p>\n<p>\n                                    Lire la suite\n                                <\/p>\n","protected":false},"excerpt":{"rendered":"D\u00e9couvrez les Grosses T\u00eates du vendredi 11 avril 2025 !\u00a0Laurent Ruquier\u00a0vous pr\u00e9sente le plateau du jour : une&hellip;\n","protected":false},"author":2,"featured_media":18016,"comment_status":"","ping_status":"","sticky":false,"template":"","format":"standard","meta":{"footnotes":""},"categories":[2819],"tags":[1111,11,7213,7214,251,58,1777,674,2414,1011,27,708,6417,6224,1759,7216,1351,12,2401,882,7215,362,25],"class_list":{"0":"post-18015","1":"post","2":"type-post","3":"status-publish","4":"format-standard","5":"has-post-thumbnail","7":"category-nice","8":"tag-actu","9":"tag-actualites","10":"tag-blague","11":"tag-bonus","12":"tag-culture","13":"tag-divertissement","14":"tag-eu","15":"tag-europe","16":"tag-fil-culture","17":"tag-fr","18":"tag-france","19":"tag-humour","20":"tag-information","21":"tag-integral","22":"tag-laurent-ruquier","23":"tag-les-grosses-tetes","24":"tag-litterature","25":"tag-news","26":"tag-nice","27":"tag-provence-alpes-cote-dazur","28":"tag-reecoute-integrale","29":"tag-replay","30":"tag-republique-francaise"},"share_on_mastodon":{"url":"https:\/\/pubeurope.com\/@fr\/114320863615066215","error":""},"_links":{"self":[{"href":"https:\/\/www.europesays.com\/fr\/wp-json\/wp\/v2\/posts\/18015","targetHints":{"allow":["GET"]}}],"collection":[{"href":"https:\/\/www.europesays.com\/fr\/wp-json\/wp\/v2\/posts"}],"about":[{"href":"https:\/\/www.europesays.com\/fr\/wp-json\/wp\/v2\/types\/post"}],"author":[{"embeddable":true,"href":"https:\/\/www.europesays.com\/fr\/wp-json\/wp\/v2\/users\/2"}],"replies":[{"embeddable":true,"href":"https:\/\/www.europesays.com\/fr\/wp-json\/wp\/v2\/comments?post=18015"}],"version-history":[{"count":0,"href":"https:\/\/www.europesays.com\/fr\/wp-json\/wp\/v2\/posts\/18015\/revisions"}],"wp:featuredmedia":[{"embeddable":true,"href":"https:\/\/www.europesays.com\/fr\/wp-json\/wp\/v2\/media\/18016"}],"wp:attachment":[{"href":"https:\/\/www.europesays.com\/fr\/wp-json\/wp\/v2\/media?parent=18015"}],"wp:term":[{"taxonomy":"category","embeddable":true,"href":"https:\/\/www.europesays.com\/fr\/wp-json\/wp\/v2\/categories?post=18015"},{"taxonomy":"post_tag","embeddable":true,"href":"https:\/\/www.europesays.com\/fr\/wp-json\/wp\/v2\/tags?post=18015"}],"curies":[{"name":"wp","href":"https:\/\/api.w.org\/{rel}","templated":true}]}}