{"id":180151,"date":"2025-06-16T06:24:12","date_gmt":"2025-06-16T06:24:12","guid":{"rendered":"https:\/\/www.europesays.com\/fr\/180151\/"},"modified":"2025-06-16T06:24:12","modified_gmt":"2025-06-16T06:24:12","slug":"saint-etienne-stresse-par-son-futur-mariage-il-refuse-le-controle-et-finit-en-prison-le-jour-des-noces-2","status":"publish","type":"post","link":"https:\/\/www.europesays.com\/fr\/180151\/","title":{"rendered":"Saint-\u00c9tienne. \u00ab Stress\u00e9 \u00bb par son futur mariage, il refuse le contr\u00f4le et finit en prison le jour des noces"},"content":{"rendered":"<p>Vendredi 13\u00a0juin \u00e0 20\u00a0h\u00a040, alors qu\u2019elle rentrait au commissariat cours Fauriel \u00e0 Saint-\u00c9tienne, une patrouille de police aper\u00e7oit un automobiliste, au volant d\u2019une Fiat, en train d\u2019emprunter une rue en sens interdit.<\/p>\n<p>Les policiers le suivent et lui font signe de s\u2019arr\u00eater. Mais celui-ci refuse d\u2019obtemp\u00e9rer et continue sa route \u00e0 vive allure, tentant de semer les fonctionnaires jusque dans les quartiers de Fauriel et La Vivaraize.<\/p>\n<p>  En garde \u00e0 vue le jour de son mariage<\/p>\n<p>Son p\u00e9riple s\u2019arr\u00eate au parc de l\u2019Europe, o\u00f9 il percute un arbre sous les yeux d\u2019une foule choqu\u00e9e (plusieurs personnes croyant que le v\u00e9hicule leur fon\u00e7ait dessus) et nombreuse ce soir-l\u00e0 <a href=\"https:\/\/www.leprogres.fr\/societe\/2025\/06\/14\/la-stephanoise-une-course-solidaire-au-feminin-qui-a-attire-pres-de-1-000-participantes\" target=\"_blank\" rel=\"nofollow noopener\">du fait d\u2019une \u00e9preuve sportive<\/a>. Interpell\u00e9, l\u2019homme (un Haut-Savoyard \u00e2g\u00e9 de 32 ans) n\u2019\u00e9tait pas sous l\u2019emprise de l\u2019alcool, ni de stup\u00e9fiants.<\/p>\n<p>Plac\u00e9 en garde \u00e0 vue, il expliquera son coup de folie par \u00ab\u00a0le stress li\u00e9 \u00e0 son mariage\u00a0\u00bb, qui devait avoir lieu le lendemain. D\u00e9f\u00e9r\u00e9 au parquet dimanche 15 juin, il a \u00e9t\u00e9 plac\u00e9 en d\u00e9tention provisoire et devrait \u00eatre jug\u00e9 en comparution imm\u00e9diate ce lundi.<\/p>\n","protected":false},"excerpt":{"rendered":"Vendredi 13\u00a0juin \u00e0 20\u00a0h\u00a040, alors qu\u2019elle rentrait au commissariat cours Fauriel \u00e0 Saint-\u00c9tienne, une patrouille de police aper\u00e7oit&hellip;\n","protected":false},"author":2,"featured_media":179913,"comment_status":"","ping_status":"","sticky":false,"template":"","format":"standard","meta":{"footnotes":""},"categories":[9653],"tags":[1111,11,2430,271,272,7539,1777,674,274,1011,27,3367,12,25,4001,7538],"class_list":{"0":"post-180151","1":"post","2":"type-post","3":"status-publish","4":"format-standard","5":"has-post-thumbnail","7":"category-saint-etienne","8":"tag-actu","9":"tag-actualites","10":"tag-auvergne-rhone-alpes","11":"tag-crime","12":"tag-delit-et-contravention","13":"tag-edition-loire-sud","14":"tag-eu","15":"tag-europe","16":"tag-faits-divers-justice","17":"tag-fr","18":"tag-france","19":"tag-loire","20":"tag-news","21":"tag-republique-francaise","22":"tag-saint-etienne","23":"tag-saint-etienne-ville"},"share_on_mastodon":{"url":"https:\/\/pubeurope.com\/@fr\/114691615175175288","error":""},"_links":{"self":[{"href":"https:\/\/www.europesays.com\/fr\/wp-json\/wp\/v2\/posts\/180151","targetHints":{"allow":["GET"]}}],"collection":[{"href":"https:\/\/www.europesays.com\/fr\/wp-json\/wp\/v2\/posts"}],"about":[{"href":"https:\/\/www.europesays.com\/fr\/wp-json\/wp\/v2\/types\/post"}],"author":[{"embeddable":true,"href":"https:\/\/www.europesays.com\/fr\/wp-json\/wp\/v2\/users\/2"}],"replies":[{"embeddable":true,"href":"https:\/\/www.europesays.com\/fr\/wp-json\/wp\/v2\/comments?post=180151"}],"version-history":[{"count":0,"href":"https:\/\/www.europesays.com\/fr\/wp-json\/wp\/v2\/posts\/180151\/revisions"}],"wp:featuredmedia":[{"embeddable":true,"href":"https:\/\/www.europesays.com\/fr\/wp-json\/wp\/v2\/media\/179913"}],"wp:attachment":[{"href":"https:\/\/www.europesays.com\/fr\/wp-json\/wp\/v2\/media?parent=180151"}],"wp:term":[{"taxonomy":"category","embeddable":true,"href":"https:\/\/www.europesays.com\/fr\/wp-json\/wp\/v2\/categories?post=180151"},{"taxonomy":"post_tag","embeddable":true,"href":"https:\/\/www.europesays.com\/fr\/wp-json\/wp\/v2\/tags?post=180151"}],"curies":[{"name":"wp","href":"https:\/\/api.w.org\/{rel}","templated":true}]}}