{"id":180152,"date":"2025-06-16T06:25:21","date_gmt":"2025-06-16T06:25:21","guid":{"rendered":"https:\/\/www.europesays.com\/fr\/180152\/"},"modified":"2025-06-16T06:25:21","modified_gmt":"2025-06-16T06:25:21","slug":"aeroport-de-saint-etienne-deux-projets-ambitieux-entrent-en-piste","status":"publish","type":"post","link":"https:\/\/www.europesays.com\/fr\/180152\/","title":{"rendered":"A\u00e9roport de Saint-\u00c9tienne : deux projets ambitieux entrent en piste"},"content":{"rendered":"<p><img loading=\"lazy\" decoding=\"async\" alt=\"\u00a9 Avnir Aviation - Une \u00e9cole de pilotage va voir le jour dans les mois qui viennent \u00e0 l'a\u00e9roport Saint-\u00c9tienne Loire, bas\u00e9 \u00e0 Andr\u00e9zieux-Bouth\u00e9on.\" data-zoom-src=\"https:\/\/www.europesays.com\/fr\/wp-content\/uploads\/2025\/06\/initial-ecole-pilotage-aeroport-saint-etienne.jpg\" data-zoomable=\"\" height=\"702\" src=\"https:\/\/www.europesays.com\/fr\/wp-content\/uploads\/2025\/06\/initial-ecole-pilotage-aeroport-saint-etienne.jpg\" width=\"1248\"\/>  <\/p>\n<p class=\"article-desc\">\u00a9 Avnir Aviation &#8211; Une \u00e9cole de pilotage va voir le jour dans les mois qui viennent \u00e0 l&rsquo;a\u00e9roport Saint-\u00c9tienne Loire, bas\u00e9 \u00e0 Andr\u00e9zieux-Bouth\u00e9on. <\/p>\n<p>Sophie Gonzalez, fondatrice et g\u00e9rante de la soci\u00e9t\u00e9 Avnir Aviation, une <strong>\u00e9cole de pilotage a\u00e9ronautique professionnelle<\/strong> agr\u00e9\u00e9e ATO (Approved Training Organisation), a su saisir l&rsquo;opportunit\u00e9 quand elle s&rsquo;est pr\u00e9sent\u00e9e \u00e0 l&rsquo;a\u00e9roport Saint-\u00c9tienne Loire, bas\u00e9 \u00e0 Andr\u00e9zieux-Bouth\u00e9on. <\/p>\n<p>\u00ab\u00a0L\u2019occasion de monter une \u00e9cole de pilotage s&rsquo;est pr\u00e9sent\u00e9e. Pour rendre le terreau fertile et compte tenu de mon exp\u00e9rience du c\u00f4t\u00e9 de l\u2019a\u00e9roport Lyon-Bron, l\u2019id\u00e9e est venue de compl\u00e9ter l&rsquo;offre avec un atelier de maintenance, afin de renforcer l\u2019activit\u00e9 dans la zone.\u00a0\u00bb <\/p>\n<p>Un million d&rsquo;euros d&rsquo;investissement pour ce projet qui sera sorti de terre \u00e0 l&rsquo;automne 2025 <\/p>\n<p>Via Avnir Aviation s&rsquo;engage \u00e0 aider les \u00e9l\u00e8ves en pilotage \u00e0 atteindre leurs objectifs en mati\u00e8re de<strong> formation<\/strong> pour r\u00e9aliser des vols futurs au sein de compagnies. <\/p>\n<p>Pour se donner les moyens de ses ambitions, Sophie Gonzalez a mont\u00e9 avec Bruno Touche ce projet \u00e0 un million d\u2019euros. Un b\u00e2timent de 300m\u00b2 va sortir de terre \u00e0 l\u2019automne 2025, avec un axe clair : \u00ab\u00a0attirer d\u2019autres services propres \u00e0 l\u2019aviation sur place\u00a0\u00bb. <\/p>\n<p>Pour cette sp\u00e9cialiste du domaine de l\u2019aviation, il n&rsquo;y a aucun doute : \u00ab\u00a0le monde attire le monde\u00a0\u00bb. La cr\u00e9ation de ces deux activit\u00e9s va aller de paire avec la cr\u00e9ation d\u2019emplois sur la zone. <\/p>\n<p>L\u2019a\u00e9roport de Saint-\u00c9tienne Loire de nouveau dynamique dans les mois \u00e0 venir ? <\/p>\n<p>L\u2019\u00e9cole de pilotage devrait dans un premier temps permettre l\u2019implantation d\u20191,5 emploi, et deux pour l\u2019atelier de maintenance. \u00ab\u00a0Ces chiffres sont provisoires. Nous attendons de faire nos preuves pour \u00e0 terme travailler et obtenir des financements avec des collectivit\u00e9s pour doubler les effectifs.\u00a0\u00bb<\/p>\n<p>Comme <a href=\"https:\/\/mesinfos.fr\/auvergne-rhone-alpes\/aeroport-de-saint-etienne-le-departement-de-la-loire-baisse-sa-contribution-213265.html\" target=\"_blank\" rel=\"noopener\">\u00e9voqu\u00e9 ces derniers mois,<\/a> le D\u00e9partement de la Loire a annonc\u00e9 <strong>la baisse de 15 % de sa participation financi\u00e8re<\/strong> au budget de l\u2019A\u00e9roport Saint-\u00c9tienne Loire. Un coup de frein pour une entit\u00e9 qui cherche \u00e0 se renouveler avec l\u2019arriv\u00e9e d\u2019une nouvelle ligne vers l\u2019Alg\u00e9rie. <\/p>\n<p>Cette derni\u00e8re devrait <strong>selon nos informations<\/strong> s\u2019accompagner <strong>d&rsquo;une ligne vers la Croatie et le Portugal cet \u00e9t\u00e9. <\/strong> <\/p>\n<p>De quoi conforter l\u2019objectif de Sophie Gonzalez d&rsquo;impulser un regain d&rsquo;activit\u00e9 autour de l&rsquo;a\u00e9roport : \u00ab\u00a0Si je me suis lanc\u00e9e dans ce projet c\u2019est que je sais et que je sens qu\u2019il y a quelque chose \u00e0 faire ici. En fusionnant les connaissances des acteurs de ce milieu, on peut imaginer de belles choses.\u00a0\u00bb<\/p>\n","protected":false},"excerpt":{"rendered":"\u00a9 Avnir Aviation &#8211; Une \u00e9cole de pilotage va voir le jour dans les mois qui viennent \u00e0&hellip;\n","protected":false},"author":2,"featured_media":180153,"comment_status":"","ping_status":"","sticky":false,"template":"","format":"standard","meta":{"footnotes":""},"categories":[9653],"tags":[1111,11,31746,2430,31747,1777,674,1011,27,12,25,4001],"class_list":{"0":"post-180152","1":"post","2":"type-post","3":"status-publish","4":"format-standard","5":"has-post-thumbnail","7":"category-saint-etienne","8":"tag-actu","9":"tag-actualites","10":"tag-au00e9roports","11":"tag-auvergne-rhone-alpes","12":"tag-du00e9partement-de-la-loire","13":"tag-eu","14":"tag-europe","15":"tag-fr","16":"tag-france","17":"tag-news","18":"tag-republique-francaise","19":"tag-saint-etienne"},"share_on_mastodon":{"url":"https:\/\/pubeurope.com\/@fr\/114691619110097234","error":""},"_links":{"self":[{"href":"https:\/\/www.europesays.com\/fr\/wp-json\/wp\/v2\/posts\/180152","targetHints":{"allow":["GET"]}}],"collection":[{"href":"https:\/\/www.europesays.com\/fr\/wp-json\/wp\/v2\/posts"}],"about":[{"href":"https:\/\/www.europesays.com\/fr\/wp-json\/wp\/v2\/types\/post"}],"author":[{"embeddable":true,"href":"https:\/\/www.europesays.com\/fr\/wp-json\/wp\/v2\/users\/2"}],"replies":[{"embeddable":true,"href":"https:\/\/www.europesays.com\/fr\/wp-json\/wp\/v2\/comments?post=180152"}],"version-history":[{"count":0,"href":"https:\/\/www.europesays.com\/fr\/wp-json\/wp\/v2\/posts\/180152\/revisions"}],"wp:featuredmedia":[{"embeddable":true,"href":"https:\/\/www.europesays.com\/fr\/wp-json\/wp\/v2\/media\/180153"}],"wp:attachment":[{"href":"https:\/\/www.europesays.com\/fr\/wp-json\/wp\/v2\/media?parent=180152"}],"wp:term":[{"taxonomy":"category","embeddable":true,"href":"https:\/\/www.europesays.com\/fr\/wp-json\/wp\/v2\/categories?post=180152"},{"taxonomy":"post_tag","embeddable":true,"href":"https:\/\/www.europesays.com\/fr\/wp-json\/wp\/v2\/tags?post=180152"}],"curies":[{"name":"wp","href":"https:\/\/api.w.org\/{rel}","templated":true}]}}