{"id":180174,"date":"2025-06-16T06:37:13","date_gmt":"2025-06-16T06:37:13","guid":{"rendered":"https:\/\/www.europesays.com\/fr\/180174\/"},"modified":"2025-06-16T06:37:13","modified_gmt":"2025-06-16T06:37:13","slug":"saint-jacques-de-la-lande-une-fresque-participative-pour-reflechir-aux-dechets","status":"publish","type":"post","link":"https:\/\/www.europesays.com\/fr\/180174\/","title":{"rendered":"Saint-Jacques-de-la-Lande. Une fresque participative pour r\u00e9fl\u00e9chir aux d\u00e9chets"},"content":{"rendered":"<p>Un habitant de Rennes m\u00e9tropole produisait, en 2024, 446\u00a0kg de d\u00e9chets par an. C\u2019est moins que la moyenne fran\u00e7aise qui est de 530\u00a0kg. Mais cela reste beaucoup.<\/p>\n<p>Une gr\u00e8ve des services de la collectivit\u00e9 permet de mesurer combien leurs accumulations impactent rapidement la qualit\u00e9 du cadre de vie. Le reste du temps, une fois jet\u00e9s on les oublie. Mais que deviennent-ils\u00a0?<\/p>\n<p>Une fresque participative propose \u00e0 tous d\u2019y r\u00e9fl\u00e9chir. Elle a \u00e9t\u00e9 imagin\u00e9e dans le cadre des actions de pr\u00e9vention inscrites dans le programme d\u2019action du service logement social. \u00a0L\u2019objectif est de jouer ensemble et de comprendre les enjeux li\u00e9s \u00e0 nos d\u00e9chets. La fresque sera expos\u00e9e dans le hall de la mairie\u00a0, souligne Julie Simon, directrice du centre communal d\u2019actions sociales (CCAS).<\/p>\n<p><strong>Jeudi 19\u00a0juin<\/strong>, de 14\u00a0h \u00e0 17\u00a0h, \u00e0 la mairie (salle du conseil municipal)\u00a0: fresque des d\u00e9chets. Gratuit sur inscription\u00a0: ccas@st-jacques.fr<\/p>\n<p>\u00a0<\/p>\n","protected":false},"excerpt":{"rendered":"Un habitant de Rennes m\u00e9tropole produisait, en 2024, 446\u00a0kg de d\u00e9chets par an. C\u2019est moins que la moyenne&hellip;\n","protected":false},"author":2,"featured_media":180175,"comment_status":"","ping_status":"","sticky":false,"template":"","format":"standard","meta":{"footnotes":""},"categories":[2821],"tags":[1111,11,829,3008,1777,674,1011,27,23001,12,31748,3086,31749,584,25,18461],"class_list":{"0":"post-180174","1":"post","2":"type-post","3":"status-publish","4":"format-standard","5":"has-post-thumbnail","7":"category-rennes","8":"tag-actu","9":"tag-actualites","10":"tag-bretagne","11":"tag-dechets","12":"tag-eu","13":"tag-europe","14":"tag-fr","15":"tag-france","16":"tag-fresque","17":"tag-news","18":"tag-participative","19":"tag-redon","20":"tag-reflechir","21":"tag-rennes","22":"tag-republique-francaise","23":"tag-saint-jacques-de-la-lande"},"share_on_mastodon":{"url":"https:\/\/pubeurope.com\/@fr\/114691666306088911","error":""},"_links":{"self":[{"href":"https:\/\/www.europesays.com\/fr\/wp-json\/wp\/v2\/posts\/180174","targetHints":{"allow":["GET"]}}],"collection":[{"href":"https:\/\/www.europesays.com\/fr\/wp-json\/wp\/v2\/posts"}],"about":[{"href":"https:\/\/www.europesays.com\/fr\/wp-json\/wp\/v2\/types\/post"}],"author":[{"embeddable":true,"href":"https:\/\/www.europesays.com\/fr\/wp-json\/wp\/v2\/users\/2"}],"replies":[{"embeddable":true,"href":"https:\/\/www.europesays.com\/fr\/wp-json\/wp\/v2\/comments?post=180174"}],"version-history":[{"count":0,"href":"https:\/\/www.europesays.com\/fr\/wp-json\/wp\/v2\/posts\/180174\/revisions"}],"wp:featuredmedia":[{"embeddable":true,"href":"https:\/\/www.europesays.com\/fr\/wp-json\/wp\/v2\/media\/180175"}],"wp:attachment":[{"href":"https:\/\/www.europesays.com\/fr\/wp-json\/wp\/v2\/media?parent=180174"}],"wp:term":[{"taxonomy":"category","embeddable":true,"href":"https:\/\/www.europesays.com\/fr\/wp-json\/wp\/v2\/categories?post=180174"},{"taxonomy":"post_tag","embeddable":true,"href":"https:\/\/www.europesays.com\/fr\/wp-json\/wp\/v2\/tags?post=180174"}],"curies":[{"name":"wp","href":"https:\/\/api.w.org\/{rel}","templated":true}]}}