{"id":180176,"date":"2025-06-16T06:38:15","date_gmt":"2025-06-16T06:38:15","guid":{"rendered":"https:\/\/www.europesays.com\/fr\/180176\/"},"modified":"2025-06-16T06:38:15","modified_gmt":"2025-06-16T06:38:15","slug":"chateaugiron-notes-inrennes-a-fait-le-plein-dapplaudissements","status":"publish","type":"post","link":"https:\/\/www.europesays.com\/fr\/180176\/","title":{"rendered":"Ch\u00e2teaugiron. Notes In\u2019Rennes a fait le plein d\u2019applaudissements"},"content":{"rendered":"<p>Vendredi et samedi, la troupe Notes In\u2019Rennes avait choisi le Z\u00e9phyr pour c\u00e9l\u00e9brer ses dix ans d\u2019existence.<\/p>\n<p>C\u2019est devant des salles combles, lors de chacune des repr\u00e9sentations, que se sont produits les ch\u0153urs compos\u00e9s de plus de 170\u00a0chanteuses et chanteurs sous la direction du chef Rodolphe P\u00e9ron.<\/p>\n<p>Au programme figuraient des chansons de Fran\u00e7oise Hardy, \u00c9dith Piaf, Zaho de Sagazan, Calogero, Jacques Higelin et de bien d\u2019autres artistes de grande renomm\u00e9e. <strong>\u00ab\u00a0En dix ann\u00e9es, ce sont plus de 200\u00a0chansons qui ont \u00e9t\u00e9 interpr\u00e9t\u00e9es par les choristes avec un savant m\u00e9lange de m\u00e9lodies langoureuses et de rythmes soutenus. Dix ans, c\u2019est une belle tranche de vie, c\u2019est le temps n\u00e9cessaire pour tisser des liens solides entre les chanteurs\u00a0\u00bb,<\/strong> a indiqu\u00e9 Clotilde Urvoy, pr\u00e9sidente de l\u2019association Notes In\u2019Rennes. Elle a remerci\u00e9 le pianiste Thomas Fuchez qui accompagne la troupe et soulign\u00e9 l\u2019engagement de Rodolphe P\u00e9ron.<\/p>\n<p>Samedi, au terme du spectacle, le public a ovationn\u00e9 la troupe. Notes In\u2019Rennes sera en concert le 13\u00a0septembre \u00e0 Tr\u00e9gueux, dans les C\u00f4tes-d\u2019Armor, au profit de l\u2019association France Alzheimer.<\/p>\n<p><strong>Contact\u00a0:<\/strong> www.notes-in-rennes.org.<\/p>\n<p>\u00a0<\/p>\n","protected":false},"excerpt":{"rendered":"Vendredi et samedi, la troupe Notes In\u2019Rennes avait choisi le Z\u00e9phyr pour c\u00e9l\u00e9brer ses dix ans d\u2019existence. C\u2019est&hellip;\n","protected":false},"author":2,"featured_media":180177,"comment_status":"","ping_status":"","sticky":false,"template":"","format":"standard","meta":{"footnotes":""},"categories":[2821],"tags":[1111,11,20806,829,28863,1777,674,21,1011,27,6922,12,28862,584,25],"class_list":{"0":"post-180176","1":"post","2":"type-post","3":"status-publish","4":"format-standard","5":"has-post-thumbnail","7":"category-rennes","8":"tag-actu","9":"tag-actualites","10":"tag-applaudissements","11":"tag-bretagne","12":"tag-chateaugiron","13":"tag-eu","14":"tag-europe","15":"tag-fait","16":"tag-fr","17":"tag-france","18":"tag-in","19":"tag-news","20":"tag-notes","21":"tag-rennes","22":"tag-republique-francaise"},"share_on_mastodon":{"url":"https:\/\/pubeurope.com\/@fr\/114691670203773765","error":""},"_links":{"self":[{"href":"https:\/\/www.europesays.com\/fr\/wp-json\/wp\/v2\/posts\/180176","targetHints":{"allow":["GET"]}}],"collection":[{"href":"https:\/\/www.europesays.com\/fr\/wp-json\/wp\/v2\/posts"}],"about":[{"href":"https:\/\/www.europesays.com\/fr\/wp-json\/wp\/v2\/types\/post"}],"author":[{"embeddable":true,"href":"https:\/\/www.europesays.com\/fr\/wp-json\/wp\/v2\/users\/2"}],"replies":[{"embeddable":true,"href":"https:\/\/www.europesays.com\/fr\/wp-json\/wp\/v2\/comments?post=180176"}],"version-history":[{"count":0,"href":"https:\/\/www.europesays.com\/fr\/wp-json\/wp\/v2\/posts\/180176\/revisions"}],"wp:featuredmedia":[{"embeddable":true,"href":"https:\/\/www.europesays.com\/fr\/wp-json\/wp\/v2\/media\/180177"}],"wp:attachment":[{"href":"https:\/\/www.europesays.com\/fr\/wp-json\/wp\/v2\/media?parent=180176"}],"wp:term":[{"taxonomy":"category","embeddable":true,"href":"https:\/\/www.europesays.com\/fr\/wp-json\/wp\/v2\/categories?post=180176"},{"taxonomy":"post_tag","embeddable":true,"href":"https:\/\/www.europesays.com\/fr\/wp-json\/wp\/v2\/tags?post=180176"}],"curies":[{"name":"wp","href":"https:\/\/api.w.org\/{rel}","templated":true}]}}