{"id":180178,"date":"2025-06-16T06:39:11","date_gmt":"2025-06-16T06:39:11","guid":{"rendered":"https:\/\/www.europesays.com\/fr\/180178\/"},"modified":"2025-06-16T06:39:11","modified_gmt":"2025-06-16T06:39:11","slug":"strasbourg-la-tournee-dete-de-melody-gardot-passe-par-le-palais-de-la-musique-et-des-congres-2","status":"publish","type":"post","link":"https:\/\/www.europesays.com\/fr\/180178\/","title":{"rendered":"Strasbourg. La tourn\u00e9e d\u2019\u00e9t\u00e9 de Melody Gardot passe par le Palais de la musique et des congr\u00e9s"},"content":{"rendered":"<p>Chanteuse, autrice, compositrice, Melody Gardot entame sa tourn\u00e9e d\u2019\u00e9t\u00e9 et fait escale \u00e0 Strasbourg. \u00c0 mi-chemin entre Edith Piaf et Billie Holiday, l\u2019artiste am\u00e9ricaine s\u2019est construite au gr\u00e9 des accidents de la vie.<\/p>\n<p>Une carri\u00e8re calqu\u00e9e sur ce parcours personnel et que synth\u00e9tise son dernier album The Essential Melody Gardot , couvrant quinze ann\u00e9es de musique en 24 titres. Une galette qu\u2019elle viendra partager au Palais de la Musique et des Congr\u00e8s jeudi soir.<\/p>\n<p class=\"note\">Palais de la musique et des congr\u00e8s, place de Bordeaux \u00e0 Strasbourg, jeudi 19\u00a0juin. Tarifs\u00a0: \u00e0 partir de 68,50\u00a0\u20ac.<\/p>\n","protected":false},"excerpt":{"rendered":"Chanteuse, autrice, compositrice, Melody Gardot entame sa tourn\u00e9e d\u2019\u00e9t\u00e9 et fait escale \u00e0 Strasbourg. \u00c0 mi-chemin entre Edith&hellip;\n","protected":false},"author":2,"featured_media":180059,"comment_status":"","ping_status":"","sticky":false,"template":"","format":"standard","meta":{"footnotes":""},"categories":[2820],"tags":[1111,11,2389,1687,2880,1777,674,107,1011,27,775,873,12,25,640,2879],"class_list":{"0":"post-180178","1":"post","2":"type-post","3":"status-publish","4":"format-standard","5":"has-post-thumbnail","7":"category-strasbourg","8":"tag-actu","9":"tag-actualites","10":"tag-alsace","11":"tag-culture-loisirs","12":"tag-edition-strasbourg","13":"tag-eu","14":"tag-europe","15":"tag-fil-info","16":"tag-fr","17":"tag-france","18":"tag-grand-est","19":"tag-musique","20":"tag-news","21":"tag-republique-francaise","22":"tag-strasbourg","23":"tag-strasbourg-ville"},"share_on_mastodon":{"url":"https:\/\/pubeurope.com\/@fr\/114691674287646733","error":""},"_links":{"self":[{"href":"https:\/\/www.europesays.com\/fr\/wp-json\/wp\/v2\/posts\/180178","targetHints":{"allow":["GET"]}}],"collection":[{"href":"https:\/\/www.europesays.com\/fr\/wp-json\/wp\/v2\/posts"}],"about":[{"href":"https:\/\/www.europesays.com\/fr\/wp-json\/wp\/v2\/types\/post"}],"author":[{"embeddable":true,"href":"https:\/\/www.europesays.com\/fr\/wp-json\/wp\/v2\/users\/2"}],"replies":[{"embeddable":true,"href":"https:\/\/www.europesays.com\/fr\/wp-json\/wp\/v2\/comments?post=180178"}],"version-history":[{"count":0,"href":"https:\/\/www.europesays.com\/fr\/wp-json\/wp\/v2\/posts\/180178\/revisions"}],"wp:featuredmedia":[{"embeddable":true,"href":"https:\/\/www.europesays.com\/fr\/wp-json\/wp\/v2\/media\/180059"}],"wp:attachment":[{"href":"https:\/\/www.europesays.com\/fr\/wp-json\/wp\/v2\/media?parent=180178"}],"wp:term":[{"taxonomy":"category","embeddable":true,"href":"https:\/\/www.europesays.com\/fr\/wp-json\/wp\/v2\/categories?post=180178"},{"taxonomy":"post_tag","embeddable":true,"href":"https:\/\/www.europesays.com\/fr\/wp-json\/wp\/v2\/tags?post=180178"}],"curies":[{"name":"wp","href":"https:\/\/api.w.org\/{rel}","templated":true}]}}