{"id":180179,"date":"2025-06-16T06:40:13","date_gmt":"2025-06-16T06:40:13","guid":{"rendered":"https:\/\/www.europesays.com\/fr\/180179\/"},"modified":"2025-06-16T06:40:13","modified_gmt":"2025-06-16T06:40:13","slug":"lequite-territoriale-prend-leau-selon-nicolas-matt","status":"publish","type":"post","link":"https:\/\/www.europesays.com\/fr\/180179\/","title":{"rendered":"\u00ab\u200aL\u2019\u00e9quit\u00e9 territoriale prend l\u2019eau\u200a\u00bb, selon Nicolas Matt"},"content":{"rendered":"<p>Les incidents \u00e0 r\u00e9p\u00e9tition survenus \u00e0 la <a href=\"https:\/\/www.dna.fr\/faits-divers-justice\/2025\/06\/14\/une-responsable-de-bassin-agressee-a-la-piscine-de-hautepierre\" target=\"_blank\" rel=\"nofollow noopener\">piscine de Hautepierre<\/a> en seulement trois mois, \u00ab\u200asoul\u00e8vent des interrogations profondes\u200a\u00bb, consid\u00e8re Nicolas Matt. L\u2019\u00e9lu d\u2019opposition (Renaissance) souligne qu\u2019\u00ab\u200aen pleine p\u00e9riode de fortes chaleurs, la fermeture temporaire de la piscine prive les habitants d\u2019un v\u00e9ritable \u00eelot de fra\u00eecheur et de bien-\u00eatre, dans un quartier particuli\u00e8rement urbanis\u00e9, min\u00e9ral et expos\u00e9 aux effets du d\u00e9r\u00e8glement climatique\u200a\u00bb.<\/p>\n<p>Pour l\u2019opposant au conseil municipal, \u00ab\u200a<a href=\"https:\/\/www.dna.fr\/faits-divers-justice\/2025\/04\/16\/la-piscine-de-hautepierre-partiellement-fermee-suite-a-des-incidents\" target=\"_blank\" rel=\"nofollow noopener\">ces incivilit\u00e9s r\u00e9currentes<\/a>, par leur fr\u00e9quence et <a href=\"https:\/\/www.dna.fr\/faits-divers-justice\/2025\/04\/25\/300-jeunes-sement-le-chaos-a-la-piscine-de-hautepierre-le-nombre-interroge\" target=\"_blank\" rel=\"nofollow noopener\">leur gravit\u00e9<\/a>, ne sont pas sans lien avec la suppression d\u2019une mission de m\u00e9diation port\u00e9e par des acteurs locaux, qui avait pourtant d\u00e9montr\u00e9 son efficacit\u00e9 pour apaiser les tensions et garantir la s\u00e9r\u00e9nit\u00e9 des lieux\u200a\u00bb.<\/p>\n<p>Ce contenu est bloqu\u00e9 car vous n&rsquo;avez pas accept\u00e9 les cookies et autres traceurs.<\/p>\n<p>En cliquant sur \u00ab J\u2019accepte \u00bb, les cookies et autres traceurs seront d\u00e9pos\u00e9s et vous pourrez visualiser les contenus  (<a href=\"\" class=\"consentModule_policy\" target=\"_blank\" title=\"Consulter la politique de protection des donn\u00e9es du fournisseur\">plus d&rsquo;informations<\/a>).<\/p>\n<p>En cliquant sur \u00ab J\u2019accepte tous les cookies \u00bb, vous autorisez des d\u00e9p\u00f4ts de cookies et autres traceurs pour le stockage de vos donn\u00e9es sur nos sites et applications \u00e0 des fins de personnalisation et de ciblage publicitaire.<\/p>\n<p class=\"consentModule_secondaryText\">Vous gardez la possibilit\u00e9 de retirer votre consentement \u00e0 tout moment en consultant notre <a href=\"https:\/\/www.dna.fr\/protection-des-donnees\" target=\"_blank\" title=\"Consulter notre politique de protection des donn\u00e9es\" rel=\"nofollow noopener\">politique de protection des donn\u00e9es<\/a>. <br \/>&#13;<br \/>\n            <a href=\"https:\/\/www.dna.fr\/politique\/2025\/06\/16\/javascript:Didomi.notice.show()\" class=\"consentModule_cmp\" rel=\"nofollow noopener\" target=\"_blank\">G\u00e9rer mes choix<\/a>&#13;\n        <\/p>\n<p>&#13;<br \/>\n                        J&rsquo;accepte&#13;<br \/>\n            J&rsquo;accepte tous les cookies&#13;\n        <\/p>\n<p>Il indique que \u00ab\u200ala Ville a fait le choix d\u2019y mettre un terme, pr\u00e9f\u00e9rant investir 600\u200a000\u00a0euros dans <a href=\"https:\/\/www.dna.fr\/politique\/2025\/06\/11\/desamorcer-les-conflits-par-le-dialogue-dix-mediateurs-sur-le-terrain-depuis-un-an\" target=\"_blank\" rel=\"nofollow noopener\">l\u2019entreprise M\u00e9diaction<\/a> pour organiser des \u201cmarches urbaines\u201d en guise de m\u00e9diation au centre-ville et \u00e0 la Krutenau\u200a\u00bb. Un choix qui interroge, d\u00e9clare-t-il. \u00ab\u200aPourquoi d\u00e9ployer ces moyens \u00e0 la Krutenau plut\u00f4t qu\u2019\u00e0 Hautepierre ou \u00e0 l\u2019Elsau, o\u00f9 les besoins sont plus criants\u200a? Comment justifier qu\u2019on investisse six fois moins \u00e0 l\u2019Elsau qu\u2019\u00e0 la Robertsau, alors que les enjeux de m\u00e9diation, de coh\u00e9sion sociale et de tranquillit\u00e9 publique y sont largement sup\u00e9rieurs\u200a?\u200a\u00bb<\/p>\n<p>Pour lui, le lien est \u00e9vident entre \u00ab\u200ala fin de la m\u00e9diation organis\u00e9e entre la Ville est des acteurs locaux\u200a\u00bb et \u00ab\u200ales incidents (qui) se multiplient, avec des cons\u00e9quences directes pour les usagers et les personnels municipaux, allant jusqu\u2019\u00e0 leur grave mise en danger\u200a\u00bb. Nicolas Matt le traduit comme \u00ab\u200aun m\u00e9pris \u00e9vident pour certains quartiers, abandonn\u00e9s \u00e0 leur sort quand d\u2019autres, mieux dot\u00e9s et moins en tension, concentrent les investissements\u200a\u00bb. Et de pointer le manque d\u2019ambition de \u00ab\u200ajustice territoriale\u200a\u00bb. L\u2019\u00e9lu appelle la Ville \u00e0 \u00ab\u200ar\u00e9activer sans d\u00e9lai une m\u00e9diation de terrain, construite avec les acteurs locaux, au plus pr\u00e8s des r\u00e9alit\u00e9s sociales notamment \u00e0 la piscine de Hautepierre o\u00f9 les difficult\u00e9s semblent se concentrer. Les habitants de Hautepierre ne doivent pas vivre de double peine\u200a\u00bb.<\/p>\n","protected":false},"excerpt":{"rendered":"Les incidents \u00e0 r\u00e9p\u00e9tition survenus \u00e0 la piscine de Hautepierre en seulement trois mois, \u00ab\u200asoul\u00e8vent des interrogations profondes\u200a\u00bb,&hellip;\n","protected":false},"author":2,"featured_media":180180,"comment_status":"","ping_status":"","sticky":false,"template":"","format":"standard","meta":{"footnotes":""},"categories":[2820],"tags":[1111,11,2880,1777,674,274,1011,27,775,12,316,25,104,640],"class_list":{"0":"post-180179","1":"post","2":"type-post","3":"status-publish","4":"format-standard","5":"has-post-thumbnail","7":"category-strasbourg","8":"tag-actu","9":"tag-actualites","10":"tag-edition-strasbourg","11":"tag-eu","12":"tag-europe","13":"tag-faits-divers-justice","14":"tag-fr","15":"tag-france","16":"tag-grand-est","17":"tag-news","18":"tag-politique","19":"tag-republique-francaise","20":"tag-societe","21":"tag-strasbourg"},"share_on_mastodon":{"url":"https:\/\/pubeurope.com\/@fr\/114691678111619262","error":""},"_links":{"self":[{"href":"https:\/\/www.europesays.com\/fr\/wp-json\/wp\/v2\/posts\/180179","targetHints":{"allow":["GET"]}}],"collection":[{"href":"https:\/\/www.europesays.com\/fr\/wp-json\/wp\/v2\/posts"}],"about":[{"href":"https:\/\/www.europesays.com\/fr\/wp-json\/wp\/v2\/types\/post"}],"author":[{"embeddable":true,"href":"https:\/\/www.europesays.com\/fr\/wp-json\/wp\/v2\/users\/2"}],"replies":[{"embeddable":true,"href":"https:\/\/www.europesays.com\/fr\/wp-json\/wp\/v2\/comments?post=180179"}],"version-history":[{"count":0,"href":"https:\/\/www.europesays.com\/fr\/wp-json\/wp\/v2\/posts\/180179\/revisions"}],"wp:featuredmedia":[{"embeddable":true,"href":"https:\/\/www.europesays.com\/fr\/wp-json\/wp\/v2\/media\/180180"}],"wp:attachment":[{"href":"https:\/\/www.europesays.com\/fr\/wp-json\/wp\/v2\/media?parent=180179"}],"wp:term":[{"taxonomy":"category","embeddable":true,"href":"https:\/\/www.europesays.com\/fr\/wp-json\/wp\/v2\/categories?post=180179"},{"taxonomy":"post_tag","embeddable":true,"href":"https:\/\/www.europesays.com\/fr\/wp-json\/wp\/v2\/tags?post=180179"}],"curies":[{"name":"wp","href":"https:\/\/api.w.org\/{rel}","templated":true}]}}