{"id":180181,"date":"2025-06-16T06:41:09","date_gmt":"2025-06-16T06:41:09","guid":{"rendered":"https:\/\/www.europesays.com\/fr\/180181\/"},"modified":"2025-06-16T06:41:09","modified_gmt":"2025-06-16T06:41:09","slug":"vague-de-vols-avec-violences-dans-le-var-et-les-alpes-maritimes-trois-amis-condamnes-a-de-la-prison-ferme-pour-17-delits","status":"publish","type":"post","link":"https:\/\/www.europesays.com\/fr\/180181\/","title":{"rendered":"Vague de vols avec violences dans le Var et les Alpes-Maritimes: trois amis condamn\u00e9s \u00e0 de la prison ferme pour 17 d\u00e9lits"},"content":{"rendered":"<p>Durant le mois de juin 2023, une v\u00e9ritable psychose s\u2019est empar\u00e9e des habitants des villages du Pays de Fayence. De <strong>Seillans \u00e0 Tourrettes<\/strong> et parfois au-del\u00e0 &#8211; <strong>des d\u00e9lits ont \u00e9t\u00e9 commis \u00e0 S\u00e9ranon et Valderoure dans les Alpes-Maritimes<\/strong> &#8211; conducteurs de voitures, de trottinettes ou simples passants \u00e9taient susceptibles de se faire d\u00e9pouiller par trois hommes, souvent cagoul\u00e9s et arm\u00e9s.<\/p>\n<p><strong>Dix-sept d\u00e9lits en 22 jours<\/strong><\/p>\n<p>Entre le 7 et le 29 juin, pas moins de 17 d\u00e9lits ont \u00e9t\u00e9 recens\u00e9s par les gendarmes. Tous ont \u00e9t\u00e9 attribu\u00e9s selon la justice \u00e0 Tristan H., Matis L. et Yohann Q., avec un r\u00f4le plus important pour les deux derniers. En d\u00e9but de semaine, le tribunal correctionnel a condamn\u00e9 les trois amis \u00e0 deux ans (Tristan H.) et quatre ans (Matis L. et Yohann Q.) d\u2019emprisonnement ferme.<\/p>\n<p>La premi\u00e8re attaque recens\u00e9e, le soir du 7 juin \u00e0 Fayence, et attribu\u00e9e \u00e0 Matis et Yohann r\u00e9sume \u00e0 elle seule le caract\u00e8re aussi d\u00e9risoire que violent du comportement des pr\u00e9venus \u00e0 l\u2019\u00e9poque. Alors qu\u2019il rentrait chez lui \u00e0 trottinette, Alan (le pr\u00e9nom a \u00e9t\u00e9 chang\u00e9) voyait une voiture noire se porter \u00e0 sa hauteur. Un individu cagoul\u00e9 en sortait et lui braquait une arme au visage.<\/p>\n<p>\u00ab\u00a0C\u2019\u00e9tait une sc\u00e8ne de film, en tremble encore la victime, invit\u00e9 \u00e0 relater les faits par la pr\u00e9sidente Julie Gadiollet. J\u2019\u00e9tais t\u00e9tanis\u00e9. J\u2019ai reconnu Matis, avec qui j\u2019avais eu une altercation quelques jours plus t\u00f4t. Il m\u2019a mis \u00e0 terre et donn\u00e9 des coups sur le cr\u00e2ne avec la crosse de son revolver. Le temps que je lui donne ma sacoche, j\u2019\u00e9tais en sang. J\u2019ai cru mourir.\u00a0\u00bb<\/p>\n<p>Le butin est d\u00e9risoire : une cha\u00eene, une bague, 30 euros et un paquet de cigarettes\u2026 Le traumatisme, lui, est toujours vivace chez Alan, qui quitte pr\u00e9cipitamment la salle d\u2019audience. \u00ab\u00a0Ce n\u2019est pas moi, se d\u00e9fend Matis. Je n\u2019ai jamais vu cette personne.\u00a0\u00bb<\/p>\n<p>Quatre jours plus tard, un autre jeune homme \u00e9chappe de justesse \u00e0 une tentative d\u2019extorsion. Tristan reconna\u00eet \u00e0 demi-mot les faits. Mais va nier fermement avoir particip\u00e9 le lendemain \u00e0 un car-jacking entre Saint-Paul-en-For\u00eat et Bagnols-en-For\u00eat. Une conductrice, stationnant au bord de la route le temps d\u2019envoyer un message sur son t\u00e9l\u00e9phone, \u00e9tait violemment tir\u00e9e hors de l\u2019habitacle de sa Golf par un homme cagoul\u00e9 et arm\u00e9.<\/p>\n<p><strong>\u00ab\u00a0Exc\u00e8s de folie\u00a0\u00bb<\/strong><\/p>\n<p>\u00ab\u00a0C\u2019\u00e9tait moi\u00a0\u00bb, conc\u00e8de Yohann Q., s\u2019excusant de cet \u00ab\u00a0exc\u00e8s de folie\u00a0\u00bb. \u00ab\u00a0Matis m\u2019avait d\u00e9pos\u00e9 sur la route et j\u2019avais vu cette voiture. Je devais aller \u00e0 Saint-Paul. Voil\u00e0 quoi&#8230; J\u2019\u00e9tais con. J\u2019ai fait tout \u00e7a pour l\u2019app\u00e2t du gain, dormir dans de beaux h\u00f4tels\u2026\u00a0\u00bb<\/p>\n<p>Un peu plus tard le m\u00eame soir \u00e0 Seillans, un passant est agress\u00e9 par un homme cagoul\u00e9 descendu d\u2019une&#8230; Golf. Apr\u00e8s avoir re\u00e7u un coup de crosse au front, il est d\u00e9lest\u00e9 de ses affaires.<\/p>\n<p>Cette fuite en avant \u00e0 toute vitesse et d\u00e9sorganis\u00e9e dans la d\u00e9linquance va se poursuivre \u00e0 un rythme effr\u00e9n\u00e9. Le 15 \u00e0 Saint-C\u00e9zaire-sur-Siagne (Alpes-Maritimes), deux amis sont agress\u00e9s par, selon les enqu\u00eateurs, Matis et Yoann. Le duo partira avec la Clio de leurs victimes. Le 16 \u00e0 Seillans, une conductrice \u00e9chappe de peu \u00e0 un m\u00eame vol.<\/p>\n<p>Le lendemain, un passant est invit\u00e9 \u00e0 donner ses affaires \u00e0 coups de gifles. Il r\u00e9siste. Le 20, un autre met Matis et Yoann en fuite alors qu\u2019ils partaient avec les v\u00e9los de la famille&#8230; Et ainsi de suite jusqu\u2019aux interpellations. Celle de Matis se fera non sans quelques derniers d\u00e9lits &#8211; vol d\u2019une M\u00e9gane et refus d\u2019obtemp\u00e9rer notamment.<\/p>\n<p>\u00ab\u00a0La d\u00e9sinvolture des pr\u00e9venus et la banalisation de leur violence sont effrayantes, soupire la procureure Estelle Bois. Ils ont fait tout \u00e7a pour l\u2019argent et je ne vois aucune remise en question. Ils feront quoi \u00e0 leur sortie de d\u00e9tention ? La m\u00eame chose ?\u00a0\u00bb<\/p>\n<p>\u00ab\u00a0On est loin du grand banditisme, tente d\u2019\u00e9quilibrer Me Lionel Ferlaud en d\u00e9fense de Yohan Q.. Il a compris le mal qu\u2019il a fait.\u00a0\u00bb<\/p>\n<p>En d\u00e9tention, il a d\u2019ailleurs demand\u00e9 \u00e0 \u00eatre plac\u00e9 \u00e0 l\u2019isolement<strong> \u00ab\u00a0car il ne supporte plus la violence\u00a0\u00bb.<\/strong><\/p>\n","protected":false},"excerpt":{"rendered":"Durant le mois de juin 2023, une v\u00e9ritable psychose s\u2019est empar\u00e9e des habitants des villages du Pays de&hellip;\n","protected":false},"author":2,"featured_media":180182,"comment_status":"","ping_status":"","sticky":false,"template":"","format":"standard","meta":{"footnotes":""},"categories":[2819],"tags":[1111,11,1777,674,1011,27,303,12,2401,882,25],"class_list":{"0":"post-180181","1":"post","2":"type-post","3":"status-publish","4":"format-standard","5":"has-post-thumbnail","7":"category-nice","8":"tag-actu","9":"tag-actualites","10":"tag-eu","11":"tag-europe","12":"tag-fr","13":"tag-france","14":"tag-justice","15":"tag-news","16":"tag-nice","17":"tag-provence-alpes-cote-dazur","18":"tag-republique-francaise"},"share_on_mastodon":{"url":"https:\/\/pubeurope.com\/@fr\/114691682145777495","error":""},"_links":{"self":[{"href":"https:\/\/www.europesays.com\/fr\/wp-json\/wp\/v2\/posts\/180181","targetHints":{"allow":["GET"]}}],"collection":[{"href":"https:\/\/www.europesays.com\/fr\/wp-json\/wp\/v2\/posts"}],"about":[{"href":"https:\/\/www.europesays.com\/fr\/wp-json\/wp\/v2\/types\/post"}],"author":[{"embeddable":true,"href":"https:\/\/www.europesays.com\/fr\/wp-json\/wp\/v2\/users\/2"}],"replies":[{"embeddable":true,"href":"https:\/\/www.europesays.com\/fr\/wp-json\/wp\/v2\/comments?post=180181"}],"version-history":[{"count":0,"href":"https:\/\/www.europesays.com\/fr\/wp-json\/wp\/v2\/posts\/180181\/revisions"}],"wp:featuredmedia":[{"embeddable":true,"href":"https:\/\/www.europesays.com\/fr\/wp-json\/wp\/v2\/media\/180182"}],"wp:attachment":[{"href":"https:\/\/www.europesays.com\/fr\/wp-json\/wp\/v2\/media?parent=180181"}],"wp:term":[{"taxonomy":"category","embeddable":true,"href":"https:\/\/www.europesays.com\/fr\/wp-json\/wp\/v2\/categories?post=180181"},{"taxonomy":"post_tag","embeddable":true,"href":"https:\/\/www.europesays.com\/fr\/wp-json\/wp\/v2\/tags?post=180181"}],"curies":[{"name":"wp","href":"https:\/\/api.w.org\/{rel}","templated":true}]}}