{"id":180185,"date":"2025-06-16T06:43:12","date_gmt":"2025-06-16T06:43:12","guid":{"rendered":"https:\/\/www.europesays.com\/fr\/180185\/"},"modified":"2025-06-16T06:43:12","modified_gmt":"2025-06-16T06:43:12","slug":"a-nantes-des-figures-hyperrealistes-dhabitants-contemporains-remplaceront-bientot-les-statues-dune-fontaine-neoclassique","status":"publish","type":"post","link":"https:\/\/www.europesays.com\/fr\/180185\/","title":{"rendered":"\u00c0 Nantes, des figures hyperr\u00e9alistes d\u2019habitants contemporains remplaceront bient\u00f4t les statues d\u2019une fontaine n\u00e9oclassique"},"content":{"rendered":"<p>Install\u00e9es en pr\u00e9vision de l\u2019\u00e9dition 2025 du Voyage \u00e0 Nantes, la manifestation culturelle estivale de la cit\u00e9 des ducs, les sculptures contemporaines orneront le monument jusqu\u2019\u00e0 la fin de la restauration, en atelier, de sa statuaire historique du XIXe si\u00e8cle.<\/p>\n<p class=\"fig-paragraph\">R\u00e9volution sur la place Royale. La fontaine n\u00e9oclassique qui orne depuis 1865 le nombril de l\u2019une des places les plus chics du centre-ville\u00a0<a href=\"https:\/\/www.lefigaro.fr\/nantes\" target=\"_blank\" data-fig-type=\"Section\" rel=\"noopener\" data-gtm-custom-categorie=\"navigation\" data-gtm-custom-action=\"crossclick\" data-gtm-custom-label=\"Contextuel\" data-gtm-event=\"customEventSPE\" data-fig-domain=\"LEFIGARO\">de Nantes<\/a>\u00a0(Loire-Atlantique) s\u2019appr\u00eate \u00e0 conna\u00eetre une m\u00e9tamorphose. \u00c0 compter de ce lundi 16 juin, les all\u00e9gories et les g\u00e9nies en bronze, ainsi que\u00a0<a href=\"http:\/\/www.lefigaro.fr\/nantes\/nantes-mais-ou-est-passe-le-bras-de-la-statue-qui-symbolise-la-ville-20250218\" target=\"_blank\" data-fig-type=\"NewsFlash\" rel=\"noopener\" data-gtm-custom-categorie=\"navigation\" data-gtm-custom-action=\"crossclick\" data-gtm-custom-label=\"Contextuel\" data-gtm-event=\"customEventSPE\" data-fig-domain=\"LEFIGARO\">la statue de marbre couronnant le monument<\/a>, seront d\u00e9pos\u00e9s par les services municipaux. R\u00e9imagin\u00e9 par le plasticien flamand Willem de Haan\u00a0<a href=\"http:\/\/www.lefigaro.fr\/nantes\/nantes-la-statue-de-louis-xvi-va-disparaitre-du-centre-ville-pour-les-besoins-d-une-installation-d-art-contemporain-20250430\" target=\"_blank\" data-fig-type=\"NewsFlash\" rel=\"noopener\" data-gtm-custom-categorie=\"navigation\" data-gtm-custom-action=\"crossclick\" data-gtm-custom-label=\"Contextuel\" data-gtm-event=\"customEventSPE\" data-fig-domain=\"LEFIGARO\">pour l\u2019\u00e9dition 2025 du Voyage \u00e0 Nantes<\/a>, le monument accueillera cet \u00e9t\u00e9 des \u00abfigures hyperr\u00e9alistes de Nantaises et de Nantais contemporains\u00bb, en lieu et place de ses sculptures n\u00e9oclassiques.<\/p>\n<p class=\"fig-paragraph\">L\u2019artiste contemporain a con\u00e7u 14 sculptures en r\u00e9sine, habill\u00e9es et emperruqu\u00e9es, pour repr\u00e9senter des habitants de Nantes. D\u2019apr\u00e8s nos confr\u00e8res de\u00a0<a href=\"https:\/\/www.ouest-france.fr\/pays-de-la-loire\/loire-atlantique\/nantes-44000\/voyage-nantes\/en-avant-premiere-voici-les-futures-statues-de-la-place-royale-a-nantes-b8028394-4622-11f0-bc2b-268166a33be9\" target=\"_blank\" rel=\"noopener\" data-gtm-custom-categorie=\"navigation\" data-gtm-custom-action=\"crossclick\" data-gtm-custom-label=\"Contextuel\" data-gtm-event=\"customEventSPE\">Ouest France<\/a>, ces statues figureront p\u00eale-m\u00eale un kayakiste, une soudeuse chez Airbus, un vigneron, une conductrice de bus, une mara\u00eech\u00e8re, un \u00e9tudiant ou encore un p\u00eacheur &#8211; soit autant d\u2019individus propres \u00e0 \u00abr\u00e9actualiser le r\u00e9cit urbain\u00bb port\u00e9 par le d\u00e9cor historique de la fontaine, r\u00e9alis\u00e9 \u00e0 la gloire de la richesse industrielle de la ville. Sur la page internet du Voyage \u00e0 Nantes, l\u2019installation &#8211; baptis\u00e9e Latest Version (\u00abDerni\u00e8re version\u00bb, en anglais) &#8211; est d\u00e9crite comme une \u00abmise \u00e0 jour\u00bb du monument avec des repr\u00e9sentations des \u00abdynamiques sociales, \u00e9conomiques et culturelles du XXIe si\u00e8cle\u00bb.<\/p>\n<p>Prolongation \u00e9ph\u00e9m\u00e8re<\/p>\n<p class=\"fig-paragraph\">Les statues originelles de la place Royale ne dispara\u00eetront pas tout \u00e0 fait cet \u00e9t\u00e9. Elles seront d\u00e9plac\u00e9es &#8211; pour la dur\u00e9e du Voyage \u00e0 Nantes &#8211; dans une mise en sc\u00e8ne \u00ab\u00e9voquant les r\u00e9serves mus\u00e9ales\u00bb, autour de la fontaine r\u00e9invent\u00e9e. \u00c0 la conclusion de l\u2019\u00e9v\u00e9nement culturel, le 31 ao\u00fbt, les sculptures hyperr\u00e9alistes de Willem de Haan resteront n\u00e9anmoins sur place quelques mois de plus, a indiqu\u00e9 la mairie de Nantes, dans un communiqu\u00e9 diffus\u00e9 le 11 juin. Cette installation \u00e9ph\u00e9m\u00e8re se maintiendra sur la place Royale le temps de la restauration en urgence des statues historiques, confi\u00e9e aux bons soins d\u2019un atelier sp\u00e9cialis\u00e9. L\u2019op\u00e9ration devrait s\u2019achever au cours de l\u2019hiver 2025-2026.<\/p>\n<p class=\"fig-body-link\">\n            \u00c0 lire aussi<br \/>\n        <a class=\"fig-body-link__link\" href=\"http:\/\/www.lefigaro.fr\/nantes\/affaire-des-anges-disparus-de-nantes-l-etat-demande-a-l-espagne-la-restitution-d-une-sculpture-20250612\" target=\"_blank\" data-fig-type=\"NewsFlash\" rel=\"noopener\" data-gtm-custom-categorie=\"navigation\" data-gtm-custom-action=\"crossclick\" data-gtm-custom-label=\"Contextuel\" data-gtm-event=\"customEventSPE\" data-fig-domain=\"LEFIGARO\">Affaire des anges disparus de Nantes\u00a0: l\u2019\u00c9tat demande \u00e0 l\u2019Espagne la restitution d\u2019une sculpture<br \/>\n    <\/a>\n<\/p>\n<p class=\"fig-paragraph\">Cette campagne, pr\u00e9figur\u00e9e par une \u00e9tude pr\u00e9alable r\u00e9alis\u00e9e en mars, devrait notamment permettre aux restaurateurs du patrimoine de regr\u00e9er la statue de marbre situ\u00e9e au sommet du monument. Fragilis\u00e9e par des ann\u00e9es d\u2019exposition aux intemp\u00e9ries, \u00e0 la pollution et aux manifestants qui escaladent r\u00e9guli\u00e8rement la fontaine, la figure f\u00e9minine avait perdu un bras en d\u00e9but d\u2019ann\u00e9e &#8211; ce qui a pr\u00e9cipit\u00e9 cette campagne de restauration. Apr\u00e8s le travail sur les statues, une seconde \u00e9tape de la campagne portera, en 2026-2027, sur le massif de la fontaine et les r\u00e9seaux hydrauliques qui la composent, ajoute la mairie de Nantes.<\/p>\n<p class=\"fig-paragraph\">D\u00e9j\u00e0 restaur\u00e9e dans les ann\u00e9es 1960 ainsi qu\u2019en 2007, la fontaine de la place Royale a \u00e9t\u00e9 con\u00e7ue au milieu du XIXe si\u00e8cle par l\u2019architecte nantais Henri Th\u00e9odore Driollet et les sculpteurs Daniel Ducommun de Locle et Louis Groota\u00ebrs. Coul\u00e9es par le fondeur Jean-Simon Voruz, \u00e0 l\u2019origine de l\u2019escalier du passage Pommeray, les statues en bronze repr\u00e9sentent des nymphes personnifiant la Loire et ses quatre affluents &#8211; l\u2019Erdre, la S\u00e8vre, le Cher et le Loiret. Ces figures f\u00e9minines sont bord\u00e9es de g\u00e9nies et de dauphins, incarnations des activit\u00e9s qui ont fait la richesse de Nantes \u00e0 l\u2019\u00e8re industrielle. Au sommet de la fontaine, la statue de marbre repr\u00e9sente la cit\u00e9 des ducs. En 2007, la mairie de Nantes a d\u00e9finitivement priv\u00e9 la sculpture du trident de Neptune dont elle \u00e9tait dot\u00e9e. Fr\u00e9quemment vol\u00e9, l\u2019attribut en bronze est d\u00e9sormais conserv\u00e9 dans les r\u00e9serves de la ville.<\/p>\n","protected":false},"excerpt":{"rendered":"Install\u00e9es en pr\u00e9vision de l\u2019\u00e9dition 2025 du Voyage \u00e0 Nantes, la manifestation culturelle estivale de la cit\u00e9 des&hellip;\n","protected":false},"author":2,"featured_media":180186,"comment_status":"","ping_status":"","sticky":false,"template":"","format":"standard","meta":{"footnotes":""},"categories":[2818],"tags":[1111,11,1396,1777,674,462,1011,27,2640,2642,766,2638,2643,2637,2639,2646,2645,2641,2635,2644,2647,12,2636,25,3899],"class_list":{"0":"post-180185","1":"post","2":"type-post","3":"status-publish","4":"format-standard","5":"has-post-thumbnail","7":"category-nantes","8":"tag-actu","9":"tag-actualites","10":"tag-art-contemporain","11":"tag-eu","12":"tag-europe","13":"tag-fc-nantes","14":"tag-fr","15":"tag-france","16":"tag-hauts-paves-saint-felix","17":"tag-ile-de-nantes","18":"tag-nantes","19":"tag-nantes-bellevue-chantenay-sainte-anne","20":"tag-nantes-breil-barberie","21":"tag-nantes-centre-ville","22":"tag-nantes-dervallieres-zola","23":"tag-nantes-doulon-bottiere","24":"tag-nantes-erdre","25":"tag-nantes-malakoff-saint-donatien","26":"tag-nantes-metropole","27":"tag-nantes-nord","28":"tag-nantes-sud","29":"tag-news","30":"tag-pays-de-la-loire","31":"tag-republique-francaise","32":"tag-sculpture"},"share_on_mastodon":{"url":"","error":"Validation failed: Text character limit of 500 exceeded"},"_links":{"self":[{"href":"https:\/\/www.europesays.com\/fr\/wp-json\/wp\/v2\/posts\/180185","targetHints":{"allow":["GET"]}}],"collection":[{"href":"https:\/\/www.europesays.com\/fr\/wp-json\/wp\/v2\/posts"}],"about":[{"href":"https:\/\/www.europesays.com\/fr\/wp-json\/wp\/v2\/types\/post"}],"author":[{"embeddable":true,"href":"https:\/\/www.europesays.com\/fr\/wp-json\/wp\/v2\/users\/2"}],"replies":[{"embeddable":true,"href":"https:\/\/www.europesays.com\/fr\/wp-json\/wp\/v2\/comments?post=180185"}],"version-history":[{"count":0,"href":"https:\/\/www.europesays.com\/fr\/wp-json\/wp\/v2\/posts\/180185\/revisions"}],"wp:featuredmedia":[{"embeddable":true,"href":"https:\/\/www.europesays.com\/fr\/wp-json\/wp\/v2\/media\/180186"}],"wp:attachment":[{"href":"https:\/\/www.europesays.com\/fr\/wp-json\/wp\/v2\/media?parent=180185"}],"wp:term":[{"taxonomy":"category","embeddable":true,"href":"https:\/\/www.europesays.com\/fr\/wp-json\/wp\/v2\/categories?post=180185"},{"taxonomy":"post_tag","embeddable":true,"href":"https:\/\/www.europesays.com\/fr\/wp-json\/wp\/v2\/tags?post=180185"}],"curies":[{"name":"wp","href":"https:\/\/api.w.org\/{rel}","templated":true}]}}