{"id":180191,"date":"2025-06-16T06:46:09","date_gmt":"2025-06-16T06:46:09","guid":{"rendered":"https:\/\/www.europesays.com\/fr\/180191\/"},"modified":"2025-06-16T06:46:09","modified_gmt":"2025-06-16T06:46:09","slug":"girondins-le-gorafi-tourne-en-derision-la-descente-aux-enfers-de-bordeaux","status":"publish","type":"post","link":"https:\/\/www.europesays.com\/fr\/180191\/","title":{"rendered":"Girondins : Le Gorafi tourne en d\u00e9rision la descente aux enfers de Bordeaux"},"content":{"rendered":"<p><img decoding=\"async\" src=\"https:\/\/www.europesays.com\/fr\/wp-content\/uploads\/2025\/06\/671_e8b851dd2e5565fbef4652ef07e3dbce.jpg\" alt=\"Girondins : Le Gorafi tourne en d\u00e9rision la descente aux enfers de Bordeaux\" class=\"img-responsive mt-3\"\/><\/p>\n<p class=\"text-center mb-3\" style=\"font-size: 14px\">\u00a9 Iconsport<\/p>\n<p style=\"text-align: justify;\">Le Gorafi ne manque pas l&rsquo;occasion de souligner le chemin de croix que suivent tous les supporters des Girondins de Bordeaux depuis 2021 et l&rsquo;arriv\u00e9e de G\u00e9rard Lopez aux commandes du club. En 4 ans, le FCGB a chut\u00e9 de la 1re \u00e0 la 4e division avec une dette colossale et des finances exsangues. Chaque \u00e9t\u00e9 de longues proc\u00e9dures se jouent, mettant toujours en p\u00e9ril l&rsquo;avenir du club.<\/p>\n<p style=\"text-align: justify;\"><a href=\"https:\/\/www.legorafi.fr\/2025\/06\/10\/les-auteurs-de-violences-apres-la-finale-de-ligue-des-champion-condamnes-a-devenir-supporters-les-girondins-de-bordeaux\/\" target=\"_blank\" rel=\"noopener nofollow\">Le Gorafi<\/a> dans une publication la semaine derni\u00e8re, a titr\u00e9 : \u00ab\u00a0Les auteurs de violences apr\u00e8s la finale de Ligue des champions condamn\u00e9s \u00e0 devenir supporters des Girondins de Bordeaux\u00a0\u00bb<\/p>\n<p><strong>\u00ab\u00a0Les juges sont all\u00e9s trop loin. Une peine de prison ferme aurait \u00e9t\u00e9 plus juste et plus humaine\u00a0\u00bb<\/strong><\/p>\n<p style=\"text-align: justify;\">Le journal satirique poursuit : \u00ab\u00a0Suite aux violences commises dans la nuit du 31 mai en marge de la finale de la Ligue des champions, deux hommes ont \u00e9t\u00e9 condamn\u00e9s \u00e0 huit mois et dix mois d\u2019obligation ferme \u00e0 devenir fans des Girondins de Bordeaux par le tribunal correctionnel de Paris. Trois autres personnes ont \u00e9t\u00e9 condamn\u00e9es \u00e0 deux mois d\u2019obligation de supporter les Girondins avec sursis. Du c\u00f4t\u00e9 des avocats de la d\u00e9fense, on d\u00e9plore un verdict d\u2019une extr\u00eame s\u00e9v\u00e9rit\u00e9. \u00ab Les juges sont all\u00e9s trop loin. Une peine de prison ferme aurait \u00e9t\u00e9 plus juste et plus humaine (&#8230;) \u00ab On est en 2025, un pays comme la France ne peut pas condamner des jeunes qui d\u00e9marrent dans la vie \u00e0 autant de souffrances.\u00a0\u00bb<\/p>\n<p style=\"text-align: justify;\">Les supporters bordelais ne diront pas le contraire apr\u00e8s cette publication humoristique.<\/p>\n<p style=\"text-align: justify;\">Le club bordelais, en proc\u00e9dure de redressement judiciaire, n&rsquo;est toujours pas assur\u00e9 de jouer la saison 2025-2026 en National 2. Il attend le <a href=\"https:\/\/www.webgirondins.com\/actualite-girondins-girondins-l-etat-a-finalement-vote-pour-le-plan-de-continuation-de-gerard-lopez-129416\" target=\"_blank\" rel=\"noopener nofollow\">verdict du tribunal de commerce et de la DNCG le 24 juin prochain<\/a>.<\/p>\n<p style=\"text-align: justify;\">\u00c0 lire aussi &gt;&gt; <strong><a href=\"https:\/\/www.webgirondins.com\/actualite-girondins-girondins-le-verdict-du-tribunal-reporte-au-24-juin-la-dncg-en-ligne-de-mire-129411\" target=\"_blank\" rel=\"noopener nofollow\">Le verdict du tribunal report\u00e9 au 24 juin, la DNCG en ligne de mire<\/a><br \/><\/strong><\/p>\n<p>Notre podcast court \u00e0 \u00e9couter :<\/p>\n<p>\u00a0<\/p>\n","protected":false},"excerpt":{"rendered":"\u00a9 Iconsport Le Gorafi ne manque pas l&rsquo;occasion de souligner le chemin de croix que suivent tous les&hellip;\n","protected":false},"author":2,"featured_media":180192,"comment_status":"","ping_status":"","sticky":false,"template":"","format":"standard","meta":{"footnotes":""},"categories":[2817],"tags":[1111,11,1997,3010,1446,31751,14353,31752,1777,674,3395,1011,27,1987,31750,31755,3754,12,2043,2219,31754,25,31753,12710,575],"class_list":{"0":"post-180191","1":"post","2":"type-post","3":"status-publish","4":"format-standard","5":"has-post-thumbnail","7":"category-bordeaux","8":"tag-actu","9":"tag-actualites","10":"tag-bordeaux","11":"tag-celebre","12":"tag-dans","13":"tag-derision","14":"tag-descente","15":"tag-enfers","16":"tag-eu","17":"tag-europe","18":"tag-fois","19":"tag-fr","20":"tag-france","21":"tag-girondins","22":"tag-gorafi","23":"tag-grincante","24":"tag-media","25":"tag-news","26":"tag-nouvelle","27":"tag-nouvelle-aquitaine","28":"tag-publication","29":"tag-republique-francaise","30":"tag-satirique","31":"tag-tourne","32":"tag-vise"},"share_on_mastodon":{"url":"https:\/\/pubeurope.com\/@fr\/114691701809718717","error":""},"_links":{"self":[{"href":"https:\/\/www.europesays.com\/fr\/wp-json\/wp\/v2\/posts\/180191","targetHints":{"allow":["GET"]}}],"collection":[{"href":"https:\/\/www.europesays.com\/fr\/wp-json\/wp\/v2\/posts"}],"about":[{"href":"https:\/\/www.europesays.com\/fr\/wp-json\/wp\/v2\/types\/post"}],"author":[{"embeddable":true,"href":"https:\/\/www.europesays.com\/fr\/wp-json\/wp\/v2\/users\/2"}],"replies":[{"embeddable":true,"href":"https:\/\/www.europesays.com\/fr\/wp-json\/wp\/v2\/comments?post=180191"}],"version-history":[{"count":0,"href":"https:\/\/www.europesays.com\/fr\/wp-json\/wp\/v2\/posts\/180191\/revisions"}],"wp:featuredmedia":[{"embeddable":true,"href":"https:\/\/www.europesays.com\/fr\/wp-json\/wp\/v2\/media\/180192"}],"wp:attachment":[{"href":"https:\/\/www.europesays.com\/fr\/wp-json\/wp\/v2\/media?parent=180191"}],"wp:term":[{"taxonomy":"category","embeddable":true,"href":"https:\/\/www.europesays.com\/fr\/wp-json\/wp\/v2\/categories?post=180191"},{"taxonomy":"post_tag","embeddable":true,"href":"https:\/\/www.europesays.com\/fr\/wp-json\/wp\/v2\/tags?post=180191"}],"curies":[{"name":"wp","href":"https:\/\/api.w.org\/{rel}","templated":true}]}}