{"id":180195,"date":"2025-06-16T06:48:09","date_gmt":"2025-06-16T06:48:09","guid":{"rendered":"https:\/\/www.europesays.com\/fr\/180195\/"},"modified":"2025-06-16T06:48:09","modified_gmt":"2025-06-16T06:48:09","slug":"un-blesse-grave-educateur-agresse-un-tournoi-de-foot-tourne-a-la-bagarre-generale","status":"publish","type":"post","link":"https:\/\/www.europesays.com\/fr\/180195\/","title":{"rendered":"Un bless\u00e9 grave, \u00e9ducateur agress\u00e9\u2026 Un tournoi de foot tourne \u00e0 la bagarre g\u00e9n\u00e9rale"},"content":{"rendered":"<p>Cela devait \u00eatre une f\u00eate pour le sport, mais la violence a pris le dessus. Samedi, un homme a \u00e9t\u00e9 gri\u00e8vement bless\u00e9 et un \u00e9ducateur agress\u00e9 lors d\u2019une <a href=\"https:\/\/www.20minutes.fr\/dossier\/bagarre\" target=\"_blank\" class=\"color-ultramarine c-link\" rel=\"noopener\">bagarre<\/a> g\u00e9n\u00e9rale durant un tournoi de <a href=\"https:\/\/www.20minutes.fr\/sport\/football\/\" target=\"_blank\" class=\"color-ultramarine c-link\" rel=\"noopener\">football<\/a> U10 pr\u00e8s de <a href=\"https:\/\/www.20minutes.fr\/toulouse\/\" target=\"_blank\" class=\"color-ultramarine c-link\" rel=\"noopener\">Toulouse<\/a>.<\/p>\n<p>Les secours sont intervenus sur un terrain de football pr\u00e8s de Toulouse et \u00ab\u00a0ont transport\u00e9 un bless\u00e9 grave\u00a0\u00bb, samedi apr\u00e8s-midi, ont indiqu\u00e9 les pompiers dimanche.<\/p>\n<p>Les enfants sont \u00ab\u00a0tr\u00e8s choqu\u00e9s\u00a0\u00bb<\/p>\n<p>L\u2019homme, parent d\u2019un jeune joueur, a \u00e9t\u00e9 bless\u00e9 lors d\u2019une bagarre \u00ab\u00a0d\u2019une extr\u00eame violence\u00a0\u00bb, durant une rencontre entre deux \u00e9quipes de football locales d\u2019enfants de dix ans, dans le cadre d\u2019un tournoi, selon la copr\u00e9sidente d\u2019un des deux clubs.<\/p>\n<\/p>\n<p>Des parents et spectateurs qui ont envahi le terrain \u00ab\u00a0se sont battus devant les enfants qui sont tr\u00e8s choqu\u00e9s\u00a0\u00bb et s\u2019en sont \u00e9galement pris \u00e0 un \u00e9ducateur b\u00e9n\u00e9vole d\u2019un des deux clubs qui a \u00e9t\u00e9 \u00ab\u00a0rou\u00e9 de coups\u00a0\u00bb et \u00ab\u00a0aura probablement plusieurs jours d\u2019ITT\u00a0\u00bb, a \u00e9galement rapport\u00e9 la copr\u00e9sidente.<\/p>\n","protected":false},"excerpt":{"rendered":"Cela devait \u00eatre une f\u00eate pour le sport, mais la violence a pris le dessus. Samedi, un homme&hellip;\n","protected":false},"author":2,"featured_media":180196,"comment_status":"","ping_status":"","sticky":false,"template":"","format":"standard","meta":{"footnotes":""},"categories":[2816],"tags":[1111,47,11,10737,1777,674,118,6738,63,1011,27,2722,2721,12,2680,25,517,2312,133,809],"class_list":{"0":"post-180195","1":"post","2":"type-post","3":"status-publish","4":"format-standard","5":"has-post-thumbnail","7":"category-toulouse","8":"tag-actu","9":"tag-actualite","10":"tag-actualites","11":"tag-bagarre","12":"tag-eu","13":"tag-europe","14":"tag-faits-divers","15":"tag-faits-divers-toulouse","16":"tag-football","17":"tag-fr","18":"tag-france","19":"tag-haute-garonne","20":"tag-midi-pyrenees","21":"tag-news","22":"tag-occitanie","23":"tag-republique-francaise","24":"tag-sport","25":"tag-toulouse","26":"tag-video","27":"tag-violence"},"share_on_mastodon":{"url":"https:\/\/pubeurope.com\/@fr\/114691709676523443","error":""},"_links":{"self":[{"href":"https:\/\/www.europesays.com\/fr\/wp-json\/wp\/v2\/posts\/180195","targetHints":{"allow":["GET"]}}],"collection":[{"href":"https:\/\/www.europesays.com\/fr\/wp-json\/wp\/v2\/posts"}],"about":[{"href":"https:\/\/www.europesays.com\/fr\/wp-json\/wp\/v2\/types\/post"}],"author":[{"embeddable":true,"href":"https:\/\/www.europesays.com\/fr\/wp-json\/wp\/v2\/users\/2"}],"replies":[{"embeddable":true,"href":"https:\/\/www.europesays.com\/fr\/wp-json\/wp\/v2\/comments?post=180195"}],"version-history":[{"count":0,"href":"https:\/\/www.europesays.com\/fr\/wp-json\/wp\/v2\/posts\/180195\/revisions"}],"wp:featuredmedia":[{"embeddable":true,"href":"https:\/\/www.europesays.com\/fr\/wp-json\/wp\/v2\/media\/180196"}],"wp:attachment":[{"href":"https:\/\/www.europesays.com\/fr\/wp-json\/wp\/v2\/media?parent=180195"}],"wp:term":[{"taxonomy":"category","embeddable":true,"href":"https:\/\/www.europesays.com\/fr\/wp-json\/wp\/v2\/categories?post=180195"},{"taxonomy":"post_tag","embeddable":true,"href":"https:\/\/www.europesays.com\/fr\/wp-json\/wp\/v2\/tags?post=180195"}],"curies":[{"name":"wp","href":"https:\/\/api.w.org\/{rel}","templated":true}]}}