{"id":180209,"date":"2025-06-16T06:55:10","date_gmt":"2025-06-16T06:55:10","guid":{"rendered":"https:\/\/www.europesays.com\/fr\/180209\/"},"modified":"2025-06-16T06:55:10","modified_gmt":"2025-06-16T06:55:10","slug":"circulation-ardue-sur-les-routes-de-paris-et-dile-de-france-en-raison-dintenses-embouteillages","status":"publish","type":"post","link":"https:\/\/www.europesays.com\/fr\/180209\/","title":{"rendered":"Circulation ardue sur les routes de Paris et d&rsquo;\u00cele-de-France en raison d&rsquo;intenses embouteillages"},"content":{"rendered":"<p>            Par<br \/>\n        <strong><br \/>\n            <a href=\"https:\/\/actu.fr\/auteur\/redaction-paris\" title=\"Consulter tous les articles de R\u00e9daction Paris\" rel=\"nofollow noopener\" target=\"_blank\">R\u00e9daction Paris<\/a><br \/>\n        <\/strong><\/p>\n<p>        Publi\u00e9 le<\/p>\n<p>            16 juin 2025 \u00e0 8h42        <\/p>\n<p>Les automobilistes qui circulent sur les routes de Paris et d\u2019\u00cele-de-France vont devoir <strong>prendre leur mal en patience<\/strong> ce lundi 16\u00a0juin 2025. Les embouteillages atteignent des records. Plusieurs \u00e9v\u00e9nements perturbent le trafic.<\/p>\n<p>Fermeture de la Tr\u00e9mie \u00e0 Bobigny<\/p>\n<p class=\" wall-content\">D\u2019apr\u00e8s le barom\u00e8tre de <a href=\"https:\/\/www.sytadin.fr\/sys\/barometre_bouchon.jsp.html\" rel=\"nofollow noopener\" target=\"_blank\">Sytadin.fr<\/a>, le cumul des bouchons atteint <strong>424 kilom\u00e8tres<\/strong> \u00e0 8h20. Lors d\u2019un lundi matin sans encombre, ils stagnent \u00e0 250 kilom\u00e8tres. Alors comment expliquer cette situation\u2009?<\/p>\n<p>    <img   decoding=\"async\" loading=\"lazy\" src=\"https:\/\/www.europesays.com\/fr\/wp-content\/uploads\/2025\/06\/sans-titre-960x640.png\" alt=\"La courbe des bouchons en \u00cele-de-France ce lundi 16 juin 2025.\" width=\"960\" height=\"640\"\/><br \/>\n    La courbe des bouchons en \u00cele-de-France ce lundi 16 juin 2025. (\u00a9Capture d\u2019\u00e9cran Sytadin.fr)<\/p>\n<p class=\" wall-content\">Toujours selon la Direction des routes d\u2019\u00cele-de-France (DiRIF), la <a href=\"https:\/\/actu.fr\/tag\/circulation\" rel=\"nofollow noopener\" target=\"_blank\">circulation<\/a> est difficile sur l\u2019A86 sans ext\u00e9rieur entre V\u00e9lizy et Fresnes en raison d\u2019un <strong>poids lourd en panne<\/strong> depuis 6h25. Sur les trois voies, les deux les plus \u00e0 gauche sont ferm\u00e9es.<\/p>\n<p class=\" wall-content\">Autre perturbation\u2009: la <strong>Tr\u00e9mie,<\/strong> le passage souterrain, qui permet de rejoindre directement l\u2019autoroute A3 vers la province depuis la N186 sans passer par la place Saint-Just \u00e0 Bobigny est ferm\u00e9 pour une dur\u00e9e ind\u00e9termin\u00e9e. Sytadin.fr conseille aux automobilistes qui circulent sur la N186 de continuer jusqu\u2019\u00e0 la place Saint-Just puis retrouver l\u2019acc\u00e8s \u00e0 l\u2019autoroute A3.<\/p>\n<p>Vid\u00e9os : en ce moment sur Actu<\/p>\n<p class=\" wall-content\">Suivez toute l\u2019actualit\u00e9 de vos villes et m\u00e9dias favoris en vous inscrivant \u00e0 <a href=\"https:\/\/moncompte.actu.fr\" title=\"D\u00e9couvez Mon Actu\" rel=\"nofollow noopener\" data-trk=\"{&quot;cta&quot;:{&quot;action&quot;:&quot;https:\\\/\\\/moncompte.actu.fr&quot;,&quot;category&quot;:&quot;mon compte&quot;,&quot;from&quot;:&quot;article footer&quot;,&quot;name&quot;:&quot;Mon actu&quot;,&quot;type&quot;:&quot;cta&quot;}}\" target=\"_blank\">Mon Actu<\/a>.<\/p>\n","protected":false},"excerpt":{"rendered":"Par R\u00e9daction Paris Publi\u00e9 le 16 juin 2025 \u00e0 8h42 Les automobilistes qui circulent sur les routes de&hellip;\n","protected":false},"author":2,"featured_media":180210,"comment_status":"","ping_status":"","sticky":false,"template":"","format":"standard","meta":{"footnotes":""},"categories":[1592],"tags":[1111,11,3542,1777,674,1011,27,662,12,626,25,104,2803],"class_list":{"0":"post-180209","1":"post","2":"type-post","3":"status-publish","4":"format-standard","5":"has-post-thumbnail","7":"category-ile-de-france","8":"tag-actu","9":"tag-actualites","10":"tag-circulation","11":"tag-eu","12":"tag-europe","13":"tag-fr","14":"tag-france","15":"tag-ile-de-france","16":"tag-news","17":"tag-paris","18":"tag-republique-francaise","19":"tag-societe","20":"tag-transport"},"share_on_mastodon":{"url":"https:\/\/pubeurope.com\/@fr\/114691737098372667","error":""},"_links":{"self":[{"href":"https:\/\/www.europesays.com\/fr\/wp-json\/wp\/v2\/posts\/180209","targetHints":{"allow":["GET"]}}],"collection":[{"href":"https:\/\/www.europesays.com\/fr\/wp-json\/wp\/v2\/posts"}],"about":[{"href":"https:\/\/www.europesays.com\/fr\/wp-json\/wp\/v2\/types\/post"}],"author":[{"embeddable":true,"href":"https:\/\/www.europesays.com\/fr\/wp-json\/wp\/v2\/users\/2"}],"replies":[{"embeddable":true,"href":"https:\/\/www.europesays.com\/fr\/wp-json\/wp\/v2\/comments?post=180209"}],"version-history":[{"count":0,"href":"https:\/\/www.europesays.com\/fr\/wp-json\/wp\/v2\/posts\/180209\/revisions"}],"wp:featuredmedia":[{"embeddable":true,"href":"https:\/\/www.europesays.com\/fr\/wp-json\/wp\/v2\/media\/180210"}],"wp:attachment":[{"href":"https:\/\/www.europesays.com\/fr\/wp-json\/wp\/v2\/media?parent=180209"}],"wp:term":[{"taxonomy":"category","embeddable":true,"href":"https:\/\/www.europesays.com\/fr\/wp-json\/wp\/v2\/categories?post=180209"},{"taxonomy":"post_tag","embeddable":true,"href":"https:\/\/www.europesays.com\/fr\/wp-json\/wp\/v2\/tags?post=180209"}],"curies":[{"name":"wp","href":"https:\/\/api.w.org\/{rel}","templated":true}]}}