{"id":180217,"date":"2025-06-16T06:59:12","date_gmt":"2025-06-16T06:59:12","guid":{"rendered":"https:\/\/www.europesays.com\/fr\/180217\/"},"modified":"2025-06-16T06:59:12","modified_gmt":"2025-06-16T06:59:12","slug":"programmation-xxl-vasque-olympique-le-concert-gratuit-de-la-fete-de-la-musique-a-paris-sannonce-grandiose","status":"publish","type":"post","link":"https:\/\/www.europesays.com\/fr\/180217\/","title":{"rendered":"Programmation XXL, vasque olympique&#8230; Le concert gratuit de la F\u00eate de la musique \u00e0 Paris s&rsquo;annonce grandiose"},"content":{"rendered":"<p>            Par<br \/>\n        <strong><br \/>\n            <a href=\"https:\/\/actu.fr\/auteur\/dorinegoth\" title=\"Consulter tous les articles de Dorine Goth\" rel=\"nofollow noopener\" target=\"_blank\">Dorine Goth<\/a><br \/>\n        <\/strong><\/p>\n<p>        Publi\u00e9 le<\/p>\n<p>            16 juin 2025 \u00e0 8h22        <\/p>\n<p>Un cadre enchanteur et une programmation festive. C\u2019est la promesse du concert de cl\u00f4ture de la <strong>France Music Week<\/strong> qui se tiendra \u00e0 l\u2019occasion de la <a href=\"https:\/\/actu.fr\/tag\/fete-de-la-musique\" rel=\"nofollow noopener\" target=\"_blank\">F\u00eate de la musique<\/a> le samedi 21\u00a0juin dans les<strong> jardins du <a href=\"https:\/\/actu.fr\/tag\/louvre\" rel=\"nofollow noopener\" target=\"_blank\">mus\u00e9e du Louvre<\/a><\/strong>. L\u2019\u00e9v\u00e9nement, qui d\u00e9butera \u00e0 21\u00a0heures, sera <strong>diffus\u00e9 en direct sur France 2.<\/strong><\/p>\n<p>Un spectacle de 4\u00a0heures<\/p>\n<p class=\" wall-content\">Lors d\u2019un spectacle d\u2019une dur\u00e9e de 4\u00a0heures, artistes Fran\u00e7ais et internationaux se succ\u00e9deront sur sc\u00e8ne. Au programme\u2009: Camille, Christine and the Queens, Jeanne Added, La Femme, Major Lazer Soundsystem, Malik Djoudi, Miss Monique, Solann, ainsi que la violoncelliste Sol Gabetta ou encore Youssef Swatt\u2019s. Et les organisateurs maintiennent le suspens sur<strong> une artiste qui doit encore \u00eatre annonc\u00e9e.<\/strong><\/p>\n<p class=\" wall-content\">\u00ab\u2009Aux c\u00f4t\u00e9s de ces nombreuses t\u00eates d\u2019affiche, une invit\u00e9e de marque, qui a su rentrer dans le c\u0153ur de tous les Fran\u00e7ais l\u2019\u00e9t\u00e9 dernier, fera son grand retour\u2009!\u2009\u00bb, pr\u00e9viennent-ils. Le reste de la programmation artistique doit encore \u00eatre d\u00e9voil\u00e9. Le tout dans le cadre grandiose des jardins du Louvre, avec l\u2019<a href=\"https:\/\/actu.fr\/tag\/arc-de-triomphe\" rel=\"nofollow noopener\" target=\"_blank\">Arc de Triomphe<\/a> et l\u2019Ob\u00e9lisque de la Concorde dans la perspective.<\/p>\n<p>La nostalgie des JO de Paris 2024<\/p>\n<p class=\" wall-content\">\u00c0 la direction artistique, on retrouve <a href=\"https:\/\/actu.fr\/ile-de-france\/paris_75056\/ceremonie-d-ouverture-des-jo-les-organisateurs-deposent-plainte-pour-menaces-de-mort-une-enquete-ouverte_61444008.html\" rel=\"nofollow noopener\" target=\"_blank\">Thierry Reboul<\/a>, <a href=\"https:\/\/actu.fr\/ile-de-france\/paris_75056\/paris-victor-le-masne-compositeur-de-la-musique-des-jo-2024-va-donner-un-concert-au-grand-rex_62040993.html\" rel=\"nofollow noopener\" target=\"_blank\">Victor Le Masne<\/a> et Romain Pissenem, des noms qui se sont d\u00e9j\u00e0 illustr\u00e9s lors des c\u00e9r\u00e9monies d\u2019ouverture des <strong><a href=\"https:\/\/actu.fr\/tag\/jo-paris-2024\" rel=\"nofollow noopener\" target=\"_blank\">Jeux olympiques et paralympiques de Paris 2024<\/a>.<\/strong> Un trio qui rappellera des souvenirs aux Parisiens, alors que <a href=\"https:\/\/actu.fr\/ile-de-france\/paris_75056\/horaires-prix-acces-comment-profiter-de-la-vasque-olympique-de-retour-aux-tuileries-a-paris-cet-ete_62752520.html\" rel=\"nofollow noopener\" target=\"_blank\">la vasque olympique<\/a> reprendra son envol ce soir-l\u00e0, au-dessus des jardins des Tuileries.<\/p>\n<p class=\" wall-content\">La soir\u00e9e, gratuite et <a href=\"https:\/\/my.weezevent.com\/concert-du-21-juin\" rel=\"nofollow noopener\" target=\"_blank\">sur inscription obligatoire<\/a>, se cl\u00f4turera par un DJ Set \u00e9lectro de 23\u00a0heures \u00e0 00h30. Jusqu\u2019\u00e0 <strong>35\u2009000\u00a0personnes sont attendues.<\/strong> L\u2019acc\u00e8s au site pour ceux qui sont munis de billets se fera de 18\u00a0heures \u00e0 22\u00a0heures.<\/p>\n<p>Vid\u00e9os : en ce moment sur Actu<\/p>\n<p class=\" wall-content\">Suivez toute l\u2019actualit\u00e9 de vos villes et m\u00e9dias favoris en vous inscrivant \u00e0 <a href=\"https:\/\/moncompte.actu.fr\" title=\"D\u00e9couvez Mon Actu\" rel=\"nofollow noopener\" data-trk=\"{&quot;cta&quot;:{&quot;action&quot;:&quot;https:\\\/\\\/moncompte.actu.fr&quot;,&quot;category&quot;:&quot;mon compte&quot;,&quot;from&quot;:&quot;article footer&quot;,&quot;name&quot;:&quot;Mon actu&quot;,&quot;type&quot;:&quot;cta&quot;}}\" target=\"_blank\">Mon Actu<\/a>.<\/p>\n","protected":false},"excerpt":{"rendered":"Par Dorine Goth Publi\u00e9 le 16 juin 2025 \u00e0 8h22 Un cadre enchanteur et une programmation festive. C\u2019est&hellip;\n","protected":false},"author":2,"featured_media":180218,"comment_status":"","ping_status":"","sticky":false,"template":"","format":"standard","meta":{"footnotes":""},"categories":[1888],"tags":[11,1777,674,25885,1011,27,1652,12,626,25],"class_list":{"0":"post-180217","1":"post","2":"type-post","3":"status-publish","4":"format-standard","5":"has-post-thumbnail","7":"category-paris","8":"tag-actualites","9":"tag-eu","10":"tag-europe","11":"tag-fete-de-la-musique","12":"tag-fr","13":"tag-france","14":"tag-loisirs-culture","15":"tag-news","16":"tag-paris","17":"tag-republique-francaise"},"share_on_mastodon":{"url":"https:\/\/pubeurope.com\/@fr\/114691752992468639","error":""},"_links":{"self":[{"href":"https:\/\/www.europesays.com\/fr\/wp-json\/wp\/v2\/posts\/180217","targetHints":{"allow":["GET"]}}],"collection":[{"href":"https:\/\/www.europesays.com\/fr\/wp-json\/wp\/v2\/posts"}],"about":[{"href":"https:\/\/www.europesays.com\/fr\/wp-json\/wp\/v2\/types\/post"}],"author":[{"embeddable":true,"href":"https:\/\/www.europesays.com\/fr\/wp-json\/wp\/v2\/users\/2"}],"replies":[{"embeddable":true,"href":"https:\/\/www.europesays.com\/fr\/wp-json\/wp\/v2\/comments?post=180217"}],"version-history":[{"count":0,"href":"https:\/\/www.europesays.com\/fr\/wp-json\/wp\/v2\/posts\/180217\/revisions"}],"wp:featuredmedia":[{"embeddable":true,"href":"https:\/\/www.europesays.com\/fr\/wp-json\/wp\/v2\/media\/180218"}],"wp:attachment":[{"href":"https:\/\/www.europesays.com\/fr\/wp-json\/wp\/v2\/media?parent=180217"}],"wp:term":[{"taxonomy":"category","embeddable":true,"href":"https:\/\/www.europesays.com\/fr\/wp-json\/wp\/v2\/categories?post=180217"},{"taxonomy":"post_tag","embeddable":true,"href":"https:\/\/www.europesays.com\/fr\/wp-json\/wp\/v2\/tags?post=180217"}],"curies":[{"name":"wp","href":"https:\/\/api.w.org\/{rel}","templated":true}]}}