{"id":180221,"date":"2025-06-16T07:01:10","date_gmt":"2025-06-16T07:01:10","guid":{"rendered":"https:\/\/www.europesays.com\/fr\/180221\/"},"modified":"2025-06-16T07:01:10","modified_gmt":"2025-06-16T07:01:10","slug":"trois-ans-apres-ou-en-est-le-soutien-militaire-de-leurope-a-lukraine","status":"publish","type":"post","link":"https:\/\/www.europesays.com\/fr\/180221\/","title":{"rendered":"Trois ans apr\u00e8s, o\u00f9 en est le soutien militaire de l&rsquo;Europe \u00e0 l&rsquo;Ukraine\u00a0?"},"content":{"rendered":"<p><a href=\"https:\/\/www.lalibre.be\/international\/europe\/2025\/06\/13\/lue-prolonge-jusquen-2027-la-protection-accordee-aux-refugies-ukrainiens-UWXJI3QOWFDYNLNGLWVCO5TU4Y\/\" target=\"_blank\" rel=\"noopener noreferrer\" class=\"ap-StoryInterstitialLink ap-StoryElement ap-StoryElement--mb\">L&rsquo;UE prolonge jusqu&rsquo;en 2027 la protection accord\u00e9e aux r\u00e9fugi\u00e9s ukrainiens<\/a>Plus de liste des armes livr\u00e9es<\/p>\n<p class=\"ap-StoryElement ap-StoryElement--mb ap-StoryText\">Jusqu&rsquo;\u00e0 tout r\u00e9cemment, l&rsquo;Allemagne publiait une liste du mat\u00e9riel militaire livr\u00e9 \u00e0 Kiev. Fin mai, le chancelier allemand Friedrich Merz a toutefois annonc\u00e9 que cette liste ne serait plus diffus\u00e9e afin d&rsquo;\u00e9viter de livrer trop d&rsquo;informations \u00e0 Moscou. Une d\u00e9marche l\u00e9gitime, mais qui complique le travail des chercheurs. \u00ab\u00a0\u00c7a nous donnait une tr\u00e8s bonne id\u00e9e de ce qui \u00e9tait globalement livr\u00e9, poursuit L\u00e9o P\u00e9ria-Peign\u00e9. Aujourd&rsquo;hui, l&rsquo;Europe fournit des munitions d&rsquo;artillerie en assez grande quantit\u00e9\u00a0\u00bb. En 2025, l&rsquo;Union europ\u00e9enne tablait sur la production d&rsquo;1,5 million d&rsquo;obus de 155 mm, soit davantage que les 1,2 million produits aux \u00c9tats-Unis.<\/p>\n<p class=\"ap-StoryElement ap-StoryElement--mb ap-StoryText\">En mati\u00e8re de d\u00e9fense antia\u00e9rienne, critique pour tenir face aux innombrables assauts russes, sept syst\u00e8mes Patriot am\u00e9ricains ont d\u00e9j\u00e0 \u00e9t\u00e9 fournis par l&rsquo;Allemagne, la Roumanie et <a href=\"https:\/\/www.lalibre.be\/international\/europe\/guerre-ukraine-russie\/2025\/06\/10\/guerre-en-ukraine-un-mort-dans-des-attaques-aeriennes-massives-sur-kiev-et-odessa-une-maternite-touchee-IUTIIBDUMVERXHRKUYTVNWKM64\/\" target=\"_blank\" rel=\"noopener\">les \u00c9tats-Unis<\/a>, de m\u00eame que deux syst\u00e8mes SAMP\/T europ\u00e9ens par Rome. C&rsquo;est peu, m\u00eame si \u00ab\u00a0l&rsquo;Allemagne continue d&rsquo;envoyer des syst\u00e8mes de moyenne port\u00e9e Iris-T\u00a0\u00bb d\u00e9taille le chercheur.<\/p>\n<p class=\"ap-StoryElement ap-StoryElement--mb ap-StoryText\">\u00ab\u00a0Sur le plan de l&rsquo;artillerie, Berlin contribue avec des chars anti a\u00e9riens Gepard et des chars de combat Leopard 1, r\u00e9nov\u00e9s et fortement appr\u00e9ci\u00e9s sur le champ de bataille par les Ukrainiens, auxquels on peut ajouter les canons d&rsquo;artillerie Dana tch\u00e8ques, les canons M109 am\u00e9ricains livr\u00e9s par l&rsquo;Italie, et les v\u00e9hicules de transport M113. Mais il faut savoir qu&rsquo;en parall\u00e8le, de plus en plus de syst\u00e8mes sont directement achet\u00e9s par des pays europ\u00e9ens (le Danemark et les Pays-Bas notamment) \u00e0 l&rsquo;industrie ukrainienne, comme les canons automoteurs de 155 mm Bodhana\u00a0\u00bb.<\/p>\n<p><a href=\"https:\/\/www.lalibre.be\/international\/europe\/guerre-ukraine-russie\/2025\/04\/02\/la-promesse-belge-de-livrer-des-f-16-a-lukraine-a-stimule-la-desinformation-russe-le-but-etait-que-la-population-se-sente-menacee-RPMCDVQKXJDSDJ7X2JR74HNFKY\/\" target=\"_blank\" rel=\"noopener noreferrer\" class=\"ap-StoryInterstitialLink ap-StoryElement ap-StoryElement--mb\">La promesse belge de livrer des F-16 \u00e0 l&rsquo;Ukraine a stimul\u00e9 la d\u00e9sinformation russe : \u00ab\u00a0Le but \u00e9tait que la population se sente menac\u00e9e\u00a0\u00bb<\/a>Et les F16 belges ?<\/p>\n<p class=\"ap-StoryElement ap-StoryElement--mb ap-StoryText\">Qu&rsquo;en est-il des fameux F16 promis \u00e0 Kiev ? \u00ab\u00a0\u00c7a se termine doucement, r\u00e9pond le chercheur de l&rsquo;IFRI. \u00c0 ma connaissance, tous les F16 n\u00e9erlandais ont \u00e9t\u00e9 livr\u00e9s. Il doit encore manquer des F16 danois\u2026 et les F16 belges arriveront bien un jour\u00a0\u00bb. Selon les derni\u00e8res d\u00e9clarations du minist\u00e8re de la D\u00e9fense, Les premiers des 30 F16 belges devraient arriver avant la fin de l&rsquo;ann\u00e9e, la totalit\u00e9 d&rsquo;ici 2028.<\/p>\n<p class=\"ap-StoryElement ap-StoryElement--mb ap-StoryText\">Belges, N\u00e9erlandais et Allemands ont \u00e9galement d\u00e9velopp\u00e9 une certaine comp\u00e9tence dans le d\u00e9veloppement de drones navals, mais en mati\u00e8re de drones a\u00e9riens, Kiev \u2013 qui consomme 250 000 drones par mois \u2013 produit l&rsquo;essentiel de ses besoins \u00e0 domicile.<\/p>\n<p class=\"ap-StoryElement ap-StoryElement--mb ap-StoryText\">Tous types d&rsquo;armement confondus, \u00ab\u00a0l&rsquo;Ukraine estime \u00eatre autonome \u00e0 40 %\u00a0\u00bb, poursuit le sp\u00e9cialiste de l&rsquo;armement. \u00ab\u00a0Mais cela reste tr\u00e8s difficile \u00e0 quantifier pr\u00e9cis\u00e9ment. L&rsquo;ampleur du soutien europ\u00e9en est m\u00eame impossible \u00e0 d\u00e9finir. En termes de volumes, je pense qu&rsquo;on ne reverra jamais les volumes des deux derni\u00e8res ann\u00e9es parce que tout \u00e9tait de stock et que ces stocks ne sont pas infinis alors que les Ukrainiens consomment \u00e0 flux tendus. Il y a bien quelques transferts de syst\u00e8mes neufs, mais cela reste tr\u00e8s limit\u00e9. Les initiatives europ\u00e9ennes existent, ce qui est d\u00e9j\u00e0 un \u00e9norme progr\u00e8s puisque ce n&rsquo;\u00e9tait pas le cas il y a trois ans, mais elles en sont \u00e0 leurs balbutiements\u00a0\u00bb.<\/p>\n<p class=\"ap-StoryElement ap-StoryElement--mb ap-StoryText\">L&rsquo;Allemagne, par exemple, est en train de construire la premi\u00e8re usine de munitions pour syst\u00e8me de missiles sol-air Patriot hors des \u00c9tats-Unis, mais la production ne devrait pas commencer avant 2027.<\/p>\n<p><a href=\"https:\/\/www.lalibre.be\/international\/europe\/guerre-ukraine-russie\/2025\/06\/12\/trump-dit-etre-decu-par-la-russie-comme-par-lukraine-je-pense-quun-accord-aurait-pu-etre-trouve-2KEI2VDBKFCM5IL2RS4QEDBCXY\/\" target=\"_blank\" rel=\"noopener noreferrer\" class=\"ap-StoryInterstitialLink ap-StoryElement ap-StoryElement--mb\">Trump dit \u00eatre \u00ab\u00a0d\u00e9\u00e7u\u00a0\u00bb par la Russie comme par l&rsquo;Ukraine: \u00ab\u00a0Je pense qu&rsquo;un accord aurait pu \u00eatre trouv\u00e9\u00a0\u00bb<\/a>Chiffres douteux<\/p>\n<p class=\"ap-StoryElement ap-StoryElement--mb ap-StoryText\">L&rsquo;une des questions essentielles consiste d\u00e9sormais \u00e0 savoir si l&rsquo;Europe et <a href=\"https:\/\/www.lalibre.be\/international\/europe\/guerre-ukraine-russie\/2025\/06\/12\/tout-le-monde-sait-comment-poutine-traite-ceux-quil-qualifie-de-terroristes-des-ordres-dexecutions-de-prisonniers-ukrainiens-interceptes-EJJUREJTGVFO5EUYL6OOIA5GVQ\/\" target=\"_blank\" rel=\"noopener\">l&rsquo;Ukraine <\/a>peuvent tenir la distance en cas de d\u00e9sint\u00e9r\u00eat am\u00e9ricain. Outre notre d\u00e9pendance aux syst\u00e8mes Patriot, nos ressources sont limit\u00e9es en mati\u00e8re de logistique, de t\u00e9l\u00e9communications et de renseignement. \u00ab\u00a0Il y aurait de trous, c&rsquo;est une certitude, estime L\u00e9o P\u00e9ria-Peign\u00e9. Les Ukrainiens sont capables de faire certaines choses tout seuls, ils ont d\u00e9velopp\u00e9 leurs propres satellites de communication, ce qui leur a \u2013 a priori \u2013 permis de mener seuls leur r\u00e9cente op\u00e9ration contre l&rsquo;aviation strat\u00e9gique russe. Mais si les Am\u00e9ricains venaient \u00e0 couper Starlink, le r\u00e9sultat serait catastrophique. En sachant qu&rsquo;une partie de l&rsquo;infrastructure des syst\u00e8mes de combat ukrainiens est h\u00e9berg\u00e9e au Pentagone, la perte du renseignement serait probl\u00e9matique \u00e9galement. Les pays europ\u00e9ens ne sont pas capables non plus de livrer certaines choses, comme les missiles sol-air ATACMS tir\u00e9s par les Himars\u00a0\u00bb.<\/p>\n<p class=\"ap-StoryElement ap-StoryElement--mb ap-StoryText\">De mani\u00e8re g\u00e9n\u00e9rale, que ce soit en termes de production d&rsquo;armement ou de capacit\u00e9 \u00e0 mener une guerre d&rsquo;usure sur le front, les Russes ont l&rsquo;avantage de la quantit\u00e9 et du temps, m\u00eame si les chiffres communiqu\u00e9s par Moscou doivent \u00eatre pris avec prudence. \u00ab\u00a0S&rsquo;ils d\u00e9clarent produire 6 millions d&rsquo;obus par an tout en consommant 6 millions d&rsquo;obus <a href=\"https:\/\/www.lalibre.be\/international\/europe\/guerre-ukraine-russie\/2025\/06\/05\/guerre-en-ukraine-kim-jong-un-promet-le-soutien-inconditionnel-de-la-coree-du-nord-a-la-russie-6I5ZNRA7IFEU3OLCGOLKJO2LHI\/\" target=\"_blank\" rel=\"noopener\">nord-cor\u00e9ens<\/a>, il y a un probl\u00e8me, parce qu&rsquo;ils ne crachent pas 12 millions d&rsquo;obus par an sur l&rsquo;Ukraine, commente le chercheur fran\u00e7ais. Et ils restent tr\u00e8s loin des volumes qu&rsquo;ils pouvaient d\u00e9ployer en 2022-2023&Prime;.<\/p>\n","protected":false},"excerpt":{"rendered":"L&rsquo;UE prolonge jusqu&rsquo;en 2027 la protection accord\u00e9e aux r\u00e9fugi\u00e9s ukrainiensPlus de liste des armes livr\u00e9es Jusqu&rsquo;\u00e0 tout r\u00e9cemment,&hellip;\n","protected":false},"author":2,"featured_media":180222,"comment_status":"","ping_status":"","sticky":false,"template":"","format":"standard","meta":{"footnotes":""},"categories":[1591],"tags":[11,31757,31758,1887,1227,2742,12,9024,1885,1886,132],"class_list":{"0":"post-180221","1":"post","2":"type-post","3":"status-publish","4":"format-standard","5":"has-post-thumbnail","7":"category-russie","8":"tag-actualites","9":"tag-combo-photo","10":"tag-environment","11":"tag-federation-de-russie","12":"tag-horizontal","13":"tag-nature","14":"tag-news","15":"tag-politics","16":"tag-russia","17":"tag-russian-federation","18":"tag-russie"},"share_on_mastodon":{"url":"https:\/\/pubeurope.com\/@fr\/114691760798125032","error":""},"_links":{"self":[{"href":"https:\/\/www.europesays.com\/fr\/wp-json\/wp\/v2\/posts\/180221","targetHints":{"allow":["GET"]}}],"collection":[{"href":"https:\/\/www.europesays.com\/fr\/wp-json\/wp\/v2\/posts"}],"about":[{"href":"https:\/\/www.europesays.com\/fr\/wp-json\/wp\/v2\/types\/post"}],"author":[{"embeddable":true,"href":"https:\/\/www.europesays.com\/fr\/wp-json\/wp\/v2\/users\/2"}],"replies":[{"embeddable":true,"href":"https:\/\/www.europesays.com\/fr\/wp-json\/wp\/v2\/comments?post=180221"}],"version-history":[{"count":0,"href":"https:\/\/www.europesays.com\/fr\/wp-json\/wp\/v2\/posts\/180221\/revisions"}],"wp:featuredmedia":[{"embeddable":true,"href":"https:\/\/www.europesays.com\/fr\/wp-json\/wp\/v2\/media\/180222"}],"wp:attachment":[{"href":"https:\/\/www.europesays.com\/fr\/wp-json\/wp\/v2\/media?parent=180221"}],"wp:term":[{"taxonomy":"category","embeddable":true,"href":"https:\/\/www.europesays.com\/fr\/wp-json\/wp\/v2\/categories?post=180221"},{"taxonomy":"post_tag","embeddable":true,"href":"https:\/\/www.europesays.com\/fr\/wp-json\/wp\/v2\/tags?post=180221"}],"curies":[{"name":"wp","href":"https:\/\/api.w.org\/{rel}","templated":true}]}}