{"id":180242,"date":"2025-06-16T07:12:12","date_gmt":"2025-06-16T07:12:12","guid":{"rendered":"https:\/\/www.europesays.com\/fr\/180242\/"},"modified":"2025-06-16T07:12:12","modified_gmt":"2025-06-16T07:12:12","slug":"lasg-volley-une-deuxieme-famille","status":"publish","type":"post","link":"https:\/\/www.europesays.com\/fr\/180242\/","title":{"rendered":"L&rsquo;ASG Volley : une deuxi\u00e8me famille"},"content":{"rendered":"<p>\t\t\t\t\t\t\t\t<a href=\"https:\/\/vosgesinfo.fr\/app\/uploads\/sites\/6\/2025\/06\/img-20250613-201136.jpg\" data-slb-active=\"1\" data-slb-asset=\"505113363\" data-slb-internal=\"0\" data-slb-group=\"slb\" rel=\"nofollow noopener\" target=\"_blank\"><img decoding=\"async\" loading=\"lazy\" class=\"aligncenter size-large wp-image-79136\" src=\"https:\/\/www.europesays.com\/fr\/wp-content\/uploads\/2025\/06\/img-20250613-201136-1024x768.jpg\" alt=\"\" width=\"1024\" height=\"768\"  \/><\/a><\/p>\n<p>Vendredi soir, les membres de l\u2019ASG Volley se sont r\u00e9unis autour de leur pr\u00e9sidente Myl\u00e8ne Planchon \u00e0 l\u2019occasion d\u2019une assembl\u00e9e g\u00e9n\u00e9rale programm\u00e9e \u00e0 la halle des sports.<\/p>\n<p>\u00a0<\/p>\n<p>Le bilan de la saison qui s\u2019ach\u00e8ve est plus que positif pour la pr\u00e9sidente et ses troupes avec 77 licenci\u00e9s et notamment une belle progression chez les loisirs\u00a0menant \u00e0 l\u2019inscription d\u2019une troisi\u00e8me \u00e9quipe en cours de saison. une preuve du dynamisme et de l\u2019engagement du club qui a particuli\u00e8rement bien rempli les tournois qu\u2019il a organis\u00e9s. Des rencontres qui se sont d\u00e9roul\u00e9es dans une ambiance chaleureuse et respectueuse ainsi qu\u2019un climat positif \u00ab\u00a0qui montre que le sport peut toujours rassembler et transmettre de belles valeurs\u00a0\u00bb, pour reprendre les mots de Myl\u00e8ne Planchon.<\/p>\n<p><a href=\"https:\/\/vosgesinfo.fr\/app\/uploads\/sites\/6\/2025\/06\/img-20250613-201109.jpg\" data-slb-active=\"1\" data-slb-asset=\"551251255\" data-slb-internal=\"0\" data-slb-group=\"slb\" rel=\"nofollow noopener\" target=\"_blank\"><img decoding=\"async\" loading=\"lazy\" class=\"alignright size-medium wp-image-79135\" src=\"https:\/\/www.europesays.com\/fr\/wp-content\/uploads\/2025\/06\/img-20250613-201109-300x225.jpg\" alt=\"\" width=\"300\" height=\"225\"  \/><\/a>En mati\u00e8re de r\u00e9sultat, on retiendra notamment la belle performance de No\u00e9 Planchon, qui \u00e9volue chez les moins de 13 ans et qui a particip\u00e9 aux mini-volleyades avec une \u00e9quipe constitu\u00e9e de joueurs de Saint-Di\u00e9 et d\u2019\u00c9pinal qui finit premi\u00e8re du championnat du Grand Est et \u00e0 la 20e place au niveau national ! Une fiert\u00e9 pour son club, ses entra\u00eeneurs et ses co\u00e9quipiers. Tr\u00e8s beau parcours \u00e9galement pour l\u2019\u00e9quipe premi\u00e8re loisirs qui remporte le championnat des Vosges ainsi que la coupe des Vosges et finit vice-championne du Grand Est de comp\u00e9tition libre.<\/p>\n<p>Pour la saison \u00e0 venir, l\u2019ASG Volley va remonter une \u00e9quipe r\u00e9gionale gar\u00e7ons et compte sur le retour de son public, ce qui laisse augurer de nouvelles soir\u00e9es sportives et conviviales m\u00e9morables lors des matchs \u00e0 domicile\u2026 Le club organisera \u00e9galement un tournoi fluo, le premier dans les Vosges pour la discipline du volleyball. Et le premier juillet, l\u2019ASG organisera une journ\u00e9e \u00e0 destination des scolaires autour du beach-volley avec des ateliers, des jeux et la d\u00e9couverte des gestes de base de la discipline.<\/p>\n<p>Pour conclure, Myl\u00e8ne Planchon a souhait\u00e9 remercier les partenaires institutionnels et priv\u00e9s, les membres du bureau, l\u2019ensemble des membres du club et les b\u00e9n\u00e9voles qui contribuent largement \u00e0 faire de l\u2019ASG Volley une v\u00e9ritable deuxi\u00e8me famille o\u00f9 r\u00e8gne la convivialit\u00e9 et o\u00f9 l\u2019on partage des sourires, des bons moments et de la complicit\u00e9. \u00ab\u00a0Je suis fi\u00e8re et heureuse d\u2019en \u00eatre la pr\u00e9sidente !\u00a0\u00bb<\/p>\n<p><a href=\"https:\/\/vosgesinfo.fr\/app\/uploads\/sites\/6\/2025\/06\/img-20250614-wa0033.jpg\" data-slb-active=\"1\" data-slb-asset=\"1420288285\" data-slb-internal=\"0\" data-slb-group=\"slb\" rel=\"nofollow noopener\" target=\"_blank\"><img aria-describedby=\"caption-attachment-79189\" decoding=\"async\" loading=\"lazy\" class=\"size-large wp-image-79189\" src=\"https:\/\/www.europesays.com\/fr\/wp-content\/uploads\/2025\/06\/img-20250614-wa0033-603x1024.jpg\" alt=\"\" width=\"603\" height=\"1024\"  \/><\/a><\/p>\n<p id=\"caption-attachment-79189\" class=\"wp-caption-text\">Plusieurs r\u00e9compenses ont \u00e9t\u00e9 d\u00e9cern\u00e9es, dont la m\u00e9daille de bronze de la F\u00e9d\u00e9ration pour G\u00e9rard Durand et la pr\u00e9sidente Myl\u00e8ne Planchon, et une lettre de f\u00e9licitations de cette m\u00eame F\u00e9d\u00e9ration \u00e0 Maurine Remi.<\/p>\n","protected":false},"excerpt":{"rendered":"Vendredi soir, les membres de l\u2019ASG Volley se sont r\u00e9unis autour de leur pr\u00e9sidente Myl\u00e8ne Planchon \u00e0 l\u2019occasion&hellip;\n","protected":false},"author":2,"featured_media":180243,"comment_status":"","ping_status":"","sticky":false,"template":"","format":"standard","meta":{"footnotes":""},"categories":[1417],"tags":[27252,1011,27,60,1470,1469],"class_list":{"0":"post-180242","1":"post","2":"type-post","3":"status-publish","4":"format-standard","5":"has-post-thumbnail","7":"category-volley","8":"tag-asg-volley","9":"tag-fr","10":"tag-france","11":"tag-sports","12":"tag-volley","13":"tag-volleyball"},"share_on_mastodon":{"url":"https:\/\/pubeurope.com\/@fr\/114691804094744976","error":""},"_links":{"self":[{"href":"https:\/\/www.europesays.com\/fr\/wp-json\/wp\/v2\/posts\/180242","targetHints":{"allow":["GET"]}}],"collection":[{"href":"https:\/\/www.europesays.com\/fr\/wp-json\/wp\/v2\/posts"}],"about":[{"href":"https:\/\/www.europesays.com\/fr\/wp-json\/wp\/v2\/types\/post"}],"author":[{"embeddable":true,"href":"https:\/\/www.europesays.com\/fr\/wp-json\/wp\/v2\/users\/2"}],"replies":[{"embeddable":true,"href":"https:\/\/www.europesays.com\/fr\/wp-json\/wp\/v2\/comments?post=180242"}],"version-history":[{"count":0,"href":"https:\/\/www.europesays.com\/fr\/wp-json\/wp\/v2\/posts\/180242\/revisions"}],"wp:featuredmedia":[{"embeddable":true,"href":"https:\/\/www.europesays.com\/fr\/wp-json\/wp\/v2\/media\/180243"}],"wp:attachment":[{"href":"https:\/\/www.europesays.com\/fr\/wp-json\/wp\/v2\/media?parent=180242"}],"wp:term":[{"taxonomy":"category","embeddable":true,"href":"https:\/\/www.europesays.com\/fr\/wp-json\/wp\/v2\/categories?post=180242"},{"taxonomy":"post_tag","embeddable":true,"href":"https:\/\/www.europesays.com\/fr\/wp-json\/wp\/v2\/tags?post=180242"}],"curies":[{"name":"wp","href":"https:\/\/api.w.org\/{rel}","templated":true}]}}