{"id":180248,"date":"2025-06-16T07:15:20","date_gmt":"2025-06-16T07:15:20","guid":{"rendered":"https:\/\/www.europesays.com\/fr\/180248\/"},"modified":"2025-06-16T07:15:20","modified_gmt":"2025-06-16T07:15:20","slug":"la-ffbb-et-landes-unis-pour-le-basket-francais","status":"publish","type":"post","link":"https:\/\/www.europesays.com\/fr\/180248\/","title":{"rendered":"la FFBB et l\u2019ANDES unis pour le basket fran\u00e7ais"},"content":{"rendered":"<p style=\"text-align: justify;\"><b>Avec une popularit\u00e9 et un nombre de licenci\u00e9s en hausse, le basket fran\u00e7ais fait face \u00e0 un manque d\u2019infrastructures et de ressources pour accompagner son d\u00e9veloppement. Pour y rem\u00e9dier, la F\u00e9d\u00e9ration Fran\u00e7aise de BasketBall (FFBB) et l\u2019Association Nationale des \u00c9lus au Sport (ANDES) ont d\u00e9cid\u00e9 de prolonger leur partenariat jusqu\u2019en 2028. Un engagement cl\u00e9 pour renforcer la coop\u00e9ration entre les clubs et les collectivit\u00e9s locales, indispensables \u00e0 la croissance de la discipline.<\/b><\/p>\n<p style=\"text-align: justify;\">Dans un contexte budg\u00e9taire contraint pour les collectivit\u00e9s locales,<strong><a href=\"https:\/\/www.sportmag.fr\/basket-fdj-et-ffbb-plus-que-jamais-main-dans-la-main\/\" target=\"_blank\" rel=\"noopener\"> la FFBB et l\u2019ANDES ont d\u00e9cid\u00e9 de prolonger leur partenariat jusqu\u2019en 2028<\/a><\/strong>. La reconduction de cette collaboration, initi\u00e9e en 2019, a \u00e9t\u00e9 officialis\u00e9e le 6 mars 2025 au si\u00e8ge de la FFBB. Cet accord vise \u00e0 renforcer les synergies entre les collectivit\u00e9s et les structures locales du basket, afin de contribuer \u00e0 un d\u00e9veloppement optimal de la discipline.<\/p>\n<p style=\"text-align: justify;\">Fort d\u2019un nombre imposant de licenci\u00e9s (766 000, soit une hausse de 5,4%), et aur\u00e9ol\u00e9 de trois m\u00e9dailles olympiques aux Jeux de Paris 2024, le basket fran\u00e7ais fait en effet face \u00e0 un d\u00e9fi majeur : le manque d\u2019\u00e9quipements et de dirigeants pour soutenir cette croissance. Or, les collectivit\u00e9s locales d\u00e9tiennent plus de 80% des infrastructures sportives en France. Leur engagement est donc indispensable pour offrir aux clubs les moyens n\u00e9cessaires \u00e0 leur expansion.<\/p>\n<p style=\"text-align: justify;\"><a href=\"https:\/\/www.sportmag.fr\/abonnement\/\" target=\"_blank\" rel=\"noopener\"><img loading=\"lazy\" decoding=\"async\" class=\"size-full wp-image-157374 alignleft\" src=\"data:image\/svg+xml,%3Csvg%20xmlns=\" http:=\"\" alt=\"\" width=\"300\" height=\"250\" data-lazy-src=\"https:\/\/www.sportmag.fr\/wp-content\/uploads\/2025\/03\/OFFRE-FLASH-.svg\"\/><\/a><\/p>\n<p style=\"text-align: justify;\">Gr\u00e2ce \u00e0 ce partenariat, la FFBB et l\u2019ANDES entendent ainsi renforcer leur collaboration autour de plusieurs axes strat\u00e9giques : le partage d\u2019\u00e9tudes et d\u2019enqu\u00eates, l\u2019organisation d\u2019\u00e9changes th\u00e9matiques (basket f\u00e9minin, \u00e9co-responsabilit\u00e9, Outre-mer\u2026) et l\u2019intervention d\u2019\u00e9lus locaux dans les formations de la FFBB. Une d\u00e9clinaison territoriale du partenariat est \u00e9galement pr\u00e9vue, en mettant en relation les repr\u00e9sentants de l\u2019ANDES avec les structures f\u00e9d\u00e9rales d\u00e9partementales et r\u00e9gionales.<\/p>\n<p><b>Un partenariat cl\u00e9 pour l\u2019avenir du basket en France<\/b><\/p>\n<p style=\"text-align: justify;\">Jean-Pierre Hunckler, pr\u00e9sident de la FFBB, se f\u00e9licite de ce renouvellement, soulignant notamment le fait qu\u2019il s\u2019inscrit dans la dynamique positive du basket fran\u00e7ais. <strong><a href=\"https:\/\/www.sportmag.fr\/basket-nouveau-record-de-licencies-pour-la-ffbb\/\" target=\"_blank\" rel=\"noopener\">Il insiste sur l\u2019importance d\u2019un travail conjoint avec les collectivit\u00e9s, afin de lever les freins au d\u00e9veloppement des structures locales et innover face aux contraintes budg\u00e9taires actuelles.<\/a><\/strong><\/p>\n<p style=\"text-align: justify;\">De son c\u00f4t\u00e9, Patrick Appere, pr\u00e9sident de l\u2019ANDES, rappelle que cette coop\u00e9ration permet d\u2019accompagner le d\u00e9veloppement du basket en r\u00e9pondant aux besoins en infrastructures et en encadrement. Il r\u00e9affirme par la m\u00eame occasion son engagement en faveur d\u2019un investissement p\u00e9renne pour le sport en France, notamment dans la perspective d\u2019atteindre 1% du budget de l\u2019\u00c9tat consacr\u00e9 au sport d\u2019ici 2030. Avec cette convention renouvel\u00e9e, la FFBB et l\u2019ANDES esp\u00e8rent ainsi garantir un avenir solide pour le ballon orange en France, et permettre \u00e0 toujours plus de jeunes de pratiquer le basket dans les meilleures conditions possibles.<\/p>\n","protected":false},"excerpt":{"rendered":"Avec une popularit\u00e9 et un nombre de licenci\u00e9s en hausse, le basket fran\u00e7ais fait face \u00e0 un manque&hellip;\n","protected":false},"author":2,"featured_media":180249,"comment_status":"","ping_status":"","sticky":false,"template":"","format":"standard","meta":{"footnotes":""},"categories":[1414],"tags":[1465,1464,1011,27,60],"class_list":{"0":"post-180248","1":"post","2":"type-post","3":"status-publish","4":"format-standard","5":"has-post-thumbnail","7":"category-basket","8":"tag-basket","9":"tag-basketball","10":"tag-fr","11":"tag-france","12":"tag-sports"},"share_on_mastodon":{"url":"https:\/\/pubeurope.com\/@fr\/114691815876316425","error":""},"_links":{"self":[{"href":"https:\/\/www.europesays.com\/fr\/wp-json\/wp\/v2\/posts\/180248","targetHints":{"allow":["GET"]}}],"collection":[{"href":"https:\/\/www.europesays.com\/fr\/wp-json\/wp\/v2\/posts"}],"about":[{"href":"https:\/\/www.europesays.com\/fr\/wp-json\/wp\/v2\/types\/post"}],"author":[{"embeddable":true,"href":"https:\/\/www.europesays.com\/fr\/wp-json\/wp\/v2\/users\/2"}],"replies":[{"embeddable":true,"href":"https:\/\/www.europesays.com\/fr\/wp-json\/wp\/v2\/comments?post=180248"}],"version-history":[{"count":0,"href":"https:\/\/www.europesays.com\/fr\/wp-json\/wp\/v2\/posts\/180248\/revisions"}],"wp:featuredmedia":[{"embeddable":true,"href":"https:\/\/www.europesays.com\/fr\/wp-json\/wp\/v2\/media\/180249"}],"wp:attachment":[{"href":"https:\/\/www.europesays.com\/fr\/wp-json\/wp\/v2\/media?parent=180248"}],"wp:term":[{"taxonomy":"category","embeddable":true,"href":"https:\/\/www.europesays.com\/fr\/wp-json\/wp\/v2\/categories?post=180248"},{"taxonomy":"post_tag","embeddable":true,"href":"https:\/\/www.europesays.com\/fr\/wp-json\/wp\/v2\/tags?post=180248"}],"curies":[{"name":"wp","href":"https:\/\/api.w.org\/{rel}","templated":true}]}}