{"id":180257,"date":"2025-06-16T07:20:10","date_gmt":"2025-06-16T07:20:10","guid":{"rendered":"https:\/\/www.europesays.com\/fr\/180257\/"},"modified":"2025-06-16T07:20:10","modified_gmt":"2025-06-16T07:20:10","slug":"corinne-touzet-en-deuil-elle-pleure-la-disparition-dun-etre-cher-et-bouleverse-le-plateau-de-c-lhebdo","status":"publish","type":"post","link":"https:\/\/www.europesays.com\/fr\/180257\/","title":{"rendered":"Corinne Touzet en deuil : elle pleure la disparition d\u2019un \u00eatre cher et bouleverse le plateau de C l\u2019hebdo"},"content":{"rendered":"<p align=\"justify\">Ce samedi 14 juin, <a href=\"https:\/\/www.closermag.fr\/tv_tele_realite\/demain-nous-appartient-cette-star-oubliee-de-tf1-debarque-et-ca-va-en-ravir-plus-dun-3544710\" target=\"_blank\" rel=\"noopener\">Corinne Touzet, qui va bient\u00f4t<br \/>\nappara\u00eetre dans Demain nous appartient<\/a>, \u00e9tait invit\u00e9e sur le<br \/>\nplateau de C l\u2019hebdo. L\u2019\u00e9mission \u00e9tait ce jour-l\u00e0 consacr\u00e9e aux<br \/>\nanimaux, ce qui a amen\u00e9e <a href=\"https:\/\/www.closermag.fr\/people\/ce-qui-a-change-cest-que-corinne-touzet-se-confie-sur-son-compagnon-et-sa-vie-de-couple-3447849\" target=\"_blank\" rel=\"noopener\">l\u2019actrice d\u2019Une femme d\u2019honneur<\/a><br \/>\n\u00e0 parler de son labrador, aujourd\u2019hui d\u00e9c\u00e9d\u00e9.<\/p>\n<p align=\"justify\">Rapha\u00ebl Mezrahi, propri\u00e9taire de 17 chats, \u00e9tait<br \/>\nlui aussi sur le plateau de l\u2019\u00e9mission, et a ainsi pu \u00e9couter<br \/>\nCorinne Touzet parler, dans un premier temps, de son rapport avec<br \/>\nles animaux\u00a0: \u00ab\u00a0C\u2019est toute ma vie les animaux.<br \/>\nIls me r\u00e9concilient avec l\u2019amour, le partage et le don de soi. Je<br \/>\nfinirai ma vie au fond des bois, car je ne peux plus supporter le<br \/>\nmonde dans lequel on vit, avec un \u00e2ne, un cheval , un chien, des<br \/>\nchats\u00a0\u00bb, a-t-elle livr\u00e9.<\/p>\n<p>Corinne Touzet \u00ab\u00a0Ils peuvent tenir longtemps par<br \/>\namour\u00a0\u00bb<\/p>\n<p align=\"justify\">C\u2019est ainsi tr\u00e8s \u00e9mue que l\u2019actrice a racont\u00e9<br \/>\nson d\u00e9c\u00e8s, alors que son chien l\u2019avait accompagn\u00e9e pendant 14<br \/>\nans\u00a0: \u00ab\u00a0Il \u00e9tait malade depuis longtemps, il avait<br \/>\ndes tumeurs mais \u00e0 la campagne il vivait bien. Comme tous les<br \/>\nlabradors, il a tout le temps &#8211; et jusqu\u2019au bout &#8211; jou\u00e9 et fait la<br \/>\nf\u00eate. Mon angoisse, c\u2019\u00e9tait de ne pas \u00eatre l\u00e0 quand il allait<br \/>\npartir\u00a0\u00bb, a-t-elle expliqu\u00e9.<\/p>\n<p align=\"justify\">Elle a alors poursuivi en expliquant que son<br \/>\nchien l\u2019avait attendue pour mourir, alors qu\u2019elle \u00e9tait partie en<br \/>\ntournage\u00a0: \u00ab\u00a0ce jour-l\u00e0, je me suis dit, il va partir<br \/>\naujourd\u2019hui\u00a0\u00bb. Il est parti une heure apr\u00e8s son retour. La<br \/>\ncom\u00e9dienne a alors expliqu\u00e9\u00a0: \u00ab\u00a0Je pense<br \/>\nsinc\u00e8rement qu\u2019ils savent qu\u2019ils vont partir, mais que surtout, ils<br \/>\npeuvent tenir longtemps par amour. Ils nous aiment tellement, on<br \/>\nfait partie de leur vie. C\u2019est pour \u00e7a que je dis toujours qu\u2019on ne<br \/>\nperd pas un animal, on perd un ami. Ce jour-l\u00e0, il attendait sa<br \/>\nmaman, entre guillemets pour s\u2019en aller\u00a0\u00bb, a-t-elle livr\u00e9.<\/p>\n<p>Aur\u00e9lie Casse \u00e9mue face<br \/>\n\u00e0 l\u2019histoire de l\u2019actrice<\/p>\n<p align=\"justify\"><a href=\"https:\/\/www.telestar.fr\/actu_tv\/bfmtv-ces-trois-stars-de-la-tele-approchees-par-la-chaine-pour-endiguer-les-departs-1725383\" target=\"_blank\" rel=\"noopener\">Aur\u00e9lie Casse, pr\u00e9sentatrice de<br \/>\nl\u2019\u00e9mission<\/a>, a elle aussi v\u00e9cu une histoire similaire, et le<br \/>\nr\u00e9cit de Caronne Touzet l\u2019a alors boulevers\u00e9e. En juillet 2023,<br \/>\nelle avait en effet annonc\u00e9 la mort de son animal de compagnie,<br \/>\nJango.<\/p>\n<p align=\"justify\">Elle avait \u00e9crit dans un message\u00a0:<br \/>\n\u00ab\u00a0Mon Jango, je revois ton corps malade se soulever de joie \u00e0 la<br \/>\nvue de ton collier vert, le collier des souvenirs heureux, des<br \/>\npromenades qui n\u2019en finissaient pas dans la for\u00eat ; ces doux<br \/>\nmoments ne reviendront jamais. Lord Byron quand il rendait hommage<br \/>\n\u00e0 son chien disait qu\u2019il avait la beaut\u00e9 sans la vanit\u00e9, la force<br \/>\nsans l\u2019insolence, le courage sans la f\u00e9rocit\u00e9, toutes les vertus de<br \/>\nl\u2019homme sans ses vices\u2026 Ton regard enveloppant me manque<br \/>\nterriblement\u00a0\u00bb, avait-elle d\u00e9clar\u00e9.<\/p>\n","protected":false},"excerpt":{"rendered":"Ce samedi 14 juin, Corinne Touzet, qui va bient\u00f4t appara\u00eetre dans Demain nous appartient, \u00e9tait invit\u00e9e sur le&hellip;\n","protected":false},"author":2,"featured_media":180258,"comment_status":"","ping_status":"","sticky":false,"template":"","format":"standard","meta":{"footnotes":""},"categories":[1359],"tags":[548,20290,31384,58,59,1011,27,4467,973],"class_list":{"0":"post-180257","1":"post","2":"type-post","3":"status-publish","4":"format-standard","5":"has-post-thumbnail","7":"category-people","8":"tag-article-simple","9":"tag-aurelie-casse","10":"tag-corinne-touzet","11":"tag-divertissement","12":"tag-entertainment","13":"tag-fr","14":"tag-france","15":"tag-france-5","16":"tag-people"},"share_on_mastodon":{"url":"https:\/\/pubeurope.com\/@fr\/114691835448153979","error":""},"_links":{"self":[{"href":"https:\/\/www.europesays.com\/fr\/wp-json\/wp\/v2\/posts\/180257","targetHints":{"allow":["GET"]}}],"collection":[{"href":"https:\/\/www.europesays.com\/fr\/wp-json\/wp\/v2\/posts"}],"about":[{"href":"https:\/\/www.europesays.com\/fr\/wp-json\/wp\/v2\/types\/post"}],"author":[{"embeddable":true,"href":"https:\/\/www.europesays.com\/fr\/wp-json\/wp\/v2\/users\/2"}],"replies":[{"embeddable":true,"href":"https:\/\/www.europesays.com\/fr\/wp-json\/wp\/v2\/comments?post=180257"}],"version-history":[{"count":0,"href":"https:\/\/www.europesays.com\/fr\/wp-json\/wp\/v2\/posts\/180257\/revisions"}],"wp:featuredmedia":[{"embeddable":true,"href":"https:\/\/www.europesays.com\/fr\/wp-json\/wp\/v2\/media\/180258"}],"wp:attachment":[{"href":"https:\/\/www.europesays.com\/fr\/wp-json\/wp\/v2\/media?parent=180257"}],"wp:term":[{"taxonomy":"category","embeddable":true,"href":"https:\/\/www.europesays.com\/fr\/wp-json\/wp\/v2\/categories?post=180257"},{"taxonomy":"post_tag","embeddable":true,"href":"https:\/\/www.europesays.com\/fr\/wp-json\/wp\/v2\/tags?post=180257"}],"curies":[{"name":"wp","href":"https:\/\/api.w.org\/{rel}","templated":true}]}}