{"id":180259,"date":"2025-06-16T07:21:09","date_gmt":"2025-06-16T07:21:09","guid":{"rendered":"https:\/\/www.europesays.com\/fr\/180259\/"},"modified":"2025-06-16T07:21:09","modified_gmt":"2025-06-16T07:21:09","slug":"moral-des-professionnels-du-marche-de-lart-un-etat-des-lieux","status":"publish","type":"post","link":"https:\/\/www.europesays.com\/fr\/180259\/","title":{"rendered":"Moral des professionnels du march\u00e9 de l\u2019art\u00a0: un \u00e9tat des lieux"},"content":{"rendered":"<p>Alors que la foire Art Basel, la plus importante du circuit, ouvre cette semaine, quel regard portentles professionnels sur leur m\u00e9tier\u00a0? Le SML Art Market Talent Report\u00a02025\u00a0recense un accroissement des frustrations et t\u00e9moigne du\u00a0d\u00e9calage entre les aspirations des employ\u00e9s et les politiques d\u2019entreprise, affect\u00e9es par les turbulences \u00e9conomiques.<\/p>\n<p>\u00ab\u00a0Le monde de l\u2019art peine \u00e0 \u00e9voluer \u00e0 c\u00f4t\u00e9\u00a0d\u2019industries qui ont d\u00e9j\u00e0 adopt\u00e9 des modes de travail hybrides et des mod\u00e8les plus durables d\u2019\u00e9quilibre entre vie professionnelle et vie priv\u00e9e\u00a0\u00bb, constate le dernier rapport SML Art Market Talent Report, r\u00e9dig\u00e9 par le cabinet de recrutement sp\u00e9cialis\u00e9 dans le secteur de l\u2019art Sophie MacPherson, en partenariat avec le cabinet de recherche en march\u00e9 de l\u2019art ArtTactic. \u00ab\u00a0Au d\u00e9but de l\u2019ann\u00e9e\u00a02025, le paysage des talents du secteur de l\u2019art commercial est fa\u00e7onn\u00e9 par les changements l\u00e9gislatifs, les pressions \u00e9conomiques et les dynamiques changeantes du march\u00e9 (&#8230;) Ces facteurs ont entra\u00een\u00e9 des restructurations organisationnelles, affectant la r\u00e9tention des talents et la satisfaction au travail\u00a0\u00bb, analyse le texte. S\u2019appuyant sur des donn\u00e9es recueillies en 2023 et 2024, il concentre\u00a0les t\u00e9moignages de 1\u00a0590\u00a0personnes\u00a0r\u00e9sidant pour la plupart dans l\u2019Union europ\u00e9enne, au Royaume-Uni et aux \u00c9tats-Unis,\u00a0travaillant principalement dans des galeries d\u2019art, des foires, des cabinets de conseil,\u00a0des maisons de vente ou des entreprises de logistique. Sans surprise, la majorit\u00e9 des sond\u00e9s\u00a0\u2013 employeurs, employ\u00e9s ou ind\u00e9pendants \u2013 indiquent avoir \u00e9t\u00e9 affect\u00e9s par le ralentissement du\u00a0march\u00e9 de l\u2019art en 2024, examin\u00e9 par le <a href=\"https:\/\/www.lequotidiendelart.com\/articles\/27222-2024-le-march%C3%A9-de-l-art-recule-de-12.html\" target=\"_blank\" rel=\"noopener\">dernier rapport Art Basel UBS<\/a>. En s\u2019int\u00e9ressant \u00e0 un \u00e9ventail de facteurs pour mesurer la satisfaction des employ\u00e9s, du bien-\u00eatre au travail\u00a0aux perspectives d\u2019\u00e9volution, en passant par les avantages sociaux, le rapport SML d\u00e9montre que\u00a0le niveau de satisfaction des professionnels a baiss\u00e9 de 44,6\u00a0%\u00a0\u00e0 35,1\u00a0% en un an. La\u00a0r\u00e9mun\u00e9ration est la principale source d\u2019insatisfaction. Bien que les salaires aient l\u00e9g\u00e8rement augment\u00e9 en 2024 au Royaume-Uni (passant de 35\u00a0000 \u00e0 40\u00a0000\u00a0livres par an en moyenne, tous secteurs confondus),\u2026<\/p>\n","protected":false},"excerpt":{"rendered":"Alors que la foire Art Basel, la plus importante du circuit, ouvre cette semaine, quel regard portentles professionnels&hellip;\n","protected":false},"author":2,"featured_media":180260,"comment_status":"","ping_status":"","sticky":false,"template":"","format":"standard","meta":{"footnotes":""},"categories":[1358],"tags":[1348,1384,1385,31760,26897,1386,58,33,59,73,1011,27,7455,15498,31759,1397,5747,959,11254,364],"class_list":{"0":"post-180259","1":"post","2":"type-post","3":"status-publish","4":"format-standard","5":"has-post-thumbnail","7":"category-arts-et-design","8":"tag-arts","9":"tag-arts-and-design","10":"tag-arts-et-design","11":"tag-cabinets-de-consulting","12":"tag-collections-privees","13":"tag-design","14":"tag-divertissement","15":"tag-economie","16":"tag-entertainment","17":"tag-etats-unis","18":"tag-fr","19":"tag-france","20":"tag-galeries","21":"tag-inclusion","22":"tag-maisons-de-vente","23":"tag-marche-de-lart","24":"tag-rapport","25":"tag-recherche","26":"tag-salaires","27":"tag-union-europeenne"},"share_on_mastodon":{"url":"https:\/\/pubeurope.com\/@fr\/114691839360836840","error":""},"_links":{"self":[{"href":"https:\/\/www.europesays.com\/fr\/wp-json\/wp\/v2\/posts\/180259","targetHints":{"allow":["GET"]}}],"collection":[{"href":"https:\/\/www.europesays.com\/fr\/wp-json\/wp\/v2\/posts"}],"about":[{"href":"https:\/\/www.europesays.com\/fr\/wp-json\/wp\/v2\/types\/post"}],"author":[{"embeddable":true,"href":"https:\/\/www.europesays.com\/fr\/wp-json\/wp\/v2\/users\/2"}],"replies":[{"embeddable":true,"href":"https:\/\/www.europesays.com\/fr\/wp-json\/wp\/v2\/comments?post=180259"}],"version-history":[{"count":0,"href":"https:\/\/www.europesays.com\/fr\/wp-json\/wp\/v2\/posts\/180259\/revisions"}],"wp:featuredmedia":[{"embeddable":true,"href":"https:\/\/www.europesays.com\/fr\/wp-json\/wp\/v2\/media\/180260"}],"wp:attachment":[{"href":"https:\/\/www.europesays.com\/fr\/wp-json\/wp\/v2\/media?parent=180259"}],"wp:term":[{"taxonomy":"category","embeddable":true,"href":"https:\/\/www.europesays.com\/fr\/wp-json\/wp\/v2\/categories?post=180259"},{"taxonomy":"post_tag","embeddable":true,"href":"https:\/\/www.europesays.com\/fr\/wp-json\/wp\/v2\/tags?post=180259"}],"curies":[{"name":"wp","href":"https:\/\/api.w.org\/{rel}","templated":true}]}}