{"id":18026,"date":"2025-04-11T19:03:09","date_gmt":"2025-04-11T19:03:09","guid":{"rendered":"https:\/\/www.europesays.com\/fr\/18026\/"},"modified":"2025-04-11T19:03:09","modified_gmt":"2025-04-11T19:03:09","slug":"une-partie-du-peripherique-sera-fermee-a-la-circulation-tout-le-week-end-ce-quil-se-passe","status":"publish","type":"post","link":"https:\/\/www.europesays.com\/fr\/18026\/","title":{"rendered":"Une partie du p\u00e9riph\u00e9rique sera ferm\u00e9e \u00e0 la circulation tout le week-end : ce qu&rsquo;il se passe"},"content":{"rendered":"<p>            Par<br \/>\n        <strong><br \/>\n            <a href=\"https:\/\/actu.fr\/auteur\/mareva-laville-actu-fr\" title=\"Consulter tous les articles de Mar\u00e9va Laville\" target=\"_blank\" rel=\"noopener\">Mar\u00e9va Laville<\/a><br \/>\n        <\/strong><\/p>\n<p>        Publi\u00e9 le<\/p>\n<p>            11 avr. 2025 \u00e0 18h11        <\/p>\n<p>Avis aux automobilistes et motards\u2009: ce week-end s\u2019annonce compliqu\u00e9 pour circuler sur le <strong><a href=\"https:\/\/actu.fr\/tag\/peripherique-de-toulouse\" target=\"_blank\" rel=\"noopener\">p\u00e9riph\u00e9rique de Toulouse.<\/a><\/strong> Une partie du p\u00e9riph\u00e9rique va fermer <strong>d\u00e8s ce vendredi 11\u00a0avril 2025 jusqu\u2019\u00e0 lundi 14\u00a0avril matin<\/strong>. Contrairement aux travaux habituellement effectu\u00e9s sur les routes, ceux-l\u00e0 ne seront pas effectu\u00e9s qu\u2019une fois la nuit tomb\u00e9e.<\/p>\n<p>Jour et nuit, une section du p\u00e9riph\u00e9rique ferm\u00e9e<\/p>\n<p class=\" wall-content\">De jour comme de nuit, cette fois-ci, le chantier coupera la route dans le sens ext\u00e9rieur <strong>entre Rangueil et Lespinet<\/strong>. Soit un peu plus de 2\u00a0km totalement ferm\u00e9s \u00e0 la circulation pendant plus de 48\u00a0heures.<\/p>\n<p class=\" wall-content\">Les portes \u2013 ext\u00e9rieures \u2013 de cette section fermeront ce vendredi \u00e0 21\u00a0heures avant de rouvrir lundi \u00e0 5\u00a0heures du matin. Une op\u00e9ration r\u00e9it\u00e9r\u00e9e le week-end du 24 au 28\u00a0avril.<\/p>\n<p class=\" wall-content\">Un itin\u00e9raire de d\u00e9viation sera mis en place, via la route de Narbonne, qui permettra de contourner le p\u00e9riph\u00e9rique entre Le Palays et Rangueil, via Bordelongue.<\/p>\n<p>      <img   decoding=\"async\" loading=\"lazy\" src=\"https:\/\/www.europesays.com\/fr\/wp-content\/uploads\/2025\/04\/itineraire-deviation-960x640.png\" alt=\"Voici l'itin\u00e9raire de d\u00e9viation mis en place le temps du week-end du 11 avril soir au 14 avril matin, et des semaines de vacances scolaires la nuit.\" width=\"960\" height=\"640\"\/><br \/>\n    Voici l\u2019itin\u00e9raire de d\u00e9viation mis en place le temps du week-end du 11\u00a0avril soir au 14\u00a0avril matin, et des semaines de vacances scolaires la nuit. (\u00a9Capture d\u2019\u00e9cran\/ Pr\u00e9fecture \/ DIRSO)Un grand chantier sur le pont jardin<\/p>\n<p class=\" wall-content\">Mais pour quelle raison le p\u00e9riph\u00e9rique ext\u00e9rieur ferme-t-il\u2009? <a href=\"http:\/\/www.actu.fr\/toulouse\" target=\"_blank\" rel=\"noopener\">Actu Toulouse <\/a>vous en parlait le mois dernier\u2009: un vaste chantier a d\u00e9marr\u00e9 sur le <strong>pont jardin<\/strong> qui enjambe le p\u00e9riph\u00e9rique depuis les ann\u00e9es 70. Celui qui loge le<strong> parc du Sacr\u00e9 c\u0153ur<\/strong> a \u00e9t\u00e9 fragilis\u00e9 \u00e0 plusieurs reprises par des<a href=\"https:\/\/actu.fr\/occitanie\/toulouse_31555\/accident-toulouse-poids-lourd-percute-pont-bouchon-monstre-sur-peripherique_23362442.html\" target=\"_blank\" rel=\"noopener\"> collisions de camions<\/a>. Il doit donc faire l\u2019objet de r\u00e9parations. Le choc de 2022 ayant fragilis\u00e9 les pr\u00e9c\u00e9dentes op\u00e9rations.<\/p>\n<p>Vid\u00e9os : en ce moment sur Actu<\/p>\n<p class=\" wall-content\">La Dirso, le service de l\u2019\u00c9tat qui g\u00e8re cette portion du p\u00e9riph\u00e9rique, a donc d\u00e9cid\u00e9 de \u00ab<strong>\u2009remplacer compl\u00e8tement la partie de l\u2019ouvrage endommag\u00e9e<\/strong> par un nouvel \u00e9l\u00e9ment pr\u00e9fabriqu\u00e9 plus robuste\u2009\u00bb. Et c\u2019est son <strong>installation, par une grue,<\/strong> qui n\u00e9cessite la fermeture totale du p\u00e9riph\u00e9rique ext\u00e9rieur sur la portion Rangueil-Lespinet.<\/p>\n<p>Les poutres du pont d\u00e9log\u00e9es<\/p>\n<p class=\" wall-content\">Ce week-end du 11 au 14\u00a0avril, sp\u00e9cifiquement, les travaux consisteront \u00e0 d\u00e9poser et <strong>\u00e9vacuer deux poutres du pont<\/strong>.<\/p>\n<p>      <img   decoding=\"async\" loading=\"lazy\" src=\"https:\/\/www.europesays.com\/fr\/wp-content\/uploads\/2025\/04\/parc-sacre-coeur-toulouse-pont-peripherique-lf-960x640.jpg\" alt=\"Ce pont sur le p\u00e9riph\u00e9rique de Toulouse, qui supporte un parc public, va faire l'objet de travaux de r\u00e9novation, sur un secteur tr\u00e8s fr\u00e9quent\u00e9 de l'A64.\" width=\"960\" height=\"640\"\/><br \/>\n    Ce pont sur le p\u00e9riph\u00e9rique de Toulouse, qui supporte un parc public, va faire l\u2019objet de travaux de r\u00e9novation, sur un secteur tr\u00e8s fr\u00e9quent\u00e9 de l\u2019A64. (\u00a9actu.fr\/L.F.)<\/p>\n<p class=\" wall-content\">Le nouvel \u00e9l\u00e9ment pr\u00e9fabriqu\u00e9 en usine arrivera, quant \u00e0 lui, le deuxi\u00e8me week-end de fermeture. Entre-temps, c\u2019est-\u00e0-dire pendant les vacances scolaires, les voies de gauche du p\u00e9riph\u00e9rique, dans les deux sens, seront neutralis\u00e9es en journ\u00e9e, tandis que tout l\u2019ensemble de la section ext\u00e9rieure Lespinet-Rangueil fermera de nuit, entre 21\u00a0heures et 5\u00a0heures.<\/p>\n<p class=\" wall-content\">Des <strong>fermetures nocturnes ext\u00e9rieures et int\u00e9rieures r\u00e9it\u00e9r\u00e9es<\/strong> lors de la troisi\u00e8me semaine de mai, sur le p\u00e9riph\u00e9rique ext\u00e9rieur entre Lespinet et Rangueil mais aussi int\u00e9rieur entre le Palays et Rangueil.<\/p>\n<p class=\" wall-content\">La fin du chantier est pr\u00e9vue pour le 6\u00a0juin. Date o\u00f9 officiellement, le parc du Sacr\u00e9 c\u0153ur sera remis en \u00e9tat et le pont devrait \u00eatre hors de danger.<\/p>\n<p class=\" wall-content\">Suivez toute l\u2019actualit\u00e9 de vos villes et m\u00e9dias favoris en vous inscrivant \u00e0 <a href=\"https:\/\/moncompte.actu.fr\" title=\"D\u00e9couvez Mon Actu\" rel=\"nofollow noopener\" data-trk=\"{&quot;cta&quot;:{&quot;action&quot;:&quot;https:\\\/\\\/moncompte.actu.fr&quot;,&quot;category&quot;:&quot;mon compte&quot;,&quot;from&quot;:&quot;article footer&quot;,&quot;name&quot;:&quot;Mon actu&quot;,&quot;type&quot;:&quot;cta&quot;}}\" target=\"_blank\">Mon Actu<\/a>.<\/p>\n<ul class=\"ac-article-tag wall-content\">\n<li><a href=\"https:\/\/actu.fr\/tag\/peripherique-de-toulouse\" data-trk=\"{&quot;cta&quot;:{&quot;action&quot;:&quot;P\\u00e9riph\\u00e9rique de Toulouse&quot;,&quot;category&quot;:&quot;tag&quot;,&quot;from&quot;:&quot;article footer&quot;,&quot;name&quot;:&quot;P\\u00e9riph\\u00e9rique de Toulouse&quot;,&quot;type&quot;:&quot;cta&quot;}}\" target=\"_blank\" rel=\"noopener\">#P\u00e9riph\u00e9rique de Toulouse<\/a><\/li>\n<li><a href=\"https:\/\/actu.fr\/tag\/travaux\" data-trk=\"{&quot;cta&quot;:{&quot;action&quot;:&quot;Travaux&quot;,&quot;category&quot;:&quot;tag&quot;,&quot;from&quot;:&quot;article footer&quot;,&quot;name&quot;:&quot;Travaux&quot;,&quot;type&quot;:&quot;cta&quot;}}\" target=\"_blank\" rel=\"noopener\">#Travaux<\/a><\/li>\n<\/ul>\n","protected":false},"excerpt":{"rendered":"Par Mar\u00e9va Laville Publi\u00e9 le 11 avr. 2025 \u00e0 18h11 Avis aux automobilistes et motards\u2009: ce week-end s\u2019annonce&hellip;\n","protected":false},"author":2,"featured_media":18027,"comment_status":"","ping_status":"","sticky":false,"template":"","format":"standard","meta":{"footnotes":""},"categories":[2816],"tags":[1111,11,1777,674,1011,27,12,2680,4800,25,104,2312,2086],"class_list":{"0":"post-18026","1":"post","2":"type-post","3":"status-publish","4":"format-standard","5":"has-post-thumbnail","7":"category-toulouse","8":"tag-actu","9":"tag-actualites","10":"tag-eu","11":"tag-europe","12":"tag-fr","13":"tag-france","14":"tag-news","15":"tag-occitanie","16":"tag-peripherique-de-toulouse","17":"tag-republique-francaise","18":"tag-societe","19":"tag-toulouse","20":"tag-travaux"},"share_on_mastodon":{"url":"https:\/\/pubeurope.com\/@fr\/114320887325863836","error":""},"_links":{"self":[{"href":"https:\/\/www.europesays.com\/fr\/wp-json\/wp\/v2\/posts\/18026","targetHints":{"allow":["GET"]}}],"collection":[{"href":"https:\/\/www.europesays.com\/fr\/wp-json\/wp\/v2\/posts"}],"about":[{"href":"https:\/\/www.europesays.com\/fr\/wp-json\/wp\/v2\/types\/post"}],"author":[{"embeddable":true,"href":"https:\/\/www.europesays.com\/fr\/wp-json\/wp\/v2\/users\/2"}],"replies":[{"embeddable":true,"href":"https:\/\/www.europesays.com\/fr\/wp-json\/wp\/v2\/comments?post=18026"}],"version-history":[{"count":0,"href":"https:\/\/www.europesays.com\/fr\/wp-json\/wp\/v2\/posts\/18026\/revisions"}],"wp:featuredmedia":[{"embeddable":true,"href":"https:\/\/www.europesays.com\/fr\/wp-json\/wp\/v2\/media\/18027"}],"wp:attachment":[{"href":"https:\/\/www.europesays.com\/fr\/wp-json\/wp\/v2\/media?parent=18026"}],"wp:term":[{"taxonomy":"category","embeddable":true,"href":"https:\/\/www.europesays.com\/fr\/wp-json\/wp\/v2\/categories?post=18026"},{"taxonomy":"post_tag","embeddable":true,"href":"https:\/\/www.europesays.com\/fr\/wp-json\/wp\/v2\/tags?post=18026"}],"curies":[{"name":"wp","href":"https:\/\/api.w.org\/{rel}","templated":true}]}}