{"id":180273,"date":"2025-06-16T07:28:09","date_gmt":"2025-06-16T07:28:09","guid":{"rendered":"https:\/\/www.europesays.com\/fr\/180273\/"},"modified":"2025-06-16T07:28:09","modified_gmt":"2025-06-16T07:28:09","slug":"jamel-debbouze-au-plus-mal","status":"publish","type":"post","link":"https:\/\/www.europesays.com\/fr\/180273\/","title":{"rendered":"Jamel Debbouze au plus mal"},"content":{"rendered":"<p>Quatre ans apr\u00e8s la disparition de son p\u00e8re, <a href=\"https:\/\/www.public.fr\/tag\/jamel-debbouze\" target=\"_blank\" rel=\"noopener\">Jamel Debbouze<\/a> n&rsquo;a rien oubli\u00e9. Ce dimanche 15 juin 2025, \u00e0 l&rsquo;occasion de la f\u00eate des P\u00e8res, l&rsquo;humoriste a partag\u00e9 sur <a href=\"https:\/\/www.instagram.com\/jameldebbouze\/\" target=\"_blank\" rel=\"noreferrer noopener\">Instagram<\/a> <strong>un message poignant en hommage \u00e0 Ahmed Touzani<\/strong>, <a href=\"https:\/\/www.public.fr\/diaporamas\/jamel-debbouze-en-deuil-son-pere-decede-des-suites-d-une-maladie-fulgurante-l-humoriste-se-rend-en-urgence-a-marrakech\" target=\"_blank\" rel=\"noopener\">d\u00e9c\u00e9d\u00e9 le 14 mars 2021 dans une clinique de Marrakech<\/a>, \u00e0 l&rsquo;\u00e2ge de 71 ans.<\/p>\n<p>En story, l&rsquo;\u00e9poux de <a href=\"https:\/\/www.public.fr\/tag\/melissa-theuriau\" target=\"_blank\" rel=\"noopener\">M\u00e9lissa Theuriau<\/a> a publi\u00e9 <strong>une photo pleine de tendresse<\/strong> sur laquelle nous pouvons apercevoir ses deux parents, tout sourire, rayonnants. Aucune l\u00e9gende, aucun mot. Juste quelques \u00e9mojis simples, mais charg\u00e9s de sens. Une mani\u00e8re de faire revivre, l&rsquo;espace d&rsquo;un instant, <strong>le souvenir d&rsquo;un p\u00e8re aim\u00e9, admir\u00e9, et toujours pr\u00e9sent dans son c\u0153ur.<\/strong><\/p>\n<p>Jamel Debbouze \u00e0 c\u0153ur ouvert sur sa relation avec son p\u00e8re<\/p>\n<p>Rappelons en effet que la disparition d&rsquo;Ahmed Touzani avait profond\u00e9ment boulevers\u00e9 Jamel Debbouze, tr\u00e8s attach\u00e9 \u00e0 ses parents. En 2018, dans l&rsquo;\u00e9mission Sept \u00e0 Huit, il avait d&rsquo;ailleurs \u00e9voqu\u00e9 la figure discr\u00e8te de son paternel, qu&rsquo;il admirait profond\u00e9ment. <\/p>\n<p>\u00ab\u00a0<strong>Il nous aimait \u00e0 sa mani\u00e8re,\u00a0avec sa fa\u00e7on \u00e0 lui.\u00a0Mon p\u00e8re est n\u00e9 dans une \u00e9table comme J\u00e9sus,\u00a0avec de la paille et des ch\u00e8vres autour de lui, alors forc\u00e9ment\u00a0c\u2019est un monde qui nous s\u00e9pare.\u00a0Il a fait avec ce qu\u2019il a pu,\u00a0il a \u00e9t\u00e9 d\u00e9racin\u00e9 de son pays\u00a0d\u2019origine, de ses amis et sa famille.\u00a0Il a fait un sacrifice que je n\u2019aurais pas fait pour les miens\u2026<\/strong>\u00ab\u00a0, s&rsquo;\u00e9tait-il souvenu. <\/p>\n<p>Et d&rsquo;ajouter : \u00ab\u00a0Aujourd&rsquo;hui\u00a0je suis tr\u00e8s impressionn\u00e9, tr\u00e8s respectueux de l&rsquo;homme qu&rsquo;il est,\u00a0je lui dis et je l&rsquo;exprime mieux. On est de plus en plus bavards !\u00a0\u00bb<\/p>\n<p>L&rsquo;humoriste bien entour\u00e9<\/p>\n<p>Interrog\u00e9 sur la relation qu&rsquo;il entretenait avec son p\u00e8re, Jamel Debbouze avait esquiv\u00e9 les grandes d\u00e9clarations avec humour, confiant qu&rsquo;<strong>ils ne se disaient pas facilement \u00ab\u00a0je t&rsquo;aime\u00a0\u00bb<\/strong>. \u00ab\u00a0Faut pas d\u00e9conner, charrie pas !\u00a0\u00bb, avait-il lanc\u00e9 lors de son entretien avec nos confr\u00e8res. <\/p>\n<p>Un lien pudique, \u00e0 l&rsquo;image d&rsquo;Ahmed Touzani, qui, en revanche, n&rsquo;h\u00e9sitait pas \u00e0 exprimer sa tendresse \u00e0 ses petits-enfants, L\u00e9on et Lila. <\/p>\n<p>Aujourd&rsquo;hui, l&rsquo;humoriste peut s&rsquo;appuyer sur cette famille unie pour traverser le chagrin. <\/p>\n<p>      Mentionn\u00e9s dans cet article<\/p>\n<p>\u00c0 lire aussi<\/p>\n<p><script async src=\"\/\/www.instagram.com\/embed.js\"><\/script><\/p>\n","protected":false},"excerpt":{"rendered":"Quatre ans apr\u00e8s la disparition de son p\u00e8re, Jamel Debbouze n&rsquo;a rien oubli\u00e9. Ce dimanche 15 juin 2025,&hellip;\n","protected":false},"author":2,"featured_media":180274,"comment_status":"","ping_status":"","sticky":false,"template":"","format":"standard","meta":{"footnotes":""},"categories":[8],"tags":[58,59,1011,27,4879,8585],"class_list":{"0":"post-180273","1":"post","2":"type-post","3":"status-publish","4":"format-standard","5":"has-post-thumbnail","7":"category-divertissement","8":"tag-divertissement","9":"tag-entertainment","10":"tag-fr","11":"tag-france","12":"tag-hommage","13":"tag-jamel-debbouze"},"share_on_mastodon":{"url":"https:\/\/pubeurope.com\/@fr\/114691867100165092","error":""},"_links":{"self":[{"href":"https:\/\/www.europesays.com\/fr\/wp-json\/wp\/v2\/posts\/180273","targetHints":{"allow":["GET"]}}],"collection":[{"href":"https:\/\/www.europesays.com\/fr\/wp-json\/wp\/v2\/posts"}],"about":[{"href":"https:\/\/www.europesays.com\/fr\/wp-json\/wp\/v2\/types\/post"}],"author":[{"embeddable":true,"href":"https:\/\/www.europesays.com\/fr\/wp-json\/wp\/v2\/users\/2"}],"replies":[{"embeddable":true,"href":"https:\/\/www.europesays.com\/fr\/wp-json\/wp\/v2\/comments?post=180273"}],"version-history":[{"count":0,"href":"https:\/\/www.europesays.com\/fr\/wp-json\/wp\/v2\/posts\/180273\/revisions"}],"wp:featuredmedia":[{"embeddable":true,"href":"https:\/\/www.europesays.com\/fr\/wp-json\/wp\/v2\/media\/180274"}],"wp:attachment":[{"href":"https:\/\/www.europesays.com\/fr\/wp-json\/wp\/v2\/media?parent=180273"}],"wp:term":[{"taxonomy":"category","embeddable":true,"href":"https:\/\/www.europesays.com\/fr\/wp-json\/wp\/v2\/categories?post=180273"},{"taxonomy":"post_tag","embeddable":true,"href":"https:\/\/www.europesays.com\/fr\/wp-json\/wp\/v2\/tags?post=180273"}],"curies":[{"name":"wp","href":"https:\/\/api.w.org\/{rel}","templated":true}]}}