{"id":180279,"date":"2025-06-16T07:31:09","date_gmt":"2025-06-16T07:31:09","guid":{"rendered":"https:\/\/www.europesays.com\/fr\/180279\/"},"modified":"2025-06-16T07:31:09","modified_gmt":"2025-06-16T07:31:09","slug":"chasse-a-lhomme-suspect-arrete-le-point-sur-le-meurtre-dune-elue-democrate-du-minnesota","status":"publish","type":"post","link":"https:\/\/www.europesays.com\/fr\/180279\/","title":{"rendered":"Chasse \u00e0 l\u2019homme, suspect arr\u00eat\u00e9\u2026 Le point sur le meurtre d\u2019une \u00e9lue d\u00e9mocrate du Minnesota"},"content":{"rendered":"<p> \u00abApr\u00e8s deux jours de chasse \u00e0 l\u2019homme et deux nuits blanches, les forces de l\u2019ordre ont interpell\u00e9 Vance Boelter\u00a0\u00bb, a annonc\u00e9 le gouverneur du Minnesota <a href=\"https:\/\/www.20minutes.fr\/monde\/tim-walz\/\" class=\"color-ultramarine c-link\" target=\"_blank\" rel=\"noopener\">Tim Walz<\/a> lors d\u2019une conf\u00e9rence de presse. L\u2019homme en fuite, accus\u00e9 d\u2019avoir <a href=\"https:\/\/www.20minutes.fr\/monde\/etats-unis\/4158532-20250614-etats-unis-acte-violence-politique-reagit-gouverneur-tim-walz-apres-meurtre-elue-locale\" class=\"color-ultramarine c-link\" target=\"_blank\" rel=\"noopener\">assassin\u00e9 une \u00e9lue locale<\/a> et tent\u00e9 d\u2019en tuer un autre, a \u00e9t\u00e9 arr\u00eat\u00e9 dimanche soir dans une zone rurale du Minnesota, un Etat du nord des <a href=\"https:\/\/www.20minutes.fr\/monde\/etats-unis\/\" class=\"color-ultramarine c-link\" target=\"_blank\" rel=\"noopener\">Etats-Unis<\/a>.<\/p>\n<p>Cette double attaque sur deux responsables d\u00e9mocrates a choqu\u00e9 la classe politique de cet Etat plut\u00f4t tranquille et provoqu\u00e9 la stupeur chez les \u00e9lus \u00e0 travers le pays, englu\u00e9 dans une atmosph\u00e8re politique tendue. Des centaines de policiers \u00e9taient depuis samedi matin \u00e0 la recherche de Vance Boelter, accus\u00e9 de s\u2019\u00eatre d\u00e9guis\u00e9 en policier pour tuer, \u00e0 leurs domiciles respectifs de la banlieue de Minneapolis, Melissa Hortman et son \u00e9poux, ainsi que d\u2019avoir gravement bless\u00e9 un autre \u00e9lu, John Hoffman, ainsi que sa femme.<\/p>\n<p>Arr\u00eat\u00e9 \u00ab\u00a0sans l\u2019usage de la force\u00a0\u00bb<\/p>\n<p>M\u00eame s\u2019il \u00e9tait arm\u00e9, il a \u00e9t\u00e9 arr\u00eat\u00e9 \u00ab\u00a0sans l\u2019usage de la force\u00a0\u00bb, a d\u00e9clar\u00e9 Jeremy Geiger, un colonel de la police du Minnesota. Sa cavale a pris fin dimanche soir dans la localit\u00e9 de Green Isle, \u00e0 plus d\u2019une heure \u00e0 l\u2019ouest de Minneapolis, ont pr\u00e9cis\u00e9 les autorit\u00e9s \u00e0 la presse, ajoutant qu\u2019il \u00e9tait en cours d\u2019interrogatoire.<\/p>\n<p>Une voiture li\u00e9e \u00e0 cet homme, consid\u00e9r\u00e9 comme \u00ab\u00a0arm\u00e9 et dangereux\u00a0\u00bb, avait \u00e9t\u00e9 retrouv\u00e9e dimanche midi dans cette zone, et une centaine de policiers, ainsi que des moyens a\u00e9riens, \u00e9taient \u00e0 ses trousses. \u00ab\u00a0Il n\u2019y a aucun doute qu\u2019il s\u2019agissait l\u00e0 de la plus grande chasse \u00e0 l\u2019homme\u00a0\u00bb de l\u2019histoire du Minnesota, a dit \u00e0 la presse Mark Bruley, le chef de la <a href=\"https:\/\/www.20minutes.fr\/dossier\/police\" class=\"color-ultramarine c-link\" target=\"_blank\" rel=\"noopener\">police<\/a> de Brooklyn Park, la ville de la banlieue de Minneapolis o\u00f9 ont \u00e9t\u00e9 tu\u00e9s Melissa Hortman et son \u00e9poux.<\/p>\n<p>Le s\u00e9nateur local John Hoffman, gravement bless\u00e9 par neuf balles et op\u00e9r\u00e9 \u00e0 de multiples reprises durant le week-end, \u00ab\u00a0avance vers la gu\u00e9rison\u00a0\u00bb, a ajout\u00e9 Tim Walz dimanche soir.<\/p>\n<\/p>\n<p>Le gouverneur, ancien colistier de <a href=\"https:\/\/www.20minutes.fr\/politique\/kamala-harris\/\" class=\"color-ultramarine c-link\" target=\"_blank\" rel=\"noopener\">Kamala Harris<\/a> \u00e0 la derni\u00e8re \u00e9lection pr\u00e9sidentielle, a appel\u00e9 \u00e0 ce que \u00ab\u00a0cet acte odieux\u00a0\u00bb ne \u00ab\u00a0devienne pas la norme\u00a0\u00bb. \u00ab\u00a0Cela ne peut pas \u00eatre la mani\u00e8re de r\u00e9gler nos diff\u00e9rences politiques\u00a0\u00bb, a ajout\u00e9 le d\u00e9mocrate, qui connaissait bien Melissa Hortman. Un carnet contenant une liste d\u2019\u00e9lus, dont les deux vis\u00e9s et d\u2019autres figures politique de l\u2019Etat, a \u00e9t\u00e9 retrouv\u00e9 \u00e0 l\u2019int\u00e9rieur du v\u00e9hicule.<\/p>\n<p>\u00ab\u00a0Lien avec l\u2019avortement\u00a0\u00bb<\/p>\n<p>La s\u00e9natrice Amy Klobuchar s\u2019\u00e9tait dite dimanche \u00ab\u00a0inqui\u00e8te pour tous nos responsables politiques\u00a0\u00bb apr\u00e8s cette attaque. \u00ab\u00a0Il y avait un lien avec l\u2019avortement, en raison des groupes\u00a0\u00bb pr\u00e9sents sur la liste \u2013 dont des cliniques pour IVG selon les m\u00e9dias \u2013 retrouv\u00e9e dans la voiture du suspect, a-t-elle ajout\u00e9 dans un entretien avec la cha\u00eene NBC.<\/p>\n<p>Melissa Hortman, 55 ans et m\u00e8re de deux enfants, \u00e9tait une ancienne pr\u00e9sidente de la Chambre des repr\u00e9sentants du Minnesota. Elle avait fait de la protection du droit \u00e0 l\u2019<a href=\"https:\/\/www.20minutes.fr\/dossier\/ivg\" class=\"color-ultramarine c-link\" target=\"_blank\" rel=\"noopener\">IVG<\/a> sa grande priorit\u00e9. \u00ab\u00a0Il nous faut baisser la tension\u00a0\u00bb politique, a insist\u00e9 Amy Klobuchar sur CNN.<\/p>\n<p>Cette attaque est intervenue dans une Am\u00e9rique toujours plus fractur\u00e9e, entre d\u00e9ploiement de soldats \u00e0 <a href=\"https:\/\/www.20minutes.fr\/dossier\/los_angeles\" class=\"color-ultramarine c-link\" target=\"_blank\" rel=\"noopener\">Los Angeles<\/a> pour r\u00e9primer les manifestations, parade militaire voulue par <a href=\"https:\/\/www.20minutes.fr\/dossier\/donald_trump\" class=\"color-ultramarine c-link\" target=\"_blank\" rel=\"noopener\">Donald Trump<\/a> \u00e0 Washington et rassemblements contre lui \u00e0 travers le pays. L\u2019actuel pr\u00e9sident a lui-m\u00eame \u00e9chapp\u00e9 \u00e0 deux tentatives d\u2019assassinat pendant sa campagne, dont une en plein meeting en juillet dernier en <a href=\"https:\/\/www.20minutes.fr\/dossier\/pennsylvanie\" class=\"color-ultramarine c-link\" target=\"_blank\" rel=\"noopener\">Pennsylvanie<\/a>.<\/p>\n<p>Interrog\u00e9 dimanche matin par une journaliste de ABC sur la situation au Minnesota et s\u2019il comptait appeler Tim Walz, ancien adversaire politique, Donald Trump a r\u00e9pondu ainsi\u00a0: \u00ab\u00a0C\u2019est terrible. Je pense qu\u2019il est un tr\u00e8s mauvais gouverneur, quelqu\u2019un de compl\u00e8tement incomp\u00e9tent. Mais je pourrais l\u2019appeler, comme je pourrais appeler d\u2019autres gens\u00a0\u00bb.<\/p>\n","protected":false},"excerpt":{"rendered":"\u00abApr\u00e8s deux jours de chasse \u00e0 l\u2019homme et deux nuits blanches, les forces de l\u2019ordre ont interpell\u00e9 Vance&hellip;\n","protected":false},"author":2,"featured_media":180280,"comment_status":"","ping_status":"","sticky":false,"template":"","format":"standard","meta":{"footnotes":""},"categories":[5],"tags":[47,11,75,1067,73,1011,27,2683,14,7085,777,74,12,31218,28],"class_list":{"0":"post-180279","1":"post","2":"type-post","3":"status-publish","4":"format-standard","5":"has-post-thumbnail","7":"category-international","8":"tag-actualite","9":"tag-actualites","10":"tag-donald-trump","11":"tag-enquete","12":"tag-etats-unis","13":"tag-fr","14":"tag-france","15":"tag-homicide","16":"tag-international","17":"tag-ivg","18":"tag-meurtre","19":"tag-monde","20":"tag-news","21":"tag-tim-walz","22":"tag-world"},"share_on_mastodon":{"url":"https:\/\/pubeurope.com\/@fr\/114691878621392870","error":""},"_links":{"self":[{"href":"https:\/\/www.europesays.com\/fr\/wp-json\/wp\/v2\/posts\/180279","targetHints":{"allow":["GET"]}}],"collection":[{"href":"https:\/\/www.europesays.com\/fr\/wp-json\/wp\/v2\/posts"}],"about":[{"href":"https:\/\/www.europesays.com\/fr\/wp-json\/wp\/v2\/types\/post"}],"author":[{"embeddable":true,"href":"https:\/\/www.europesays.com\/fr\/wp-json\/wp\/v2\/users\/2"}],"replies":[{"embeddable":true,"href":"https:\/\/www.europesays.com\/fr\/wp-json\/wp\/v2\/comments?post=180279"}],"version-history":[{"count":0,"href":"https:\/\/www.europesays.com\/fr\/wp-json\/wp\/v2\/posts\/180279\/revisions"}],"wp:featuredmedia":[{"embeddable":true,"href":"https:\/\/www.europesays.com\/fr\/wp-json\/wp\/v2\/media\/180280"}],"wp:attachment":[{"href":"https:\/\/www.europesays.com\/fr\/wp-json\/wp\/v2\/media?parent=180279"}],"wp:term":[{"taxonomy":"category","embeddable":true,"href":"https:\/\/www.europesays.com\/fr\/wp-json\/wp\/v2\/categories?post=180279"},{"taxonomy":"post_tag","embeddable":true,"href":"https:\/\/www.europesays.com\/fr\/wp-json\/wp\/v2\/tags?post=180279"}],"curies":[{"name":"wp","href":"https:\/\/api.w.org\/{rel}","templated":true}]}}