{"id":180281,"date":"2025-06-16T07:32:09","date_gmt":"2025-06-16T07:32:09","guid":{"rendered":"https:\/\/www.europesays.com\/fr\/180281\/"},"modified":"2025-06-16T07:32:09","modified_gmt":"2025-06-16T07:32:09","slug":"bac-2025-philo-le-sujet-et-le-corrige-de-lepreuve-du-lundi-16-juin","status":"publish","type":"post","link":"https:\/\/www.europesays.com\/fr\/180281\/","title":{"rendered":"Bac 2025 &#8211; philo\u00a0: Le sujet et le corrig\u00e9 de l\u2019\u00e9preuve du lundi 16\u00a0juin"},"content":{"rendered":"<p>Ah\u2026 la <a href=\"https:\/\/www.20minutes.fr\/dossier\/philosophie\" class=\"color-ultramarine c-link\" target=\"_blank\" rel=\"noopener\">philosophie<\/a>\u2026 Exaltante pour les uns, terrifiante pour les autres, elle reste en tout cas incontournable. En partenariat avec Studyrama, nous vous proposons de d\u00e9couvrir les sujets et corrig\u00e9s d\u00e8s leur publication (cet article sera mis \u00e0 jour en milieu de matin\u00e9e).<\/p>\n<p>En attendant, souvenons-nous de\u00a02024\u2026 L\u2019an dernier, les <a href=\"https:\/\/www.20minutes.fr\/dossier\/lyceen\" class=\"color-ultramarine c-link\" target=\"_blank\" rel=\"noopener\">lyc\u00e9ens<\/a> qui ont opt\u00e9 pour la dissertation ont \u00e9t\u00e9 confront\u00e9s \u00e0 deux sujets certes \u00e9pineux, mais totalement d\u2019actualit\u00e9\u00a0:<\/p>\n<ul>\n<li>La science peut-elle satisfaire notre besoin de v\u00e9rit\u00e9\u00a0?<\/li>\n<li>L\u2019\u00c9tat nous doit-il quelque chose\u00a0?<\/li>\n<\/ul>\n<p>Quant \u00e0 ceux qui ont pr\u00e9f\u00e9r\u00e9 l\u2019\u00e9tude de texte, ils ont d\u00fb se frotter \u00e0 un extrait de La condition ouvri\u00e8re de Simone Weil, auteure exigeante s\u2019il en fut (mais \u00e0 ne pas confondre avec la femme politique <a href=\"https:\/\/www.20minutes.fr\/dossier\/simone_veil\" class=\"color-ultramarine c-link\" target=\"_blank\" rel=\"noopener\">Simone Veil<\/a>, une erreur malheureusement <a href=\"https:\/\/www.20minutes.fr\/societe\/4096786-20240618-bac-2024-eleves-confondu-simone-weil-simone-veil\" class=\"color-ultramarine c-link\" target=\"_blank\" rel=\"noopener\">commise par certains candidats<\/a>).<\/p>\n<p>Les sujets philo 2025Les corrig\u00e9s<\/p>\n<p>Retrouvez l\u2019ensemble des sujets et des corrig\u00e9s sur <a href=\"https:\/\/www.studyrama.com\/\" target=\"_blank\" class=\"color-ultramarine c-link\" rel=\"noopener\">Studyrama<\/a>.<\/p>\n","protected":false},"excerpt":{"rendered":"Ah\u2026 la philosophie\u2026 Exaltante pour les uns, terrifiante pour les autres, elle reste en tout cas incontournable. En&hellip;\n","protected":false},"author":2,"featured_media":180282,"comment_status":"","ping_status":"","sticky":false,"template":"","format":"standard","meta":{"footnotes":""},"categories":[4],"tags":[47,11,31761,1057,1126,5061,1011,27,2633,16446,5759,12,2195,25,104],"class_list":{"0":"post-180281","1":"post","2":"type-post","3":"status-publish","4":"format-standard","5":"has-post-thumbnail","7":"category-france","8":"tag-actualite","9":"tag-actualites","10":"tag-bac-baccalaureat","11":"tag-education","12":"tag-education-nationale","13":"tag-examen","14":"tag-fr","15":"tag-france","16":"tag-lycee","17":"tag-lyceen","18":"tag-ministere-de-leducation-nationale","19":"tag-news","20":"tag-philosophie","21":"tag-republique-francaise","22":"tag-societe"},"share_on_mastodon":{"url":"","error":""},"_links":{"self":[{"href":"https:\/\/www.europesays.com\/fr\/wp-json\/wp\/v2\/posts\/180281","targetHints":{"allow":["GET"]}}],"collection":[{"href":"https:\/\/www.europesays.com\/fr\/wp-json\/wp\/v2\/posts"}],"about":[{"href":"https:\/\/www.europesays.com\/fr\/wp-json\/wp\/v2\/types\/post"}],"author":[{"embeddable":true,"href":"https:\/\/www.europesays.com\/fr\/wp-json\/wp\/v2\/users\/2"}],"replies":[{"embeddable":true,"href":"https:\/\/www.europesays.com\/fr\/wp-json\/wp\/v2\/comments?post=180281"}],"version-history":[{"count":0,"href":"https:\/\/www.europesays.com\/fr\/wp-json\/wp\/v2\/posts\/180281\/revisions"}],"wp:featuredmedia":[{"embeddable":true,"href":"https:\/\/www.europesays.com\/fr\/wp-json\/wp\/v2\/media\/180282"}],"wp:attachment":[{"href":"https:\/\/www.europesays.com\/fr\/wp-json\/wp\/v2\/media?parent=180281"}],"wp:term":[{"taxonomy":"category","embeddable":true,"href":"https:\/\/www.europesays.com\/fr\/wp-json\/wp\/v2\/categories?post=180281"},{"taxonomy":"post_tag","embeddable":true,"href":"https:\/\/www.europesays.com\/fr\/wp-json\/wp\/v2\/tags?post=180281"}],"curies":[{"name":"wp","href":"https:\/\/api.w.org\/{rel}","templated":true}]}}