{"id":180283,"date":"2025-06-16T07:33:09","date_gmt":"2025-06-16T07:33:09","guid":{"rendered":"https:\/\/www.europesays.com\/fr\/180283\/"},"modified":"2025-06-16T07:33:09","modified_gmt":"2025-06-16T07:33:09","slug":"le-suspect-du-meurtre-dune-elue-democrate-dans-le-minnesota-arrete-liberation","status":"publish","type":"post","link":"https:\/\/www.europesays.com\/fr\/180283\/","title":{"rendered":"le suspect du meurtre d\u2019une \u00e9lue d\u00e9mocrate dans le Minnesota arr\u00eat\u00e9 \u2013 Lib\u00e9ration"},"content":{"rendered":"<p class=\"sc-ksZaOG ehjQrN text-element\">C\u2019est la fin <a href=\"https:\/\/www.liberation.fr\/international\/amerique\/un-acte-de-violence-politique-aux-etats-unis-deux-elus-democrates-se-font-tirer-dessus-a-leurs-domiciles-20250614_6NNCEJJUCZBPTL5KG4HU7XN7HQ\/\" target=\"_blank\" rel=\"nofollow noopener\" title=\"https:\/\/www.liberation.fr\/international\/amerique\/un-acte-de-violence-politique-aux-etats-unis-deux-elus-democrates-se-font-tirer-dessus-a-leurs-domiciles-20250614_6NNCEJJUCZBPTL5KG4HU7XN7HQ\/\">d\u2019une cavale de deux jours<\/a> pour un double meurtre politique. L\u2019information a d\u2019abord \u00e9t\u00e9 donn\u00e9e par le New York Times et la cha\u00eene CBS News, puis confirm\u00e9e par les autorit\u00e9s locales : Vance Boelter, 57 ans, a \u00e9t\u00e9 captur\u00e9 vivant dans une zone rurale o\u00f9 une vaste op\u00e9ration de recherches a eu lieu dimanche. Il est accus\u00e9 d\u2019avoir tu\u00e9 la d\u00e9put\u00e9e \u00e0 la Chambre des repr\u00e9sentants de cet Etat du Minnesota Melissa Hortman et son \u00e9poux samedi au petit matin, ainsi que d\u2019avoir gravement bless\u00e9 un autre \u00e9lu de la banlieue de Minneapolis, John Hoffman, et sa femme.<\/p>\n<p class=\"sc-ksZaOG ehjQrN text-element\">\u00abLe suspect a \u00e9t\u00e9 arr\u00eat\u00e9 sans l\u2019usage de la force\u00bb, a d\u00e9clar\u00e9 lors d\u2019une conf\u00e9rence de presse autour de 22 h 30 heure locale (5 h 30 ce lundi matin \u00e0 Paris) Jeremy Geiger, un colonel de la police du Minnesota. Il a pr\u00e9cis\u00e9 que l\u2019interpellation s\u2019est faite dans la localit\u00e9 de Green Isle, \u00e0 plus d\u2019une heure \u00e0 l\u2019ouest de Minneapolis, apr\u00e8s plus de quarante heures de chasse \u00e0 l\u2019homme.<\/p>\n<p class=\"sc-ksZaOG ehjQrN text-element\">Plus t\u00f4t dans la journ\u00e9e de dimanche, les enqu\u00eateurs avaient retrouv\u00e9 dans la m\u00eame zone la voiture du suspect, avec des \u00e9l\u00e9ments accablants : une liste d\u2019environ 70 potentielles cibles, incluant des \u00e9lus d\u00e9mocrates du Minnesota dont <a href=\"https:\/\/www.liberation.fr\/international\/amerique\/etats-unis-tim-walz-choisi-comme-colistier-par-kamala-harris-20240806_5DMNE4GSFFBYZAE3XGKSKCZLQE\/\" target=\"_blank\" rel=\"nofollow noopener\" title=\"https:\/\/www.liberation.fr\/international\/amerique\/etats-unis-tim-walz-choisi-comme-colistier-par-kamala-harris-20240806_5DMNE4GSFFBYZAE3XGKSKCZLQE\/\">Tim Walz, le gouverneur et ancien colistier de Kamala Harris<\/a>, et des professionnels de sant\u00e9, tous engag\u00e9s en faveur du droit \u00e0 l\u2019avortement. Ils ont \u00e9galement trouv\u00e9 des tracts mentionnant <a href=\"https:\/\/www.liberation.fr\/international\/amerique\/il-faut-imposer-des-limites-a-trump-aux-etats-unis-une-premiere-mobilisation-nationale-dampleur-contre-la-derive-autocratique-20250615_54NWHZMRJJCQ5AO5QHOJKFKSRM\/\" target=\"_blank\" rel=\"nofollow noopener\" title=\"https:\/\/www.liberation.fr\/international\/amerique\/il-faut-imposer-des-limites-a-trump-aux-etats-unis-une-premiere-mobilisation-nationale-dampleur-contre-la-derive-autocratique-20250615_54NWHZMRJJCQ5AO5QHOJKFKSRM\/\">les manifestations d\u2019ampleur organis\u00e9es <\/a><a href=\"https:\/\/www.liberation.fr\/international\/amerique\/il-faut-imposer-des-limites-a-trump-aux-etats-unis-une-premiere-mobilisation-nationale-dampleur-contre-la-derive-autocratique-20250615_54NWHZMRJJCQ5AO5QHOJKFKSRM\/\" target=\"_blank\" rel=\"nofollow noopener\" title=\"https:\/\/www.liberation.fr\/international\/amerique\/il-faut-imposer-des-limites-a-trump-aux-etats-unis-une-premiere-mobilisation-nationale-dampleur-contre-la-derive-autocratique-20250615_54NWHZMRJJCQ5AO5QHOJKFKSRM\/\">samedi contre Donald Trump<\/a>.<\/p>\n<p class=\"sc-ksZaOG ehjQrN text-element\">Melissa Hortman, 55 ans et m\u00e8re de deux enfants, \u00e9tait une ancienne pr\u00e9sidente de la Chambre des repr\u00e9sentants du Minnesota. Elle avait fait de la protection du droit \u00e0 l\u2019IVG sa grande priorit\u00e9.<\/p>\n<p class=\"sc-ksZaOG ehjQrN text-element\">\u00abIl n\u2019y a aucun doute qu\u2019il s\u2019agissait l\u00e0 de la plus grande chasse \u00e0 l\u2019homme\u00bb de l\u2019histoire du Minnesota, a dit \u00e0 la presse Mark Bruley, le chef de la police de Brooklyn Park, la ville de la banlieue de Minneapolis o\u00f9 ont \u00e9t\u00e9 tu\u00e9s Melissa Hortman et son \u00e9poux.<\/p>\n<p class=\"sc-ksZaOG ehjQrN text-element\">Le s\u00e9nateur local John Hoffman, gravement bless\u00e9 par neuf balles et op\u00e9r\u00e9 \u00e0 de multiples reprises durant le week-end, \u00abavance vers la gu\u00e9rison\u00bb, a ajout\u00e9 Tim Walz dimanche soir. Le gouverneur a appel\u00e9 \u00e0 ce que \u00abcet acte odieux\u00bb ne \u00abdevienne pas la norme\u00bb. \u00abCela ne peut pas \u00eatre la mani\u00e8re de r\u00e9gler nos diff\u00e9rences politiques\u00bb, a ajout\u00e9 le d\u00e9mocrate, qui connaissait bien Melissa Hortman.<\/p>\n<p class=\"sc-ksZaOG ehjQrN text-element\">Cette attaque intervient dans une Am\u00e9rique toujours plus fractur\u00e9e, <a href=\"https:\/\/www.liberation.fr\/international\/amerique\/la-violence-ce-sont-eux-qui-lamenent-a-los-angeles-au-coeur-des-manifestations-pacifistes-contre-les-rafles-arbitraires-de-trump-20250613_SD6OR4G4LRE6VBFUBJUS3YSDDA\/\" target=\"_blank\" rel=\"noreferrer nofollow noopener\" title=\"https:\/\/www.liberation.fr\/international\/amerique\/la-violence-ce-sont-eux-qui-lamenent-a-los-angeles-au-coeur-des-manifestations-pacifistes-contre-les-rafles-arbitraires-de-trump-20250613_SD6OR4G4LRE6VBFUBJUS3YSDDA\/\">entre d\u00e9ploiement de soldats \u00e0 Los Angeles<\/a> pour r\u00e9primer les manifestations, parade militaire voulue par Donald Trump \u00e0 Washington et <a href=\"https:\/\/www.liberation.fr\/international\/amerique\/il-faut-imposer-des-limites-a-trump-aux-etats-unis-une-premiere-mobilisation-nationale-dampleur-contre-la-derive-autocratique-20250615_54NWHZMRJJCQ5AO5QHOJKFKSRM\/\" target=\"_blank\" rel=\"noreferrer nofollow noopener\" title=\"https:\/\/www.liberation.fr\/international\/amerique\/il-faut-imposer-des-limites-a-trump-aux-etats-unis-une-premiere-mobilisation-nationale-dampleur-contre-la-derive-autocratique-20250615_54NWHZMRJJCQ5AO5QHOJKFKSRM\/\">rassemblements contre lui \u00e0 travers le pays.<\/a><\/p>\n<p class=\"sc-ksZaOG ehjQrN text-element\"><b>Mise \u00e0 jour <\/b>\u00e0 7 h 55 avec davantage de contexte<\/p>\n","protected":false},"excerpt":{"rendered":"C\u2019est la fin d\u2019une cavale de deux jours pour un double meurtre politique. L\u2019information a d\u2019abord \u00e9t\u00e9 donn\u00e9e&hellip;\n","protected":false},"author":2,"featured_media":180284,"comment_status":"","ping_status":"","sticky":false,"template":"","format":"standard","meta":{"footnotes":""},"categories":[2],"tags":[11,75,73,1011,27,12,1203],"class_list":{"0":"post-180283","1":"post","2":"type-post","3":"status-publish","4":"format-standard","5":"has-post-thumbnail","7":"category-actualites","8":"tag-actualites","9":"tag-donald-trump","10":"tag-etats-unis","11":"tag-fr","12":"tag-france","13":"tag-news","14":"tag-parti-democrate"},"share_on_mastodon":{"url":"https:\/\/pubeurope.com\/@fr\/114691886678854925","error":""},"_links":{"self":[{"href":"https:\/\/www.europesays.com\/fr\/wp-json\/wp\/v2\/posts\/180283","targetHints":{"allow":["GET"]}}],"collection":[{"href":"https:\/\/www.europesays.com\/fr\/wp-json\/wp\/v2\/posts"}],"about":[{"href":"https:\/\/www.europesays.com\/fr\/wp-json\/wp\/v2\/types\/post"}],"author":[{"embeddable":true,"href":"https:\/\/www.europesays.com\/fr\/wp-json\/wp\/v2\/users\/2"}],"replies":[{"embeddable":true,"href":"https:\/\/www.europesays.com\/fr\/wp-json\/wp\/v2\/comments?post=180283"}],"version-history":[{"count":0,"href":"https:\/\/www.europesays.com\/fr\/wp-json\/wp\/v2\/posts\/180283\/revisions"}],"wp:featuredmedia":[{"embeddable":true,"href":"https:\/\/www.europesays.com\/fr\/wp-json\/wp\/v2\/media\/180284"}],"wp:attachment":[{"href":"https:\/\/www.europesays.com\/fr\/wp-json\/wp\/v2\/media?parent=180283"}],"wp:term":[{"taxonomy":"category","embeddable":true,"href":"https:\/\/www.europesays.com\/fr\/wp-json\/wp\/v2\/categories?post=180283"},{"taxonomy":"post_tag","embeddable":true,"href":"https:\/\/www.europesays.com\/fr\/wp-json\/wp\/v2\/tags?post=180283"}],"curies":[{"name":"wp","href":"https:\/\/api.w.org\/{rel}","templated":true}]}}